{"id":3204,"date":"2023-09-03T17:17:09","date_gmt":"2023-09-03T15:17:09","guid":{"rendered":"https:\/\/paroisses-nancy-sud.fr\/HOME\/?p=3204"},"modified":"2023-09-03T17:17:09","modified_gmt":"2023-09-03T15:17:09","slug":"priere-de-prier","status":"publish","type":"post","link":"https:\/\/paroisses-nancy-sud.fr\/HOME\/priere-de-prier\/","title":{"rendered":"Pri\u00e8re de prier"},"content":{"rendered":"\n<p><span style=\"color: #000000;\">\u00ab\u00a0Mais priez mes enfants Dieu vous exaucera en peu de temps. Mon Fils se laisse toucher\u00a0\u00bb, demandait la Vierge Marie \u00e0 Pontmain (Mayenne) en 1871.<\/span><\/p>\n<p><span style=\"color: #000000;\">En ce d\u00e9but d\u2019ann\u00e9e pastorale, les activit\u00e9s paroissiales habituelles recommencent. Il y a aussi des activit\u00e9s nouvelles, comme l&rsquo;\u00e9quipe Saint-Barnab\u00e9 pour les adultes qui reprennent le chemin de la foi. Merci \u00e0 tous ceux et toutes celles qui donnent de leur temps pour la cat\u00e9ch\u00e8se et la pastorale des jeunes, l\u2019ouverture et la propret\u00e9 des \u00e9glises, la pr\u00e9paration des c\u00e9l\u00e9brations, l&rsquo;accueil des familles endeuill\u00e9es, le service des pauvres et mille autres t\u00e2ches petites et grandes.<\/span><\/p>\n<p><span style=\"color: #000000;\">Cependant, peu importe les efforts que nous d\u00e9ployons dans nos apostolats, m\u00eame avec la meilleure volont\u00e9 du monde, tout cela est totalement vide et vain sans la pri\u00e8re.<\/span><\/p>\n<p><span style=\"color: #000000;\">La pri\u00e8re est \u00ab\u00a0l&rsquo;\u00e2me de tout apostolat\u00a0\u00bb, comme l&rsquo;appelait dom Jean-Baptiste Chautard, moine trappiste et abb\u00e9 de Sept-Fons au d\u00e9but du si\u00e8cle dernier. J\u00e9sus l&rsquo;avait d\u00e9j\u00e0 dit\u00a0: \u00ab\u00a0Moi, je suis la vigne, et vous, les sarments. Celui qui demeure en moi et en qui je demeure, celui-l\u00e0 porte beaucoup de fruit, car, en dehors de moi, vous ne pouvez rien faire (Jean\u00a015,5).\u00a0\u00bb Pour les pr\u00eatres aussi, le premier et principal engagement est la pri\u00e8re.<\/span><\/p>\n<p><span style=\"color: #000000;\">C\u2019est pourquoi nous avons besoin de vous tous (tous\u00a0! tous\u00a0! tous\u00a0!)<\/span><\/p>\n<p><span style=\"color: #000000;\">De passage dans les \u00e9glises, sur le chemin du travail ou depuis vos maisons, par le moyen du chapelet, de la louange ou de la pri\u00e8re du temps pr\u00e9sent, que vous soyez engag\u00e9 dans un apostolat ou que l&rsquo;\u00e2ge et la maladie vous en emp\u00eachent, toute la communaut\u00e9 chr\u00e9tienne compte sur vos pri\u00e8res.<\/span><\/p>\n<p><span style=\"color: #000000;\">Priez avec fid\u00e9lit\u00e9 et ferveur pour les activit\u00e9s paroissiales et pour les missions \u00e0 pourvoir, pour les baptis\u00e9s et les mari\u00e9s, pour les souffrants et pour les d\u00e9funts, pour les personnes qui confient leurs intentions dans nos \u00e9glises et celles qui n&rsquo;osent pas y entrer.<\/span><\/p>\n<p><span style=\"color: #000000;\">Nous comptons sur vous et nous prions pour vous.<\/span><\/p>\n<p style=\"text-align: right;\"><em><span style=\"color: #000000;\">Alexandre-Marie Valder, pr\u00eatre.<\/span><\/em><\/p>\n","protected":false},"excerpt":{"rendered":"<p>\u00ab\u00a0Mais priez mes enfants Dieu vous exaucera en peu de temps. Mon Fils se laisse toucher\u00a0\u00bb, demandait la Vierge Marie \u00e0 Pontmain (Mayenne) en 1871. En ce d\u00e9but d\u2019ann\u00e9e pastorale, les activit\u00e9s paroissiales habituelles recommencent. Il y a aussi des activit\u00e9s nouvelles, comme l&rsquo;\u00e9quipe Saint-Barnab\u00e9 pour les adultes qui reprennent le chemin de la foi.&hellip; <br \/> <a class=\"read-more\" href=\"https:\/\/paroisses-nancy-sud.fr\/HOME\/priere-de-prier\/\">Lire la suite<\/a><\/p>\n","protected":false},"author":9,"featured_media":529,"comment_status":"closed","ping_status":"open","sticky":false,"template":"","format":"standard","meta":[],"categories":[6],"tags":[],"acf":[],"_links":{"self":[{"href":"https:\/\/paroisses-nancy-sud.fr\/HOME\/wp-json\/wp\/v2\/posts\/3204"}],"collection":[{"href":"https:\/\/paroisses-nancy-sud.fr\/HOME\/wp-json\/wp\/v2\/posts"}],"about":[{"href":"https:\/\/paroisses-nancy-sud.fr\/HOME\/wp-json\/wp\/v2\/types\/post"}],"author":[{"embeddable":true,"href":"https:\/\/paroisses-nancy-sud.fr\/HOME\/wp-json\/wp\/v2\/users\/9"}],"replies":[{"embeddable":true,"href":"https:\/\/paroisses-nancy-sud.fr\/HOME\/wp-json\/wp\/v2\/comments?post=3204"}],"version-history":[{"count":1,"href":"https:\/\/paroisses-nancy-sud.fr\/HOME\/wp-json\/wp\/v2\/posts\/3204\/revisions"}],"predecessor-version":[{"id":3205,"href":"https:\/\/paroisses-nancy-sud.fr\/HOME\/wp-json\/wp\/v2\/posts\/3204\/revisions\/3205"}],"wp:featuredmedia":[{"embeddable":true,"href":"https:\/\/paroisses-nancy-sud.fr\/HOME\/wp-json\/wp\/v2\/media\/529"}],"wp:attachment":[{"href":"https:\/\/paroisses-nancy-sud.fr\/HOME\/wp-json\/wp\/v2\/media?parent=3204"}],"wp:term":[{"taxonomy":"category","embeddable":true,"href":"https:\/\/paroisses-nancy-sud.fr\/HOME\/wp-json\/wp\/v2\/categories?post=3204"},{"taxonomy":"post_tag","embeddable":true,"href":"https:\/\/paroisses-nancy-sud.fr\/HOME\/wp-json\/wp\/v2\/tags?post=3204"}],"curies":[{"name":"wp","href":"https:\/\/api.w.org\/{rel}","templated":true}]}}