{"id":3206,"date":"2023-09-03T17:25:47","date_gmt":"2023-09-03T15:25:47","guid":{"rendered":"https:\/\/paroisses-nancy-sud.fr\/HOME\/?p=3206"},"modified":"2023-09-03T17:26:30","modified_gmt":"2023-09-03T15:26:30","slug":"choisis-la-vie","status":"publish","type":"post","link":"https:\/\/paroisses-nancy-sud.fr\/HOME\/choisis-la-vie\/","title":{"rendered":"<strong>Choisis la vie<\/strong>"},"content":{"rendered":"\n<p><span style=\"color: #000000;\">\u00ab\u00a0Violence et d\u00e9vastation\u00a0!\u00a0\u00bb, \u00ab\u00a0Passe derri\u00e8re moi, Satan\u00a0!\u00a0\u00bb, \u00ab\u00a0Si quelqu&rsquo;un veut marcher \u00e0 ma suite, qu&rsquo;il prenne sa croix.\u00a0\u00bb\u00a0: le proph\u00e8te J\u00e9r\u00e9mie, comme le Seigneur J\u00e9sus, comme tous les hommes de Dieu, doivent parfois faire entendre des paroles d\u00e9sagr\u00e9ables. Dans tous les cas, l&rsquo;objectif est le m\u00eame\u00a0: appeler \u00e0 la conversion, \u00e0 un changement d&rsquo;attitude. En effet, la parole de Dieu de ce dimanche nous redit une parole de bon sens, une v\u00e9rit\u00e9 toute simple que beaucoup ont oubli\u00e9e\u00a0: tout ne se vaut pas.<\/span><\/p>\n<p><span style=\"color: #000000;\">Tout ne se vaut pas\u00a0: il y a des chemins qui m\u00e8nent \u00e0 la vie et d&rsquo;autres non. C&rsquo;est la raison pour laquelle saint Paul nous demande de \u00ab\u00a0discerner quelle est la volont\u00e9 de Dieu\u00a0: ce qui est bon, ce qui est capable de lui plaire, ce qui est parfait.\u00a0\u00bb Encore aujourd&rsquo;hui, le pape Fran\u00e7ois continue d&rsquo;encourager ceux qui suivent des chemins de vie et \u00e0 avertir ceux qui s&rsquo;en \u00e9cartent.<\/span><\/p>\n<p><span style=\"color: #000000;\">Au long des lectures de cette semaine, nous avons entendu J\u00e9sus avertir, et m\u00eame invectiver durement les scribes et pharisiens hypocrites. Aujourd&rsquo;hui, c&rsquo;est Pierre qu&rsquo;il reprend vertement\u00a0: \u00ab\u00a0Tes pens\u00e9es ne sont pas celles de Dieu, mais celles des hommes.\u00a0\u00bb C&rsquo;est bien que tout ne se vaut pas.<\/span><\/p>\n<p><span style=\"color: #000000;\">J&rsquo;ouvre une parenth\u00e8se\u00a0: ce n&rsquo;est pas parce que J\u00e9sus oppose les \u00ab\u00a0pens\u00e9es de Dieu\u00a0\u00bb et les \u00ab\u00a0pens\u00e9es des hommes\u00a0\u00bb que tout ce qui vient des hommes serait mauvais. Il y a d&rsquo;un c\u00f4t\u00e9 les pens\u00e9es des hommes attentifs \u00e0 Dieu, et d&rsquo;un autre c\u00f4t\u00e9 les pens\u00e9es des hommes qui vivent comme si Dieu n&rsquo;existait pas.<\/span><\/p>\n<p><span style=\"color: #000000;\">Fr\u00e8res et s\u0153urs, nous sommes invit\u00e9s aujourd&rsquo;hui au discernement, \u00e0 reconna\u00eetre la volont\u00e9 de Dieu dans nos vies, \u00e0 identifier quel choix me fait prendre un chemin de vie et quel choix non. Comment reconna\u00eetre la volont\u00e9 de Dieu\u00a0?<\/span><\/p>\n<p><span style=\"color: #000000;\">La volont\u00e9 de Dieu n&rsquo;est pas toujours ce qui est le plus agr\u00e9able ici et maintenant. Regardez J\u00e9r\u00e9mie qui se plaint car il doit affronter l&rsquo;insulte et la moquerie, et J\u00e9sus qui avertit que celui qui veut le suivre devra exp\u00e9rimenter la croix.<\/span><\/p>\n<p><span style=\"color: #000000;\">M\u00eame si la volont\u00e9 de Dieu n&rsquo;est pas ce qui est le plus agr\u00e9able ici et maintenant, nous savons cependant qu&rsquo;elle m\u00e8ne \u00e0 la vie v\u00e9ritable. Souvenons-nous\u00a0: lors de la crise sanitaire, certains ont donn\u00e9 trop d&rsquo;importance \u00e0 la sant\u00e9 physique par rapport \u00e0 la relation humaine. Cela partait d&rsquo;une bonne intention, mais cela a caus\u00e9 des d\u00e9g\u00e2ts \u00e0 long terme. Combien plus si l&rsquo;on privil\u00e9gie le bien-\u00eatre imm\u00e9diat par rapport \u00e0 la relation avec Dieu.<\/span><\/p>\n<p><span style=\"color: #000000;\">Suivre J\u00e9sus n&rsquo;est pas toujours agr\u00e9able, mais ne tombons pas non plus dans l&rsquo;exc\u00e8s inverse. Il y a des gens qui vivent comme si l&rsquo;option la plus p\u00e9nible \u00e9tait forc\u00e9ment la plus agr\u00e9able \u00e0 Dieu\u00a0; bien s\u00fbr que non\u00a0!<\/span><\/p>\n<p><span style=\"color: #000000;\">Lorsque nous sommes devant un choix, petit ou grand, la seule question \u00e0 se poser, c&rsquo;est\u00a0: qu&rsquo;est-ce que J\u00e9sus ferait \u00e0 ma place\u00a0? quel est le chemin de la vie v\u00e9ritable\u00a0? Discerner la volont\u00e9, c&rsquo;est toujours choisir la vie.<\/span><\/p>\n<p><span style=\"color: #000000;\">En effet, comme je le disais au d\u00e9but, nous savons bien que tout ne se vaut pas. En cette vie d\u00e9j\u00e0, faire le bien est le chemin le plus s\u00fbr de la joie. Dieu est joie\u00a0; celui qui, d\u00e8s aujourd&rsquo;hui, marche sur le chemin de Dieu go\u00fbte d\u00e9j\u00e0 quelque chose de la joie promise \u00e0 ceux que Dieu appelle aupr\u00e8s de lui.<\/span><\/p>\n<p><span style=\"color: #000000;\">Par ailleurs, il nous faut aussi entendre cette parole de J\u00e9sus\u00a0: \u00ab\u00a0Le Fils de l&rsquo;homme va venir avec ses anges dans la gloire de son P\u00e8re\u00a0; alors il rendra \u00e0 chacun selon sa conduite.\u00a0\u00bb Tout ne se vaut pas, et la valeur de nos choix de vie sera d\u00e9voil\u00e9e lorsque nous para\u00eetrons devant le Seigneur.<\/span><\/p>\n<p><span style=\"color: #000000;\">Cette perspective, nous ne devons ni en avoir peur, ni non plus nous en moquer. C&rsquo;est tout simplement une question de bon sens et de coh\u00e9rence.<\/span><\/p>\n<p><span style=\"color: #000000;\">Je vous propose une image. Imaginons que le Ciel ne soit qu&rsquo;un immense tournoi de football, un tournoi que nous passerions notre vie d&rsquo;aujourd&rsquo;hui \u00e0 pr\u00e9parer. Si quelqu&rsquo;un disait\u00a0: \u00ab\u00a0Je veux aller au Ciel, mais le foot n&rsquo;est pas ma priorit\u00e9 dans la vie. Je ne veux pas toucher un ballon de foot, ni aujourd&rsquo;hui, ni jamais.\u00a0\u00bb, que pourrait lui dire le Seigneur \u00e0 part\u00a0: \u00ab\u00a0Ta place n&rsquo;est pas ici, malheureusement.\u00a0\u00bb<\/span><\/p>\n<p><span style=\"color: #000000;\">La v\u00e9rit\u00e9, c&rsquo;est qu&rsquo;au Ciel, on ne fera rien d&rsquo;autre qu&rsquo;aimer Dieu et notre prochain. Celui qui, d\u00e8s aujourd&rsquo;hui, s&rsquo;exerce \u00e0 aimer, se pr\u00e9pare \u00e0 la vie \u00e9ternelle. Au contraire, que dira donc le Seigneur \u00e0 quelqu&rsquo;un qui aura v\u00e9cu sans tenir compte de Dieu ou du prochain\u00a0?<\/span><\/p>\n<p><span style=\"color: #000000;\">Fr\u00e8res et s\u0153urs, il y a quelques d\u00e9cennies, beaucoup de chr\u00e9tiens se laissaient porter par le courant. Aujourd&rsquo;hui, ce n&rsquo;est plus le cas. \u00c0 nous de peser nos choix quotidiens \u00e0 la balance de l&rsquo;amour de Dieu. Ce n&rsquo;est pas toujours facile, mais quelle\u00a0 aventure passionnante\u00a0!<\/span><\/p>\n<p><span style=\"color: #000000;\">Au fond, une seule question se pose : est-ce que je veux, oui ou non, attacher mes pas \u00e0 ceux de J\u00e9sus ?Concr\u00e8tement, cela revient \u00e0 ceci\u00a0: est-ce que je veux apprendre \u00e0 le conna\u00eetre, \u00e0 conna\u00eetre ce qu&rsquo;il aime, ce qui est bon \u00e0 ses yeux\u00a0? est-ce que je veux le rencontrer quotidiennement dans la pri\u00e8re\u00a0? est-ce que je veux lire et m\u00e9diter sa Parole\u00a0? est-ce que je veux aussi \u00e9couter la sagesse de l&rsquo;\u00c9glise lorsqu&rsquo;elle dessine le juste chemin du bonheur pour l&rsquo;\u00eatre humain\u00a0?<\/span><\/p>\n<p><span style=\"color: #000000;\">Discerner, cela demande de bien conna\u00eetre le Seigneur ET de bien se conna\u00eetre soi-m\u00eame. Dans ses cat\u00e9ch\u00e8ses sur le discernement, le pape Fran\u00e7ois nous invite \u00e0 d\u00e9brancher notre pilote automatique et \u00e0 pr\u00eater \u00e0 attention \u00e0 ce qui passe dans notre c\u0153ur, ce qui me rend joyeux ou triste, ce qui accro\u00eet ou diminue l&rsquo;amour en moi.<\/span><\/p>\n<p>\u00ab<span style=\"color: #000000;\">\u00a0Dieu nous invite \u00e0 \u00e9valuer et \u00e0 choisir, il nous a cr\u00e9\u00e9s libres et veut que nous exercions notre libert\u00e9 (pape Fran\u00e7ois).\u00a0\u00bb Tout ne se vaut pas\u00a0; choisis donc la vie\u00a0!<\/span><\/p>\n<p style=\"text-align: right;\"><em><span style=\"color: #000000;\">P\u00e8re Alexandre-Marie Valder, pr\u00eatre<\/span><\/em><\/p>\n","protected":false},"excerpt":{"rendered":"<p>\u00ab\u00a0Violence et d\u00e9vastation\u00a0!\u00a0\u00bb, \u00ab\u00a0Passe derri\u00e8re moi, Satan\u00a0!\u00a0\u00bb, \u00ab\u00a0Si quelqu&rsquo;un veut marcher \u00e0 ma suite, qu&rsquo;il prenne sa croix.\u00a0\u00bb\u00a0: le proph\u00e8te J\u00e9r\u00e9mie, comme le Seigneur J\u00e9sus, comme tous les hommes de Dieu, doivent parfois faire entendre des paroles d\u00e9sagr\u00e9ables. Dans tous les cas, l&rsquo;objectif est le m\u00eame\u00a0: appeler \u00e0 la conversion, \u00e0 un changement d&rsquo;attitude. En&hellip; <br \/> <a class=\"read-more\" href=\"https:\/\/paroisses-nancy-sud.fr\/HOME\/choisis-la-vie\/\">Lire la suite<\/a><\/p>\n","protected":false},"author":9,"featured_media":290,"comment_status":"closed","ping_status":"open","sticky":false,"template":"","format":"standard","meta":[],"categories":[9],"tags":[],"acf":[],"_links":{"self":[{"href":"https:\/\/paroisses-nancy-sud.fr\/HOME\/wp-json\/wp\/v2\/posts\/3206"}],"collection":[{"href":"https:\/\/paroisses-nancy-sud.fr\/HOME\/wp-json\/wp\/v2\/posts"}],"about":[{"href":"https:\/\/paroisses-nancy-sud.fr\/HOME\/wp-json\/wp\/v2\/types\/post"}],"author":[{"embeddable":true,"href":"https:\/\/paroisses-nancy-sud.fr\/HOME\/wp-json\/wp\/v2\/users\/9"}],"replies":[{"embeddable":true,"href":"https:\/\/paroisses-nancy-sud.fr\/HOME\/wp-json\/wp\/v2\/comments?post=3206"}],"version-history":[{"count":2,"href":"https:\/\/paroisses-nancy-sud.fr\/HOME\/wp-json\/wp\/v2\/posts\/3206\/revisions"}],"predecessor-version":[{"id":3208,"href":"https:\/\/paroisses-nancy-sud.fr\/HOME\/wp-json\/wp\/v2\/posts\/3206\/revisions\/3208"}],"wp:featuredmedia":[{"embeddable":true,"href":"https:\/\/paroisses-nancy-sud.fr\/HOME\/wp-json\/wp\/v2\/media\/290"}],"wp:attachment":[{"href":"https:\/\/paroisses-nancy-sud.fr\/HOME\/wp-json\/wp\/v2\/media?parent=3206"}],"wp:term":[{"taxonomy":"category","embeddable":true,"href":"https:\/\/paroisses-nancy-sud.fr\/HOME\/wp-json\/wp\/v2\/categories?post=3206"},{"taxonomy":"post_tag","embeddable":true,"href":"https:\/\/paroisses-nancy-sud.fr\/HOME\/wp-json\/wp\/v2\/tags?post=3206"}],"curies":[{"name":"wp","href":"https:\/\/api.w.org\/{rel}","templated":true}]}}