{"id":3215,"date":"2023-09-10T18:55:12","date_gmt":"2023-09-10T16:55:12","guid":{"rendered":"https:\/\/paroisses-nancy-sud.fr\/HOME\/?p=3215"},"modified":"2023-09-10T18:55:12","modified_gmt":"2023-09-10T16:55:12","slug":"annonces-de-la-visitation-du-10-septembre-2","status":"publish","type":"post","link":"https:\/\/paroisses-nancy-sud.fr\/HOME\/annonces-de-la-visitation-du-10-septembre-2\/","title":{"rendered":"Annonces de la Visitation du 10 septembre"},"content":{"rendered":"\n<p><span style=\"color: #000000;\"><strong><span style=\"text-decoration: underline;\">Mariage, bapt\u00eame:<\/span><br \/><\/strong><strong>Samedi 16 septembre : <\/strong>mariage \u00e0 Maizi\u00e8res de Thomas et Isabelle<\/span><br \/><span style=\"color: #000000;\"><strong>Dimanche 17 septembre: <\/strong>bapt\u00eame d\u2019\u00c9l\u00e9na<\/span><\/p>\n<p><span style=\"color: #000000;\">R\u00e9jouissons-nous et portons-les dans nos pri\u00e8res.<\/span><\/p>\n<ul>\n<li><span style=\"color: #000000;\"><strong> Le 11 et le 12 septembre, <\/strong><span style=\"text-decoration: underline;\">session de rentr\u00e9e dioc\u00e9saine<\/span> \u00e0 la maison de l\u2019Asn\u00e9e sur le th\u00e8me\u00a0: \u00ab\u00a0K\u00e9rygma, annonce du Christ Sauveur\u00a0\u00bb<\/span><br \/><span style=\"color: #000000;\">Le K\u00e9rygme est un terme qui d\u00e9signe le contenu essentiel de la foi en J\u00e9sus-Christ annonc\u00e9e et transmise par les premiers chr\u00e9tiens\u00a0: J\u00e9sus-Christ, Fils de Dieu est mort pour nos p\u00e9ch\u00e9s, est ressuscit\u00e9 et nous invite \u00e0 le suivre. C\u2019est le c\u0153ur de notre foi.<\/span><\/li>\n<li><span style=\"color: #000000;\"><strong><span style=\"text-decoration: underline;\"> Pensez \u00e0 la rentr\u00e9e et inscrivez vos enfants au cat\u00e9chisme !<\/span><br \/><\/strong>\u00c0 partir du CE2, les enfants d\u00e9butent la cat\u00e9ch\u00e8se (avant le CE2, c\u2019est l\u2019\u00e9veil \u00e0 la foi).<\/span><br \/><span style=\"color: #000000;\">La cat\u00e9ch\u00e8se se compose de :<\/span><\/li>\n<\/ul>\n<p><span style=\"color: #000000;\">* La messe des familles mensuelle : cette messe est organis\u00e9e pour et par les enfants qui sont partie prenante de la liturgie, notamment en assurant les lectures.<\/span><br \/><span style=\"color: #000000;\">* Les s\u00e9ances de cat\u00e9chisme : il y a une douzaine de rencontres dans l\u2019ann\u00e9e. Les horaires sont d\u00e9finis en d\u00e9but d\u2019ann\u00e9e, en fonction des disponibilit\u00e9s des enfants et des parents.<\/span><br \/><span style=\"color: #000000;\">* Les temps-forts : pour vivre les moments phares de l\u2019ann\u00e9e (avant No\u00ebl, avant P\u00e2ques) ou pour pr\u00e9parer les sacrements et f\u00eates (sacrement de r\u00e9conciliation, 1\u00e8re communion, profession de foi).<\/span><\/p>\n<p><span style=\"color: #000000;\">Formulaire d\u2019inscription accessible depuis <a style=\"color: #000000;\" href=\"https:\/\/paroisses-nancy-sud.fr\/HOME\/catechisme\/\">le site<\/a> ou \u00e0 la maison paroissiale.<\/span><br \/><span style=\"color: #000000;\">Ce document est \u00e0 envoyer \u00e0 <a style=\"color: #000000;\" href=\"mailto:cate@paroisses-nancy-sud.fr\">cate@paroisses-nancy-sud.fr<\/a> ou \u00e0 remettre au secr\u00e9tariat<\/span><br \/><span style=\"color: #000000;\">Vous serez ensuite contact\u00e9s par un(e) cat\u00e9chiste.\u00a0<\/span><\/p>\n<ul>\n<li><span style=\"color: #000000;\"><strong><span style=\"text-decoration: underline;\"> R\u00e9unions de rentr\u00e9e des parents des enfants du cat\u00e9 : maison paroissiale de Ludres \u00e0 20h30.<\/span><br \/><\/strong><em style=\"font-size: revert;\">Mardi 5 septembre r\u00e9union parents 2<sup>\u00e8me<\/sup> ann\u00e9e cat\u00e9<br \/><\/em>Mardi 12 septembre r\u00e9union des parents 3<sup>\u00e8me\u00a0<\/sup><span style=\"font-size: revert;\">ann\u00e9e cat\u00e9<br \/><\/span>Mardi 19 septembre r\u00e9union des parents 1<sup>\u00e8re<\/sup><span style=\"font-size: revert;\">\u00a0ann\u00e9e cat\u00e9<\/span><\/span><\/li>\n<\/ul>\n<ul>\n<li><span style=\"text-decoration: underline; color: #000000;\"><strong> Rentr\u00e9e et inscription au groupe scouts d\u2019Europe 3<sup>\u00e8me<\/sup> Nancy<\/strong><\/span><br \/><span style=\"color: #000000;\">L\u2019Association des Guides et Scouts d\u2019Europe est un mouvement de scoutisme catholique permettant d\u2019offrir \u00e0 des jeunes de 8 \u00e0 12 ans (louveteaux), de 12 \u00e0 17 ans (scouts) ou de 17 \u00e0 19 ans (routiers) des activit\u00e9s de plein air, afin de d\u00e9velopper leur sens du civisme, leur solidarit\u00e9 et leur autonomie en grandissant dans la foi chr\u00e9tienne. <em>Renseignements au fond de l\u2019\u00e9glise, affiche et flyers.<\/em><\/span><\/li>\n<li><span style=\"color: #000000;\"><strong><span style=\"text-decoration: underline;\"> Les journ\u00e9es du patrimoine dans nos \u00e9glises : samedi 16 et dimanche 17 septembre<\/span><br \/><\/strong><strong style=\"font-size: revert;\">&#8211; Frolois,<\/strong><span style=\"font-size: revert;\"> d\u00e9couvrez le programme, <\/span><em style=\"font-size: revert;\">affiche et flyers \u00e0 disposition au fonds de l\u2019\u00e9glise.<br \/><\/em>Visite guid\u00e9e de l\u2019\u00e9glise et des vitraux, concert ch\u0153ur d\u2019hommes, \u00e0 la d\u00e9couverte de Saint Martin.<\/span><br \/><span style=\"color: #000000;\"><strong style=\"font-size: revert;\">&#8211; Neuves-Maisons<\/strong><span style=\"font-size: revert;\">, exposition-visite et ouverture de l\u2019\u00e9glise durant le week-end<\/span><\/span><\/li>\n<\/ul>\n<p><span style=\"color: #000000;\"><span style=\"text-decoration: underline;\"><strong>Messes \u00e0 la Visitation<br \/><\/strong><\/span>Samedi \u00e0 18h00\u00a0: reprise des messes le 16 septembre \u00e0 Chavigny.<\/span><br \/><span style=\"color: #000000;\">Dimanche 17 septembre \u00e0 10h00 \u00e0 Frolois et \u00e0 10h30\u00a0: Neuves-Maisons.<\/span><\/p>\n<p><span style=\"color: #000000;\"><span style=\"text-decoration: underline;\"><strong>Messes en semaine.<em>\u00a0<br \/><\/em><\/strong><\/span>Jeudi\u00a0: adoration \u00e0 16h00 et messe \u00e0 16h30 \u00e0 la chapelle.<\/span><br \/><span style=\"color: #000000;\">Vendredi\u00a0: messe \u00e0 08h20 chez les s\u0153urs \u00e0 Bainville, 67 rue Jacques Callot.<\/span><\/p>\n<p><span style=\"color: #000000;\"><u><strong>Permanences<\/strong> <strong>\u00e0 la maison paroissiale<\/strong> :<\/u> <\/span><br \/><span style=\"color: #000000;\">Mardi de 14h \u00e0 16h30 et Samedi de 9h30 \u00e0 11h30<\/span><br \/><span style=\"color: #000000;\">tel : 03 83 47 25 54 \u2013 <em><strong>adresse mail<\/strong><\/em><strong> : <\/strong><a style=\"color: #000000;\" href=\"mailto:visitationmm@orange.fr\">visitationmm@orange.fr<\/a>\u00a0 <\/span><br \/><span style=\"color: #000000;\">Horaires des messes :\u00a0 <a style=\"color: #000000;\" href=\"https:\/\/messes.info\/\">messesinfo<\/a><em> (cliquer sur le lien)<\/em><\/span><\/p>\n","protected":false},"excerpt":{"rendered":"<p>Mariage, bapt\u00eame:Samedi 16 septembre : mariage \u00e0 Maizi\u00e8res de Thomas et IsabelleDimanche 17 septembre: bapt\u00eame d\u2019\u00c9l\u00e9na R\u00e9jouissons-nous et portons-les dans nos pri\u00e8res. Le 11 et le 12 septembre, session de rentr\u00e9e dioc\u00e9saine \u00e0 la maison de l\u2019Asn\u00e9e sur le th\u00e8me\u00a0: \u00ab\u00a0K\u00e9rygma, annonce du Christ Sauveur\u00a0\u00bbLe K\u00e9rygme est un terme qui d\u00e9signe le contenu essentiel de&hellip; <br \/> <a class=\"read-more\" href=\"https:\/\/paroisses-nancy-sud.fr\/HOME\/annonces-de-la-visitation-du-10-septembre-2\/\">Lire la suite<\/a><\/p>\n","protected":false},"author":5,"featured_media":471,"comment_status":"closed","ping_status":"open","sticky":false,"template":"","format":"standard","meta":[],"categories":[10],"tags":[],"acf":[],"_links":{"self":[{"href":"https:\/\/paroisses-nancy-sud.fr\/HOME\/wp-json\/wp\/v2\/posts\/3215"}],"collection":[{"href":"https:\/\/paroisses-nancy-sud.fr\/HOME\/wp-json\/wp\/v2\/posts"}],"about":[{"href":"https:\/\/paroisses-nancy-sud.fr\/HOME\/wp-json\/wp\/v2\/types\/post"}],"author":[{"embeddable":true,"href":"https:\/\/paroisses-nancy-sud.fr\/HOME\/wp-json\/wp\/v2\/users\/5"}],"replies":[{"embeddable":true,"href":"https:\/\/paroisses-nancy-sud.fr\/HOME\/wp-json\/wp\/v2\/comments?post=3215"}],"version-history":[{"count":1,"href":"https:\/\/paroisses-nancy-sud.fr\/HOME\/wp-json\/wp\/v2\/posts\/3215\/revisions"}],"predecessor-version":[{"id":3216,"href":"https:\/\/paroisses-nancy-sud.fr\/HOME\/wp-json\/wp\/v2\/posts\/3215\/revisions\/3216"}],"wp:featuredmedia":[{"embeddable":true,"href":"https:\/\/paroisses-nancy-sud.fr\/HOME\/wp-json\/wp\/v2\/media\/471"}],"wp:attachment":[{"href":"https:\/\/paroisses-nancy-sud.fr\/HOME\/wp-json\/wp\/v2\/media?parent=3215"}],"wp:term":[{"taxonomy":"category","embeddable":true,"href":"https:\/\/paroisses-nancy-sud.fr\/HOME\/wp-json\/wp\/v2\/categories?post=3215"},{"taxonomy":"post_tag","embeddable":true,"href":"https:\/\/paroisses-nancy-sud.fr\/HOME\/wp-json\/wp\/v2\/tags?post=3215"}],"curies":[{"name":"wp","href":"https:\/\/api.w.org\/{rel}","templated":true}]}}