{"id":3218,"date":"2023-09-10T19:12:38","date_gmt":"2023-09-10T17:12:38","guid":{"rendered":"https:\/\/paroisses-nancy-sud.fr\/HOME\/?p=3218"},"modified":"2023-09-10T19:12:38","modified_gmt":"2023-09-10T17:12:38","slug":"annonces-saint-francois-de-sales-et-sainte-jeanne-de-chantal-du-10-septembre","status":"publish","type":"post","link":"https:\/\/paroisses-nancy-sud.fr\/HOME\/annonces-saint-francois-de-sales-et-sainte-jeanne-de-chantal-du-10-septembre\/","title":{"rendered":"Annonces Saint-Fran\u00e7ois-de-Sales et Sainte-Jeanne-de-Chantal du 10 septembre"},"content":{"rendered":"\n<p><span style=\"color: #000000;\"><span style=\"text-decoration: underline;\"><strong>Mariages, Bapt\u00eames<br \/><\/strong><\/span><strong>Le samedi 8 septembre, \u00e0 Richardm\u00e9nil, mariage <\/strong>de Lisa et Timoth\u00e9e , et <strong>le 16 septembre \u00e0 Jarville mariage <\/strong>de Marianne et S\u00e9bastien\u00a0<\/span><\/p>\n<p><span style=\"color: #000000;\"><strong>Le dimanche<\/strong> <strong>9 septembre \u00e0 Flavigny, bapt\u00eame <\/strong>de Jules. <strong>Le dimanche 17 septembre<\/strong> bapt\u00eames de El\u00e9anore et de Mano\u00e9 <strong>\u00e0 Ludres<\/strong> et de Eliott \u00e0 Jarville.<\/span><\/p>\n<p><span style=\"color: #000000;\"><em>Nous nous r\u00e9jouissons, pour ces jeunes adultes et enfant et les portons dans notre pri\u00e8re.<\/em><\/span><\/p>\n<p><span style=\"color: #000000;\"><span style=\"text-decoration: underline;\"><strong>Table ouverte du 2<sup>\u00e8me<\/sup> dimanche du mois \u00e0 Jarville\u00a0<br \/><\/strong><\/span><strong>Ce dimanche 10 septembre, la table ouverte red\u00e9marre\u00a0! Rendez-vous \u00e0 midi dans les salles paroissiales de Jarville pour un moment de repas partag\u00e9 dans une ambiance conviviale et fraternelle. Chacun apporte un plat sal\u00e9 ou sucr\u00e9, ou une boisson, fromage .. \u00a0<\/strong><\/span><\/p>\n<p><span style=\"color: #000000;\"><span style=\"text-decoration: underline;\"><strong>Pensez \u00e0 la rentr\u00e9e et inscrivez vos enfants au cat\u00e9chisme\u00a0!<br \/><\/strong><\/span>A partir du CE2, les enfants d\u00e9butent la cat\u00e9ch\u00e8se (avant le CE2, c\u2019est l\u2019\u00e9veil \u00e0 la foi).<\/span><br \/><span style=\"color: #000000;\"><strong>La cat\u00e9ch\u00e8se se compose de<\/strong>\u00a0:<\/span><br \/><span style=\"color: #000000;\"><u>* La messe du dimanche et plus sp\u00e9cialement la messe des familles mensuelle<br \/><\/u><span style=\"font-size: revert;\">* <\/span><u style=\"font-size: revert;\">Les s\u00e9ances de cat\u00e9chisme<\/u><span style=\"font-size: revert;\"> : il y a une douzaine de rencontres dans l\u2019ann\u00e9e. Les horaires sont d\u00e9finis en d\u00e9but d\u2019ann\u00e9e, en fonction des disponibilit\u00e9s des enfants et des parents.<br \/><\/span><u>* Les temps-forts<\/u> : pour vivre les moments phares de l\u2019ann\u00e9e (avant No\u00ebl, avant P\u00e2ques) ou pour pr\u00e9parer les sacrements et f\u00eates (sacrement de r\u00e9conciliation, premi\u00e8re communion, profession de foi).<\/span><\/p>\n<p><span style=\"color: #000000;\"><strong>L\u2019inscription <\/strong>se fait \u00e0 l\u2019aide d\u2019un formulaire accessible depuis ce site\u00a0<em>(rubrique grandir dans la foi)<\/em>\u00a0ou \u00e0 la maison paroissiale. Une fois rempli, ce document est \u00e0 envoyer \u00e0\u00a0<a style=\"color: #000000;\" href=\"mailto:cate@paroisses-nancy-sud.fr\">cate@paroisses-nancy-sud.fr<\/a>\u00a0ou \u00e0 remettre au secr\u00e9tariat. Vous serez ensuite contact\u00e9s par un(e) cat\u00e9chiste.\u00a0<\/span><\/p>\n<p><span style=\"color: #000000;\"><strong>Les r\u00e9unions de rentr\u00e9e des parents des enfants du cat\u00e9 se font \u00e0 la maison paroissiale de Ludres \u00e0 20h30.<br \/><\/strong>* <strong>Mardi 12 septembre<\/strong> r\u00e9union des parents 3<sup>\u00e8me\u00a0<\/sup>ann\u00e9e et 4<sup>\u00e8me<\/sup> cat\u00e9<\/span><br \/><span style=\"color: #000000;\"><strong>* Mardi 19 septembre<\/strong> r\u00e9union des parents 1<sup>\u00e8re<\/sup>\u00a0ann\u00e9e cat\u00e9<\/span><br \/><span style=\"color: #000000;\"><strong>Les 5<sup>\u00e8mes<\/sup> ann\u00e9es<\/strong> seront contact\u00e9s individuellement.<\/span><\/p>\n<p><span style=\"color: #000000;\"><strong>La premi\u00e8re messe des familles<\/strong>, <strong>et rentr\u00e9e des enfants du cat\u00e9chisme<\/strong> <strong>se<\/strong> <strong>fera \u00e0 Jarville le dimanche 24 septembre 2023. <\/strong><\/span><\/p>\n<p><span style=\"color: #000000;\"><span style=\"text-decoration: underline;\"><strong>Messes de rentr\u00e9e de nos paroisses\u00a0<br \/><\/strong><\/span><strong>\u00a0&#8211; Le dimanche 10 septembre rentr\u00e9e de la paroisse de la Visitation \u00e0 Neuves-Maisons<br \/><\/strong><strong>\u00a0&#8211; Le dimanche 17 septembre rentr\u00e9e de la paroisse Sainte Jeanne de Chantal \u00e0 Ludres avec un ap\u00e9ritif, un repas partag\u00e9 et la visite de l\u2019\u00e9glise de Ludres \u00e0 15h avec la participation du Cercle d\u2019histoire locale.<br \/><\/strong><strong>\u00a0&#8211; Le dimanche 24 septembre rentr\u00e9e de la paroisse Saint Fran\u00e7ois de Sales et rentr\u00e9e des enfants et des familles du cat\u00e9, \u00e0 Jarville : b\u00e9n\u00e9diction des cartables et des sacs des petits et des grands.<\/strong><\/span><\/p>\n<p><span style=\"color: #000000;\"><span style=\"text-decoration: underline;\"><strong>Horaires des messes dominicales des 16 et 17 septembre 2023\u00a0<br \/><\/strong><\/span><strong>Samedi 16 septembre : 18h <\/strong>Heillecourt, Laneuveville, Chavigny<\/span><br \/><span style=\"color: #000000;\"><strong>Dimanche 17 septembre : 10h <\/strong>Frolois<strong> \u00a0\u00a0\u00a0\u00a0\u00a0\u00a0\u00a0\u00a0\u00a010h30<\/strong> Jarville, Neuves- Maisons\u00a0\u00a0\u00a0\u00a0\u00a0\u00a0\u00a0\u00a0\u00a0\u00a0\u00a0\u00a0\u00a0 <strong>11h <\/strong>Ludres<\/span><strong><span style=\"color: #000000;\">\u00a0\u00a0\u00a0<\/span>\u00a0\u00a0\u00a0\u00a0\u00a0\u00a0\u00a0\u00a0\u00a0\u00a0\u00a0\u00a0\u00a0\u00a0\u00a0\u00a0\u00a0\u00a0\u00a0\u00a0\u00a0\u00a0\u00a0\u00a0\u00a0\u00a0\u00a0\u00a0\u00a0\u00a0 \u00a0\u00a0\u00a0\u00a0\u00a0\u00a0\u00a0<\/strong><\/p>\n<p><span style=\"color: #000000;\"><span style=\"text-decoration: underline;\"><strong>Suggestion de lectures<br \/><\/strong><\/span><strong style=\"font-size: revert;\"><em>Le mal \u00e0 l\u2019\u00e2me, <\/em><\/strong><strong style=\"font-size: revert;\">l\u2019ac\u00e9die de la m\u00e9lancolie \u00e0 la joie, <\/strong><strong style=\"font-size: revert;\">de Alexandra Puppinck Bortoli. Edition du Cerf.<br \/><\/strong><strong><em>Ils voulaient mourir<\/em><\/strong><strong>, ils ont \u00e9clair\u00e9 ma vie, <\/strong><strong>de Eric Lestage pr\u00eatre engag\u00e9 dans la pr\u00e9vention du suicide.\u00a0 Editions Salvator.<\/strong><\/span><\/p>\n<p><span style=\"color: #000000;\"><span style=\"text-decoration: underline;\"><strong>Groupe \u2018\u2019Prions en quartier\u2019\u2019<br \/><\/strong><\/span><strong style=\"font-size: revert;\">Un groupe d\u00e9marre \u00e0 Jarville autour de l\u2019encyclique du Pape Fran\u00e7ois, \u2018\u2019Laudato Si\u2019\u2019, et d\u2019un temps de pri\u00e8re, une fois par mois. <br \/>Un 2<sup>\u00e8me<\/sup> groupe est en train de se constituer, s\u2019adresser \u00e0 Chantal Marchand 06 59 72 55 71.<\/strong><\/span><\/p>\n<p><span style=\"color: #000000;\"><span style=\"text-decoration: underline;\"><strong>Temps fort pour les Confirmands :<br \/><\/strong><\/span><strong>Le samedi 16 septembre, rencontre pour les confirmands pour leur 4<sup>\u00e8me<\/sup> temps fort de pr\u00e9paration \u00e0 la confirmation\u00a0: Les confirmands de Nancy-Sud, Nancy-Ouest et de La Malgrange se retrouvent \u00e0 Sainte Th\u00e9r\u00e8se de Villers \u00e0 13h45. Les signes et symboles de la Confirmation, r\u00e9ception de la lettre adress\u00e9e par chaque jeune \u00e0 notre \u00e9v\u00eaque, sacrement du pardon, messe. <\/strong><\/span><\/p>\n<p><span style=\"color: #000000;\"><span style=\"text-decoration: underline;\"><strong>Rentr\u00e9e des jeunes\u00a0: AJC <em>(\u2018\u2019Aujourd\u2019hui Je Commence\u2019\u2019)<br \/><\/em><\/strong><\/span><strong>Le vendredi 22 septembre, les jeunes de 4<sup>\u00e8mes<\/sup>-3<sup>\u00e8mes<\/sup> et lyc\u00e9e se retrouveront \u00e0 19h30 \u00e0 Jarville pour d\u00e9marrer leur ann\u00e9e\u00a0: pri\u00e8re, pizza, exp\u00e9rience des JMJ&#8230; Bienvenue aux \u2018\u2019petits nouveaux de 4<sup>\u00e8mes <\/sup>\u2019\u2019 et bonnes retrouvailles aux plus \u00e2g\u00e9s !<br \/><\/strong><strong style=\"font-size: revert;\">Les rencontres seront plac\u00e9es sous le signe de l\u2019int\u00e9riorit\u00e9 et de la pri\u00e8re. Les rencontres se feront alternativement \u00e0 Jarville, Ludres et Neuves-Maisons.<br \/><\/strong><strong>Le parcours vers la confirmation sera propos\u00e9 aux 4<sup>\u00e8mes<\/sup>. Contacter Alexandre-Marie Valder, <\/strong><a style=\"color: #000000;\" href=\"mailto:amvalder@lilo.org\">amvalder@lilo.org<\/a><\/span><\/p>\n<p><span style=\"color: #000000;\"><span style=\"text-decoration: underline;\"><strong>La Toussaint \u00e0 Taiz\u00e9 pour les lyc\u00e9ens<br \/><\/strong><\/span>Quelques milliers de lyc\u00e9ens fran\u00e7ais se retrouvent chaque ann\u00e9e \u00e0 Taiz\u00e9 (Sa\u00f4ne et Loire) autour de la Toussaint (cf. <a style=\"color: #000000;\" href=\"http:\/\/taize.fr\">taize.fr<\/a>). Nous allons constituer un bus pour participer \u00e0 cette rencontre. D\u00e9part pr\u00e9vu le <strong>30 octobre en matin\u00e9e et retour le 3 novembre dans l\u2019apr\u00e8s-midi<\/strong>. La participation est estim\u00e9e \u00e0 80\u20ac. Pour en savoir plus et \u00eatre tenu inform\u00e9, contacter : P. Alexandre-Marie <a style=\"color: #000000;\" href=\"mailto:amvalder@lilo.org\">amvalder@lilo.org<\/a><\/span><\/p>\n<p><span style=\"color: #000000;\"><span style=\"text-decoration: underline;\"><strong>Journ\u00e9es europ\u00e9ennes du patrimoine<br \/><\/strong><\/span><strong>\u00a0&#8211; A l\u2018\u00e9glise de Jarville<\/strong>, <strong>le dimanche 17 septembre, de 14h \u00e0 17h<\/strong> d\u00e9couvrez \u2018\u2019les vitraux qui parlent\u2019\u2019\u00a0: chaque vitrail m\u00e9rite une observation attentive\u00a0; des b\u00e9n\u00e9voles de l\u2019Association \u2018\u2019Sacr\u00e9-C\u0153ur de Jarville\u2019\u2019, vous proposeront explications, commentaires et interpr\u00e9tation. Un livret de pr\u00e9sentation sera propos\u00e9 \u00e0 la vente au prix de 5 euros.<\/span><br \/><span style=\"color: #000000;\"><strong>\u00a0&#8211; A Ludres, visite comment\u00e9e de l\u2019\u00e9glise \u00e0 15h<\/strong> avec le cercle d\u2019histoire locale de Ludres.<\/span><br \/><span style=\"color: #000000;\"><strong>\u00a0&#8211; A Neuves-Maisons, \u00e0 l\u2019\u00e9glise<\/strong>, exposition de photos anciennes de 10h \u00e0 12h et de 14h \u00e0 16h samedi et dimanche\u00a0;<strong> \u00e0 l\u2019\u00e9glise de Frolois <\/strong>visite guid\u00e9e samedi \u00e0 14h30, ch\u0153ur d\u2019hommes \u00e0 16h et histoire et l\u00e9gende de Saint Martin, dimanche \u00e0 16h.<\/span><\/p>\n<p><span style=\"color: #000000;\"><span style=\"text-decoration: underline;\"><strong>autres annonces<br \/><\/strong><\/span><strong>\u00a0&#8211; Session de rentr\u00e9e dioc\u00e9saine pour les acteurs pastoraux<br \/><\/strong><strong>Les lundi 11 septembre et mardi 12 septembre <\/strong>les acteurs pastoraux se retrouvent autour de Mgr Pierre-Yves MICHEL au domaine de l\u2019Asn\u00e9e, sur le th\u00e8me de <em>Kerigma, <\/em>d\u00e9marche nationale qui cherche \u00e0 mettre en valeur l\u2019annonce du Christ Sauveur, pour la rentr\u00e9e dioc\u00e9saine.<\/span><br \/><span style=\"color: #000000;\"><strong>\u00a0&#8211; Temps pour la cr\u00e9ation 2023 : Du 1<sup>er<\/sup> septembre au 4 octobre.<br \/><\/strong>\u00a0Pendant le Temps pour la Cr\u00e9ation, nous nous joignons \u00e0 nos fr\u00e8res et s\u0153urs de la famille\u00a0\u0153cum\u00e9nique en priant et en agissant pour notre maison commune.<\/span><\/p>\n","protected":false},"excerpt":{"rendered":"<p>Mariages, Bapt\u00eamesLe samedi 8 septembre, \u00e0 Richardm\u00e9nil, mariage de Lisa et Timoth\u00e9e , et le 16 septembre \u00e0 Jarville mariage de Marianne et S\u00e9bastien\u00a0 Le dimanche 9 septembre \u00e0 Flavigny, bapt\u00eame de Jules. Le dimanche 17 septembre bapt\u00eames de El\u00e9anore et de Mano\u00e9 \u00e0 Ludres et de Eliott \u00e0 Jarville. Nous nous r\u00e9jouissons, pour ces&hellip; <br \/> <a class=\"read-more\" href=\"https:\/\/paroisses-nancy-sud.fr\/HOME\/annonces-saint-francois-de-sales-et-sainte-jeanne-de-chantal-du-10-septembre\/\">Lire la suite<\/a><\/p>\n","protected":false},"author":5,"featured_media":2464,"comment_status":"closed","ping_status":"open","sticky":false,"template":"","format":"standard","meta":[],"categories":[7],"tags":[],"acf":[],"_links":{"self":[{"href":"https:\/\/paroisses-nancy-sud.fr\/HOME\/wp-json\/wp\/v2\/posts\/3218"}],"collection":[{"href":"https:\/\/paroisses-nancy-sud.fr\/HOME\/wp-json\/wp\/v2\/posts"}],"about":[{"href":"https:\/\/paroisses-nancy-sud.fr\/HOME\/wp-json\/wp\/v2\/types\/post"}],"author":[{"embeddable":true,"href":"https:\/\/paroisses-nancy-sud.fr\/HOME\/wp-json\/wp\/v2\/users\/5"}],"replies":[{"embeddable":true,"href":"https:\/\/paroisses-nancy-sud.fr\/HOME\/wp-json\/wp\/v2\/comments?post=3218"}],"version-history":[{"count":1,"href":"https:\/\/paroisses-nancy-sud.fr\/HOME\/wp-json\/wp\/v2\/posts\/3218\/revisions"}],"predecessor-version":[{"id":3219,"href":"https:\/\/paroisses-nancy-sud.fr\/HOME\/wp-json\/wp\/v2\/posts\/3218\/revisions\/3219"}],"wp:featuredmedia":[{"embeddable":true,"href":"https:\/\/paroisses-nancy-sud.fr\/HOME\/wp-json\/wp\/v2\/media\/2464"}],"wp:attachment":[{"href":"https:\/\/paroisses-nancy-sud.fr\/HOME\/wp-json\/wp\/v2\/media?parent=3218"}],"wp:term":[{"taxonomy":"category","embeddable":true,"href":"https:\/\/paroisses-nancy-sud.fr\/HOME\/wp-json\/wp\/v2\/categories?post=3218"},{"taxonomy":"post_tag","embeddable":true,"href":"https:\/\/paroisses-nancy-sud.fr\/HOME\/wp-json\/wp\/v2\/tags?post=3218"}],"curies":[{"name":"wp","href":"https:\/\/api.w.org\/{rel}","templated":true}]}}