{"id":3231,"date":"2023-09-16T19:10:21","date_gmt":"2023-09-16T17:10:21","guid":{"rendered":"https:\/\/paroisses-nancy-sud.fr\/HOME\/?p=3231"},"modified":"2023-09-16T19:10:21","modified_gmt":"2023-09-16T17:10:21","slug":"annonces-de-la-visitation-du-17-septembre","status":"publish","type":"post","link":"https:\/\/paroisses-nancy-sud.fr\/HOME\/annonces-de-la-visitation-du-17-septembre\/","title":{"rendered":"Annonces de la visitation du 17 septembre"},"content":{"rendered":"\n<p><span style=\"color: #000000;\"><strong><span style=\"text-decoration: underline;\">Dimanche 24 septembre<\/span>: <\/strong>bapt\u00eames de Nino, Rapha\u00ebl et Jean.<\/span><\/p>\n<p><em><span style=\"color: #000000;\">R\u00e9jouissons nous pour ces enfants et leurs parents et portons l\u00e8s dans nos pri\u00e8res.<\/span><\/em><\/p>\n<p><span style=\"color: #000000;\"><span style=\"text-decoration: underline;\"><strong>Vente des calendriers<\/strong>,<\/span> au fond de l\u2019\u00e9glise au prix de 4 euros<\/span><\/p>\n<p><strong><span style=\"text-decoration: underline;\">\u00a0<span style=\"color: #000000; text-decoration: underline;\">Pensez \u00e0 la rentr\u00e9e et inscrivez vos enfants au cat\u00e9chisme\u00a0<\/span><\/span><span style=\"color: #000000;\">!<\/span><\/strong><\/p>\n<p><span style=\"color: #000000;\">\u00c0 partir du CE2, les enfants d\u00e9butent la cat\u00e9ch\u00e8se (avant le CE2, c\u2019est l\u2019\u00e9veil \u00e0 la foi).<\/span><br \/><span style=\"color: #000000;\">La cat\u00e9ch\u00e8se se compose de\u00a0:<\/span><br \/><span style=\"color: #000000;\">* La messe des familles mensuelle : cette messe est organis\u00e9e pour et par les enfants qui sont partie prenante de la liturgie, notamment en assurant les lectures.<\/span><br \/><span style=\"color: #000000;\">* Les s\u00e9ances de cat\u00e9chisme : il y a une douzaine de rencontres dans l\u2019ann\u00e9e. Les horaires sont d\u00e9finis en d\u00e9but d\u2019ann\u00e9e, en fonction des disponibilit\u00e9s des enfants et des parents.<\/span><br \/><span style=\"color: #000000;\">* Les temps-forts : pour vivre les moments phares de l\u2019ann\u00e9e (avant No\u00ebl, avant P\u00e2ques) ou pour pr\u00e9parer les sacrements et f\u00eates (sacrement de r\u00e9conciliation, 1\u00e8re communion, profession de foi).<\/span><\/p>\n<p><span style=\"color: #000000;\">Formulaire d\u2019inscription accessible depuis <a style=\"color: #000000;\" href=\"https:\/\/paroisses-nancy-sud.fr\/HOME\/catechisme\/\">ce site<\/a> ou \u00e0 la maison paroissiale.<\/span><br \/><span style=\"color: #000000;\">Ce document est \u00e0 envoyer \u00e0 <a style=\"color: #000000;\" href=\"mailto:cate@paroisses-nancy-sud.fr\">cate@paroisses-nancy-sud.fr<\/a> ou \u00e0 remettre au secr\u00e9tariat<\/span><br \/><span style=\"color: #000000;\">Vous serez ensuite contact\u00e9s par un(e) cat\u00e9chiste. <\/span><\/p>\n<p><span style=\"color: #000000;\"><strong><span style=\"text-decoration: underline;\">R\u00e9unions de rentr\u00e9e des parents des enfants du cat\u00e9\u00a0<\/span>: maison paroissiale de Ludres \u00e0 20h30.<br \/><\/strong><span style=\"font-size: revert;\">Mardi 19 septembre r\u00e9union des parents 1<\/span><sup>\u00e8re<\/sup><span style=\"font-size: revert;\">\u00a0ann\u00e9e cat\u00e9<\/span><\/span><\/p>\n<p><span style=\"color: #000000;\"><span style=\"text-decoration: underline;\"><strong>Rentr\u00e9e des jeunes\u00a0: AJC\u00a0<\/strong><em><strong>(\u2018\u2019Aujourd\u2019hui Je Commence\u2019\u2019)<\/strong><\/em><\/span><strong><em><u><br \/><\/u><\/em><\/strong><strong>\u25cf Le vendredi 22 septembre,<\/strong><strong> les jeunes de 4<sup>\u00e8mes<\/sup>-3<sup>\u00e8mes<\/sup>\u00a0et lyc\u00e9e se retrouveront \u00e0 19h30 \u00e0 Jarville pour d\u00e9marrer leur ann\u00e9e\u00a0: pri\u00e8re, pizza, exp\u00e9rience des JMJ\u2026 Bienvenue aux \u2018\u2019petits nouveaux de 4<sup>\u00e8mes\u00a0<\/sup>\u2019\u2019 et bonnes retrouvailles aux plus \u00e2g\u00e9s !<\/strong><strong><br \/><\/strong><strong>Les rencontres seront plac\u00e9es sous le signe de l\u2019int\u00e9riorit\u00e9 et de la pri\u00e8re. Les rencontres se feront alternativement \u00e0 Jarville, Ludres et Neuves-Maisons.<\/strong> <strong>Le parcours vers la confirmation sera propos\u00e9 aux 4<sup>\u00e8mes<\/sup>. Contacter Alexandre-Marie Valder,\u00a0<\/strong><a style=\"color: #000000; text-decoration: underline;\" href=\"mailto:amvalder@lilo.org\"><span>amvalder@lilo.or<\/span>g<\/a><\/span><\/p>\n<p><span style=\"color: #000000;\"><span style=\"text-decoration: underline;\"><strong>Rentr\u00e9e et inscription au groupe scouts d\u2019Europe 3<sup>\u00e8me<\/sup> Nancy<br \/><\/strong><\/span>L\u2019Association des Guides et Scouts d\u2019Europe est un mouvement de scoutisme catholique permettant d\u2019offrir \u00e0 des jeunes de 8 \u00e0 12 ans (louveteaux), de 12 \u00e0 17 ans (scouts) ou de 17 \u00e0 19 ans (routiers) des activit\u00e9s de plein air, afin de d\u00e9velopper leur sens du civisme, leur solidarit\u00e9 et leur autonomie en grandissant dans la foi chr\u00e9tienne. <em>Renseignements au fond de l\u2019\u00e9glise, affiche et flyers.<\/em><\/span><\/p>\n<p><span style=\"color: #000000;\"><span style=\"text-decoration: underline;\"><strong>Messes \u00e0 la Visitation :<br \/><\/strong><\/span>Samedi 23 septembre \u00e0 18h00\u00a0: Autrey.<\/span><br \/><span style=\"color: #000000;\">Dimanche 24 septembre \u00e0 10h30\u00a0: Neuves-Maisons.<\/span><\/p>\n<p><span style=\"color: #000000;\"><b style=\"text-decoration-line: underline;\">Messes en semaine.<\/b><em><b>\u00a0<\/b><br \/>Attention, exceptionnellement pas de messe cette semaine ni jeudi, ni vendredi\u00a0<\/em><\/span><\/p>\n<p><span style=\"color: #000000;\"><strong><u>Permanences \u00e0 la maison paroissiale :<\/u><\/strong> <\/span><br \/><span style=\"color: #000000;\">Mardi de 14h \u00e0 16h30 et Samedi de 9h30 \u00e0 11h30<\/span><br \/><span style=\"color: #000000;\">tel : 03 83 47 25 54 \u2013 <em><strong>adresse mail<\/strong><\/em><strong> : <\/strong><a style=\"color: #000000;\" href=\"mailto:visitationmm@orange.fr\">visitationmm@orange.fr<\/a>\u00a0 <\/span><br \/><span style=\"color: #000000;\">Horaires des messes :\u00a0 <a style=\"color: #000000;\" href=\"https:\/\/messes.info\/\">messesinfo<\/a><em> (cliquer sur le lien)<\/em><\/span><\/p>\n","protected":false},"excerpt":{"rendered":"<p>Dimanche 24 septembre: bapt\u00eames de Nino, Rapha\u00ebl et Jean. R\u00e9jouissons nous pour ces enfants et leurs parents et portons l\u00e8s dans nos pri\u00e8res. Vente des calendriers, au fond de l\u2019\u00e9glise au prix de 4 euros \u00a0Pensez \u00e0 la rentr\u00e9e et inscrivez vos enfants au cat\u00e9chisme\u00a0! \u00c0 partir du CE2, les enfants d\u00e9butent la cat\u00e9ch\u00e8se (avant&hellip; <br \/> <a class=\"read-more\" href=\"https:\/\/paroisses-nancy-sud.fr\/HOME\/annonces-de-la-visitation-du-17-septembre\/\">Lire la suite<\/a><\/p>\n","protected":false},"author":5,"featured_media":471,"comment_status":"closed","ping_status":"open","sticky":false,"template":"","format":"standard","meta":[],"categories":[10],"tags":[],"acf":[],"_links":{"self":[{"href":"https:\/\/paroisses-nancy-sud.fr\/HOME\/wp-json\/wp\/v2\/posts\/3231"}],"collection":[{"href":"https:\/\/paroisses-nancy-sud.fr\/HOME\/wp-json\/wp\/v2\/posts"}],"about":[{"href":"https:\/\/paroisses-nancy-sud.fr\/HOME\/wp-json\/wp\/v2\/types\/post"}],"author":[{"embeddable":true,"href":"https:\/\/paroisses-nancy-sud.fr\/HOME\/wp-json\/wp\/v2\/users\/5"}],"replies":[{"embeddable":true,"href":"https:\/\/paroisses-nancy-sud.fr\/HOME\/wp-json\/wp\/v2\/comments?post=3231"}],"version-history":[{"count":1,"href":"https:\/\/paroisses-nancy-sud.fr\/HOME\/wp-json\/wp\/v2\/posts\/3231\/revisions"}],"predecessor-version":[{"id":3232,"href":"https:\/\/paroisses-nancy-sud.fr\/HOME\/wp-json\/wp\/v2\/posts\/3231\/revisions\/3232"}],"wp:featuredmedia":[{"embeddable":true,"href":"https:\/\/paroisses-nancy-sud.fr\/HOME\/wp-json\/wp\/v2\/media\/471"}],"wp:attachment":[{"href":"https:\/\/paroisses-nancy-sud.fr\/HOME\/wp-json\/wp\/v2\/media?parent=3231"}],"wp:term":[{"taxonomy":"category","embeddable":true,"href":"https:\/\/paroisses-nancy-sud.fr\/HOME\/wp-json\/wp\/v2\/categories?post=3231"},{"taxonomy":"post_tag","embeddable":true,"href":"https:\/\/paroisses-nancy-sud.fr\/HOME\/wp-json\/wp\/v2\/tags?post=3231"}],"curies":[{"name":"wp","href":"https:\/\/api.w.org\/{rel}","templated":true}]}}