{"id":3233,"date":"2023-09-16T20:02:08","date_gmt":"2023-09-16T18:02:08","guid":{"rendered":"https:\/\/paroisses-nancy-sud.fr\/HOME\/?p=3233"},"modified":"2023-09-16T20:29:27","modified_gmt":"2023-09-16T18:29:27","slug":"annonces-de-saint-francois-de-sales-et-sainte-jeanne-de-chantal-du-17-septembre","status":"publish","type":"post","link":"https:\/\/paroisses-nancy-sud.fr\/HOME\/annonces-de-saint-francois-de-sales-et-sainte-jeanne-de-chantal-du-17-septembre\/","title":{"rendered":"Annonces de Saint-Fran\u00e7ois-de-Sales et Sainte-Jeanne-de-Chantal du 17 septembre"},"content":{"rendered":"\n<p><span style=\"color: #000000;\"><span style=\"text-decoration: underline;\"><strong>Mariages, Bapt\u00eames<br \/><\/strong><\/span><strong>Le samedi 16 septembre \u00e0 Jarville, mariage <\/strong>de Marianne et S\u00e9bastien.<strong> <br \/>Le dimanche 17 septembre<\/strong> <strong>bapt\u00eames<\/strong> de El\u00e9anore et de Mano\u00e9 <strong>\u00e0 Ludres<\/strong> et de Eliott <strong>\u00e0 Jarville<\/strong>. <\/span><br \/><span style=\"color: #000000;\"><em>Nous nous r\u00e9jouissons, pour ces jeunes adultes et enfant et les portons dans notre pri\u00e8re.<\/em><\/span><\/p>\n<p><span style=\"color: #000000;\"><span style=\"text-decoration: underline;\"><strong>Pensez \u00e0 la rentr\u00e9e et inscrivez vos enfants au cat\u00e9chisme\u00a0!<br \/><\/strong><\/span>A partir du CE2, les enfants d\u00e9butent la cat\u00e9ch\u00e8se (avant le CE2, c\u2019est l\u2019\u00e9veil \u00e0 la foi).<\/span><br \/><span style=\"color: #000000;\"><strong>La cat\u00e9ch\u00e8se se compose de<\/strong>\u00a0:<\/span><br \/><span style=\"color: #000000;\"><u>* La messe du dimanche et plus sp\u00e9cialement la messe des familles mensuelle<br \/><\/u><span style=\"font-size: revert;\">* <\/span><u style=\"font-size: revert;\">Les s\u00e9ances de cat\u00e9chisme<\/u><span style=\"font-size: revert;\"> : il y a une douzaine de rencontres dans l\u2019ann\u00e9e. Les horaires sont d\u00e9finis en d\u00e9but d\u2019ann\u00e9e, en fonction des disponibilit\u00e9s des enfants et des parents.<br \/><\/span><u>* Les temps-forts<\/u> : pour vivre les moments phares de l\u2019ann\u00e9e (avant No\u00ebl, avant P\u00e2ques) ou pour pr\u00e9parer les sacrements et f\u00eates (sacrement de r\u00e9conciliation, premi\u00e8re communion, profession de foi).<\/span><br \/><span style=\"color: #000000;\"><strong>L\u2019inscription <\/strong>se fait \u00e0 l\u2019aide d\u2019un formulaire accessible depuis <a style=\"color: #000000;\" href=\"https:\/\/paroisses-nancy-sud.fr\/HOME\/catechisme\/\">ce site<\/a>\u00a0<em>(rubrique grandir dans la foi)<\/em>\u00a0ou \u00e0 la maison paroissiale. Une fois rempli, ce document est \u00e0 envoyer \u00e0\u00a0<a style=\"color: #000000;\" href=\"mailto:cate@paroisses-nancy-sud.fr\">cate@paroisses-nancy-sud.fr<\/a>\u00a0ou \u00e0 remettre au secr\u00e9tariat. Vous serez ensuite contact\u00e9s par un(e) cat\u00e9chiste.\u00a0<\/span><\/p>\n<p><span style=\"color: #000000;\"><strong>Les r\u00e9unions de rentr\u00e9e des parents des enfants du cat\u00e9 se font \u00e0 la maison paroissiale de Ludres \u00e0 20h30\u00a0: <\/strong><strong>\u00a0Mardi 19 septembre<\/strong> r\u00e9union des parents 1<sup>\u00e8re<\/sup>\u00a0ann\u00e9e cat\u00e9 (CE2) \u00a0<\/span><br \/><span style=\"color: #000000;\">&#8211; <strong>Les 5<sup>\u00e8mes<\/sup> ann\u00e9es<\/strong> seront contact\u00e9s individuellement.<\/span><\/p>\n<p><span style=\"color: #000000;\"><strong>La premi\u00e8re messe des familles<\/strong>, <strong>et rentr\u00e9e des enfants du cat\u00e9chisme<\/strong> <strong>se<\/strong> <strong>fera \u00e0 Jarville le dimanche 24 septembre 2023. Une b\u00e9n\u00e9diction des cartables et des sacs des petits et des grands est pr\u00e9vue.<\/strong><\/span><\/p>\n<p><span style=\"color: #000000;\"><span style=\"text-decoration: underline;\"><strong>Messes de rentr\u00e9e de nos paroisses et messe des familles :<br \/><\/strong><\/span><strong>&#8211; Le dimanche 17 septembre rentr\u00e9e de la paroisse Sainte-Jeanne-de-Chantal \u00e0 Ludres avec un ap\u00e9ritif, un repas partag\u00e9 et la visite de l\u2019\u00e9glise de Ludres \u00e0 15h avec la participation du Cercle d\u2019histoire locale.<br \/><\/strong><strong>\u00a0&#8211; Le dimanche 24 septembre rentr\u00e9e de la paroisse Saint-Fran\u00e7ois-de-Sales et rentr\u00e9e des enfants et des familles du cat\u00e9, \u00e0 Jarville suivi d\u2019un moment convivial \u00e0 la sortie de la messe.<\/strong><\/span><\/p>\n<p><span style=\"color: #000000;\"><span style=\"text-decoration: underline;\"><strong>Horaires des messes dominicales du secteur des 23 et 24 septembre 2023\u00a0<br \/><\/strong><\/span><strong>Samedi 23 septembre : 18h <\/strong>Heillecourt, Laneuveville,\u00a0Autrey<\/span><br \/><span style=\"color: #000000;\"><strong>Dimanche 24 septembre : 10h <\/strong>Flavigny, Fl\u00e9ville.<strong>\u00a0\u00a0 \u00a0\u00a0\u00a0\u00a010<\/strong> <strong>Jarville (messe des familles)<\/strong>, Neuves- Maisons\u00a0<\/span>\u00a0\u00a0\u00a0\u00a0\u00a0\u00a0\u00a0\u00a0\u00a0\u00a0\u00a0\u00a0<\/p>\n<p><span style=\"color: #000000;\"><span style=\"text-decoration: underline;\"><strong>Journ\u00e9es europ\u00e9ennes du patrimoine<br \/><\/strong><\/span><strong>\u00a0&#8211; A l\u2018\u00e9glise de Jarville<\/strong>, <strong>le dimanche 17 septembre, de 14h \u00e0 17h<\/strong> d\u00e9couvrez \u2018\u2019les vitraux qui parlent\u2019\u2019\u00a0: chaque vitrail m\u00e9rite une observation attentive\u00a0; des b\u00e9n\u00e9voles de l\u2019Association \u2018\u2019Sacr\u00e9-C\u0153ur de Jarville\u2019\u2019, vous proposeront explications, commentaires et interpr\u00e9tation. <\/span><br \/><span style=\"color: #000000;\">Un livret de pr\u00e9sentation sera propos\u00e9 \u00e0 la vente au prix de 5 euros.<\/span><br \/><span style=\"color: #000000;\"><strong>\u00a0&#8211; A Ludres, visite comment\u00e9e de l\u2019\u00e9glise \u00e0 15h<\/strong> avec le cercle d\u2019histoire locale de Ludres.<\/span><br \/><span style=\"color: #000000;\"><strong>\u00a0 &#8211; A Neuves-Maisons, \u00e0 l\u2019\u00e9glise<\/strong>, exposition de photos anciennes de 10h \u00e0 12h et de 14h \u00e0 16h samedi et dimanche\u00a0;<strong> \u00e0 l\u2019\u00e9glise de Frolois <\/strong>visite guid\u00e9e samedi \u00e0 14h30, ch\u0153ur d\u2019hommes \u00e0 16h et histoire et l\u00e9gende de Saint Martin, dimanche \u00e0 16h.<\/span><br \/><span style=\"color: #000000;\"><strong>\u00a0&#8211; Trois nouvelles cloches \u00e0 la cath\u00e9drale de Toul<\/strong>, \u00e0 voir samedi et dimanche et comme le veut la tradition, une <strong>b\u00e9n\u00e9diction solennelle<\/strong> sera c\u00e9l\u00e9br\u00e9e le\u00a0<strong>dimanche 17 septembre 2023 \u00e0 10h30<\/strong>\u00a0en la cath\u00e9drale par Monseigneur Pierre-Yves Michel, \u00e9v\u00eaque de Nancy et Toul.<\/span><\/p>\n<p><span style=\"color: #000000;\"><span style=\"text-decoration: underline;\"><strong>Groupe \u2018\u2019Prions en quartier\u2019\u2019<br \/><\/strong><\/span><strong style=\"font-size: revert;\">Un groupe d\u00e9marre \u00e0 Jarville autour de l\u2019encyclique du Pape Fran\u00e7ois, \u2018\u2019Laudato Si\u2019\u2019, et d\u2019un temps de pri\u00e8re, une fois par mois. Un 2<sup>\u00e8me<\/sup> groupe est en train de se constituer, s\u2019adresser \u00e0 Chantal Marchand 06 59 72 55 71.<\/strong><\/span><\/p>\n<p><strong>\u00a0<\/strong><span style=\"color: #000000;\"><span style=\"text-decoration: underline;\"><strong>Temps fort pour les Confirmands :<br \/><\/strong><\/span><strong>Le samedi 16 septembre, rencontre pour les confirmands pour leur 4<sup>\u00e8me<\/sup> temps fort de pr\u00e9paration \u00e0 la confirmation\u00a0 <\/strong><\/span><\/p>\n<p><span style=\"color: #000000;\"><span style=\"text-decoration: underline;\"><strong>Rentr\u00e9e des jeunes\u00a0: AJC (\u2018\u2019Aujourd\u2019hui Je Commence\u2019\u2019)<br \/><\/strong><\/span><strong>Le vendredi 22 septembre, les jeunes de 4<sup>\u00e8mes<\/sup>-3<sup>\u00e8mes<\/sup> et lyc\u00e9e se retrouveront \u00e0 19h30 \u00e0 Jarville pour d\u00e9marrer leur ann\u00e9e\u00a0: pri\u00e8re, pizza, exp\u00e9rience des JMJ&#8230; <em>Bienvenue aux \u2018\u2019petits nouveaux de 4<sup>\u00e8mes <\/sup>\u2019\u2019 et bonnes retrouvailles aux plus \u00e2g\u00e9s\u00a0! <\/em>Les rencontres seront plac\u00e9es sous le signe de l\u2019int\u00e9riorit\u00e9 et de la pri\u00e8re. Les rencontres se feront alternativement \u00e0 Jarville, Ludres et Neuves-Maisons.<br \/><\/strong><strong>Le parcours vers la confirmation sera propos\u00e9 aux 4<sup>\u00e8mes<\/sup>. Contacter Alexandre-Marie Valder, <\/strong><a style=\"color: #000000;\" href=\"mailto:amvalder@lilo.org\">amvalder@lilo.org<\/a><\/span><\/p>\n<p><span style=\"color: #000000;\"><span style=\"text-decoration: underline;\"><strong>La Toussaint \u00e0 Taiz\u00e9 pour les lyc\u00e9ens<br \/><\/strong><\/span>Quelques milliers de lyc\u00e9ens fran\u00e7ais se retrouvent chaque ann\u00e9e \u00e0 Taiz\u00e9 (Sa\u00f4ne et Loire) autour de la Toussaint (cf. <a style=\"color: #000000;\" href=\"http:\/\/taize.fr\">taize.fr<\/a>). Nous allons constituer un bus pour participer \u00e0 cette rencontre. D\u00e9part pr\u00e9vu le <strong>30 octobre en matin\u00e9e et retour le 3 novembre dans l\u2019apr\u00e8s-midi<\/strong>. La participation est estim\u00e9e \u00e0 80\u20ac. Pour en savoir plus et \u00eatre tenu inform\u00e9, contacter : P. Alexandre-Marie, <a style=\"color: #000000;\" href=\"mailto:amvalder@lilo.org\">amvalder@lilo.org<\/a><\/span><\/p>\n<p><span style=\"color: #000000;\"><span style=\"text-decoration: underline;\"><strong>Rentr\u00e9e du ch\u0153ur d\u2019hommes de Nancy :<br \/><\/strong><\/span>Le Ch\u0153ur d&rsquo;Hommes de Nancy vient d&rsquo;effectuer sa rentr\u00e9e et comme chaque ann\u00e9e, il recrute des choristes pour pallier quelques d\u00e9parts. Les r\u00e9p\u00e9titions ont lieu dans une des <strong>salles paroissiales de l&rsquo;\u00e9glise de Jarville le jeudi soir de 20h30 \u00e0 22h00<\/strong>. Il est demand\u00e9 d&rsquo;\u00eatre assidu aux r\u00e9p\u00e9titions et aux concerts. Pour de plus amples renseignements et pour nous contacter vous pouvez consulter notre site internet : \u00a0<a style=\"color: #000000;\" href=\"https:\/\/www.choeurdhommes-de-nancy.fr\/\">https:\/\/www.choeurdhommes-de-nancy.fr<\/a>\u00a0 ou par t\u00e9l\u00e9phone : 06 65 16 43 63 (chef de ch\u0153ur)<\/span><\/p>\n<p><span style=\"color: #000000;\"><strong><span style=\"text-decoration: underline;\">Suggestion de lecture<\/span> :<br \/><\/strong><em>Le mal \u00e0 l\u2019\u00e2me, <\/em>l\u2019ac\u00e9die, de la m\u00e9lancolie \u00e0 la joie, d\u2019Alexandra Puppinck Bortoli. Edition du Cerf.<\/span><\/p>\n<p><span style=\"color: #000000;\"><strong>\u00a0<span style=\"text-decoration: underline;\">A<\/span><\/strong><span style=\"text-decoration: underline;\"><strong>utres annonces :\u00a0<br \/><\/strong><\/span><strong>\u00a0&#8211; Rendez-vous \u00e0 la messe des \u00e9tudiants !<br \/><\/strong>Les aum\u00f4neries d\u2019\u00e9tudiants se retrouvent pour une messe de rentr\u00e9e le\u00a0<strong>mercredi 20 septembre \u00e0 20h<\/strong>\u00a0\u00e0 la cath\u00e9drale de Nancy pr\u00e9sid\u00e9e par Mgr Pierre-Yves Michel.<\/span><\/p>\n<p><strong>\u00a0<span style=\"color: #000000;\">&#8211; <span style=\"text-decoration: underline;\">Journ\u00e9es des migrants et des r\u00e9fugi\u00e9s : <em>\u2018\u2019Libre de choisir entre migrer et rester \u2018\u2019<br \/><\/em><\/span><\/span><\/strong><span style=\"color: #000000;\">Dans le cadre de la journ\u00e9e du Migrant et du R\u00e9fugi\u00e9 une journ\u00e9e est propos\u00e9e par le dioc\u00e8se <strong>le dimanche 24 septembre \u00e0 Vandoeuvre<\/strong>\u00a0: <strong>messe \u00e0 11h<\/strong> <strong>\u00e0 l\u2019\u00e9glise Sainte Bernadette<\/strong>, pr\u00e9par\u00e9e par la Pastorale des migrants et l\u2019\u00e9quipe d\u2019entraide locale de la paroisse de Notre-Dame des Nations<\/span><\/p>\n<p><span style=\"color: #000000;\"><strong>\u00a0&#8211; <span style=\"text-decoration: underline;\">Temps pour la cr\u00e9ation 2023 : Du 1<sup>er<\/sup> septembre au 4 octobre.<br \/><\/span><\/strong>\u00a0<strong>Une<\/strong><strong> rencontre de pri\u00e8re aura lieu au Temple protestant de Nancy, place Maginot, le vendredi 29 septembre de 20h00 \u00e0 21h00<\/strong>. T\u00e9l Francis Martin, r\u00e9f\u00e9rent dioc\u00e9sain \u00e0 l\u2019<a style=\"color: #000000;\" href=\"https:\/\/www.catholique-nancy.fr\/sites\/service-diocesain-de-la-solidarite-et-de-la-diaconie\/ecologie\/\">\u00e9cologie int\u00e9grale<\/a>, au 06 33 20 89 53.<\/span><\/p>\n<p><span style=\"color: #000000;\">\u00a0 &#8211; <span style=\"text-decoration: underline;\"><strong>Rentr\u00e9e de L\u2019<\/strong><a style=\"color: #000000; text-decoration: underline;\" href=\"https:\/\/institutsaintnicolas.fr\/\"><strong>Institut Saint-Nicolas\u00a0<\/strong><\/a><br \/><\/span><strong>L\u2019Institut vous convie \u00e0 son weekend de rentr\u00e9e<\/strong>\u00a0<strong>les 22 et 23 septembre<\/strong>\u00a0autour de la figure de Blaise Pascal, dont nous f\u00eatons le 4e centenaire de la naissance (19 juin <strong>1623).\u00a0Ouvert \u00e0 tous. <\/strong>L\u2019institut Saint-Nicolas est la structure de formation des dioc\u00e8ses de Metz, Nancy, Saint-Di\u00e9 et Verdun, afin de promouvoir une formation de niveau universitaire pour les la\u00efcs en mission eccl\u00e9siale les candidats au diaconat, les intervenants en religion, et plus largement pour toute personne d\u00e9sireuse de comprendre la foi chr\u00e9tienne. La formation th\u00e9ologique et pastorale dispens\u00e9e \u00e0 l\u2019Institut se calque sur le parcours en sciences religieuses de l\u2019Institut catholique de Paris<em>.<\/em><\/span><\/p>\n<p style=\"text-align: center;\"><span style=\"color: #000000;\"><em>\u00a0<\/em><em>Faites le bien par petits bouts l\u00e0 o\u00f9 vous \u00eates, car tous ces petits bouts de bien, <br \/>une fois assembl\u00e9s, transforment le monde.<\/em><\/span><\/p>\n<p><span style=\"color: #000000;\"><em>Desmond TUTU (1931-2021)\u00a0archev\u00eaque anglican d\u2019Afrique du sud, prix Nobel de la paix pour son combat pacifique contre l\u2019Apratheid<\/em><\/span><\/p>\n\n\n","protected":false},"excerpt":{"rendered":"<p>Mariages, Bapt\u00eamesLe samedi 16 septembre \u00e0 Jarville, mariage de Marianne et S\u00e9bastien. Le dimanche 17 septembre bapt\u00eames de El\u00e9anore et de Mano\u00e9 \u00e0 Ludres et de Eliott \u00e0 Jarville. Nous nous r\u00e9jouissons, pour ces jeunes adultes et enfant et les portons dans notre pri\u00e8re. Pensez \u00e0 la rentr\u00e9e et inscrivez vos enfants au cat\u00e9chisme\u00a0!A partir&hellip; <br \/> <a class=\"read-more\" href=\"https:\/\/paroisses-nancy-sud.fr\/HOME\/annonces-de-saint-francois-de-sales-et-sainte-jeanne-de-chantal-du-17-septembre\/\">Lire la suite<\/a><\/p>\n","protected":false},"author":5,"featured_media":2464,"comment_status":"closed","ping_status":"open","sticky":false,"template":"","format":"standard","meta":[],"categories":[7],"tags":[],"acf":[],"_links":{"self":[{"href":"https:\/\/paroisses-nancy-sud.fr\/HOME\/wp-json\/wp\/v2\/posts\/3233"}],"collection":[{"href":"https:\/\/paroisses-nancy-sud.fr\/HOME\/wp-json\/wp\/v2\/posts"}],"about":[{"href":"https:\/\/paroisses-nancy-sud.fr\/HOME\/wp-json\/wp\/v2\/types\/post"}],"author":[{"embeddable":true,"href":"https:\/\/paroisses-nancy-sud.fr\/HOME\/wp-json\/wp\/v2\/users\/5"}],"replies":[{"embeddable":true,"href":"https:\/\/paroisses-nancy-sud.fr\/HOME\/wp-json\/wp\/v2\/comments?post=3233"}],"version-history":[{"count":3,"href":"https:\/\/paroisses-nancy-sud.fr\/HOME\/wp-json\/wp\/v2\/posts\/3233\/revisions"}],"predecessor-version":[{"id":3236,"href":"https:\/\/paroisses-nancy-sud.fr\/HOME\/wp-json\/wp\/v2\/posts\/3233\/revisions\/3236"}],"wp:featuredmedia":[{"embeddable":true,"href":"https:\/\/paroisses-nancy-sud.fr\/HOME\/wp-json\/wp\/v2\/media\/2464"}],"wp:attachment":[{"href":"https:\/\/paroisses-nancy-sud.fr\/HOME\/wp-json\/wp\/v2\/media?parent=3233"}],"wp:term":[{"taxonomy":"category","embeddable":true,"href":"https:\/\/paroisses-nancy-sud.fr\/HOME\/wp-json\/wp\/v2\/categories?post=3233"},{"taxonomy":"post_tag","embeddable":true,"href":"https:\/\/paroisses-nancy-sud.fr\/HOME\/wp-json\/wp\/v2\/tags?post=3233"}],"curies":[{"name":"wp","href":"https:\/\/api.w.org\/{rel}","templated":true}]}}