{"id":3237,"date":"2023-09-16T20:35:19","date_gmt":"2023-09-16T18:35:19","guid":{"rendered":"https:\/\/paroisses-nancy-sud.fr\/HOME\/?p=3237"},"modified":"2023-09-16T20:35:19","modified_gmt":"2023-09-16T18:35:19","slug":"ne-gardons-pas-rancune-envers-notre-prochain","status":"publish","type":"post","link":"https:\/\/paroisses-nancy-sud.fr\/HOME\/ne-gardons-pas-rancune-envers-notre-prochain\/","title":{"rendered":"Ne gardons pas rancune envers notre prochain"},"content":{"rendered":"\n<p><span style=\"color: #000000;\">Les textes de dimanche dernier nous invitaient \u00e0 veiller sur notre prochain. Ce 24<sup>\u00e9me<\/sup> dimanche du temps ordinaire nous invite au pardon du prochain. Le point commun entre ces deux dimanches est l\u2019amour du prochain.<\/span><\/p>\n<p><span style=\"color: #000000;\">D\u00e9j\u00e0 Ben Sira, dit le sage, disait au IIe si\u00e8cle avant J\u00e9sus Christ : \u00ab Pardonne \u00e0 ton prochain le tort qu\u2019il t\u2019a fait \u00bb. Mais pardonner jusqu\u2019o\u00f9 ? En pensant \u00e0 l\u2019Alliance avec Dieu, ne garde pas de rancune envers le prochain, c\u2019est-\u00e0-dire passe par-dessus l\u2019offense qui t\u2019a \u00e9t\u00e9 faite. Le pardon n\u2019est pas, oublier le pass\u00e9, c\u2019est passer par-dessus pour essayer de survivre et renouer la relation.<\/span><\/p>\n<p><span style=\"color: #000000;\">Mais il est vrai que, pour pardonner, il peut \u00eatre bon d\u2019avoir fait l\u2019exp\u00e9rience d\u2019un pardon re\u00e7u soi-m\u00eame, m\u00eame si cela n\u2019est pas toujours vrai\u00a0: dans l\u2019\u00e9vangile, un homme insens\u00e9 qui a suppli\u00e9 qu\u2019on le lib\u00e8re d\u2019une dette \u00e9norme a fait mettre en prison un de ses compagnons qui lui devait une petite somme. C\u2019est en cela que consiste le p\u00e9ch\u00e9 contre l\u2019Esprit, le pouvoir de Dieu n\u2019y peut rien car il est limit\u00e9 \u00e0 notre libert\u00e9. <\/span><\/p>\n<p><span style=\"color: #000000;\">Patience et piti\u00e9, deux qualit\u00e9s \u00e0 avoir pour pardonner, celles que Dieu n\u2019a cess\u00e9 de manifester durant toute l\u2019histoire du peuple H\u00e9breu, et celles que J\u00e9sus a mis en lumi\u00e8re avec ses disciples. Le pardon, cette r\u00e9alit\u00e9 si difficile \u00e0 vivre, est pourtant la marque ultime de l\u2019amour donn\u00e9 \u00e0 nos fr\u00e8res. Nous le recevons de Dieu et nous pouvons le donner \u00e0 notre tour \u00e0 celui qui nous a occasionn\u00e9 du mal.<\/span><\/p>\n<p style=\"text-align: center;\"><span style=\"color: #000000;\"><em>Mis\u00e9ricordieux comme le P\u00e8re, <\/em><\/span><br \/><span style=\"color: #000000;\"><em>entends le cri profond de la mis\u00e8re.<\/em><\/span><br \/><span style=\"color: #000000;\"><em>\u00a0Et chante au Dieu du ciel, \u00e0 chaque jour :<\/em><\/span><br \/><span style=\"color: #000000;\"><em>\u00ab \u00c9ternel est son amour \u00bb.<\/em><\/span><br \/><span style=\"color: #000000;\"><em>Pardonne plus d\u2019une fois \u00e0 ton prochain :<\/em><\/span><br \/><span style=\"color: #000000;\"><em>\u00a0\u00ab Que le soleil ne se couche pas sur ta col\u00e8re. \u00bb<\/em><\/span><br \/><span style=\"color: #000000;\"><em>Prends le temps de lui parler,<\/em><\/span><br \/><span style=\"color: #000000;\"><em>\u00a0fais quelques pas sur son chemin,<\/em><\/span><br \/><span style=\"color: #000000;\"><em>\u00a0et tu verras que le pardon cr\u00e9e la lumi\u00e8re.<\/em><\/span><\/p>\n<p><span style=\"color: #000000;\"><em>Mis\u00e9ricordieux comme le P\u00e8re \u2013 Auteur \/ Compositeur : Richard Vidal<\/em><\/span><\/p>\n<p style=\"text-align: right;\"><span style=\"color: #000000;\"><em>D\u2019apr\u00e8s les fiches dominicales, sept 2022<\/em><\/span><\/p>\n","protected":false},"excerpt":{"rendered":"<p>Les textes de dimanche dernier nous invitaient \u00e0 veiller sur notre prochain. Ce 24\u00e9me dimanche du temps ordinaire nous invite au pardon du prochain. Le point commun entre ces deux dimanches est l\u2019amour du prochain. D\u00e9j\u00e0 Ben Sira, dit le sage, disait au IIe si\u00e8cle avant J\u00e9sus Christ : \u00ab Pardonne \u00e0 ton prochain le&hellip; <br \/> <a class=\"read-more\" href=\"https:\/\/paroisses-nancy-sud.fr\/HOME\/ne-gardons-pas-rancune-envers-notre-prochain\/\">Lire la suite<\/a><\/p>\n","protected":false},"author":5,"featured_media":523,"comment_status":"closed","ping_status":"open","sticky":false,"template":"","format":"standard","meta":[],"categories":[6],"tags":[],"acf":[],"_links":{"self":[{"href":"https:\/\/paroisses-nancy-sud.fr\/HOME\/wp-json\/wp\/v2\/posts\/3237"}],"collection":[{"href":"https:\/\/paroisses-nancy-sud.fr\/HOME\/wp-json\/wp\/v2\/posts"}],"about":[{"href":"https:\/\/paroisses-nancy-sud.fr\/HOME\/wp-json\/wp\/v2\/types\/post"}],"author":[{"embeddable":true,"href":"https:\/\/paroisses-nancy-sud.fr\/HOME\/wp-json\/wp\/v2\/users\/5"}],"replies":[{"embeddable":true,"href":"https:\/\/paroisses-nancy-sud.fr\/HOME\/wp-json\/wp\/v2\/comments?post=3237"}],"version-history":[{"count":1,"href":"https:\/\/paroisses-nancy-sud.fr\/HOME\/wp-json\/wp\/v2\/posts\/3237\/revisions"}],"predecessor-version":[{"id":3238,"href":"https:\/\/paroisses-nancy-sud.fr\/HOME\/wp-json\/wp\/v2\/posts\/3237\/revisions\/3238"}],"wp:featuredmedia":[{"embeddable":true,"href":"https:\/\/paroisses-nancy-sud.fr\/HOME\/wp-json\/wp\/v2\/media\/523"}],"wp:attachment":[{"href":"https:\/\/paroisses-nancy-sud.fr\/HOME\/wp-json\/wp\/v2\/media?parent=3237"}],"wp:term":[{"taxonomy":"category","embeddable":true,"href":"https:\/\/paroisses-nancy-sud.fr\/HOME\/wp-json\/wp\/v2\/categories?post=3237"},{"taxonomy":"post_tag","embeddable":true,"href":"https:\/\/paroisses-nancy-sud.fr\/HOME\/wp-json\/wp\/v2\/tags?post=3237"}],"curies":[{"name":"wp","href":"https:\/\/api.w.org\/{rel}","templated":true}]}}