{"id":3253,"date":"2023-09-29T18:18:20","date_gmt":"2023-09-29T16:18:20","guid":{"rendered":"https:\/\/paroisses-nancy-sud.fr\/HOME\/?p=3253"},"modified":"2023-09-29T18:18:20","modified_gmt":"2023-09-29T16:18:20","slug":"annonces-de-saint-francois-de-sales-et-sainte-jeanne-de-chantal-du-1er-octobre","status":"publish","type":"post","link":"https:\/\/paroisses-nancy-sud.fr\/HOME\/annonces-de-saint-francois-de-sales-et-sainte-jeanne-de-chantal-du-1er-octobre\/","title":{"rendered":"Annonces de Saint-Fran\u00e7ois-de-Sales et Sainte-Jeanne-de-Chantal du 1er octobre"},"content":{"rendered":"\n<p><span style=\"color: #000000;\"><strong><span style=\"text-decoration: underline;\">Rentr\u00e9e des jeunes du MEJ<\/span> (mouvement eucharistique des jeunes)<br \/><\/strong><strong>Ce dimanche 1<sup>er<\/sup> octobre les jeunes du MEJ <\/strong>se retrouvent \u00e0 Ludres pour la messe et passent la journ\u00e9e \u00e0 la maison paroissiale.<\/span><\/p>\n<p><span style=\"color: #000000;\"><strong><span style=\"text-decoration: underline;\">Qu\u00eate suppl\u00e9mentaire du premier dimanche du mois<\/span><br \/><\/strong>Comme tous les premiers dimanches du mois, <strong>ce week-end,<\/strong> une qu\u00eate sera propos\u00e9e \u00e0 la sortie de chaque messe dans nos \u00e9glises. Elle permet de compl\u00e9ter le financement des diff\u00e9rents frais de fonctionnement et pastoraux. Merci.\u00a0<\/span><\/p>\n<p><span style=\"color: #000000;\"><strong><span style=\"text-decoration: underline;\">Premier jeudi du mois, jeudi 5 octobre<\/span><br \/><\/strong><strong>17h \u00e0 Jarville, dans l\u2019\u00e9glise\u00a0<\/strong>: Pri\u00e8re d\u2019intercession pour les malades et les personnes qui souffrent<br \/><strong>20h30 \u00e0 Jarville dans l\u2019\u00e9glise<\/strong>: Heure Sainte, m\u00e9ditation de la Passion du Christ<\/span><\/p>\n<p><span style=\"color: #000000;\"><strong><span style=\"text-decoration: underline;\">Eveil \u00e0 la foi pour les 3 \u00e0 7 ans<\/span><br \/><\/strong><strong>La premi\u00e8re rencontre de l\u2019ann\u00e9e se fera \u00e0 Jarville le dimanche 8 octobre \u00e0 9h30 <\/strong>dans les salles paroissiales. Les enfants viennent accompagn\u00e9s des parents qui participent \u00e0 la s\u00e9ance. Contact\u00a0: Sophie Defrance 06 83 29 75 95<\/span><\/p>\n<p><span style=\"color: #000000;\"><strong><span style=\"text-decoration: underline;\">Dimanche 8 octobre, table ouverte \u00e0 Jarville<\/span><br \/><\/strong><strong>Le dimanche 8 octobre \u00e0 Jarville, \u00e0 partir de midi, dans les salles paroissiales : <\/strong>chacun apporte de quoi partager et on fait connaissance. N\u2019h\u00e9sitez pas \u00e0 faire conna\u00eetre ce temps fraternel \u00e0 un voisin, \u00e0 un ami.<\/span><\/p>\n<p><span style=\"color: #000000;\"><strong><span style=\"text-decoration: underline;\">F\u00eates patronales<\/span><br \/><\/strong><strong>&#8211; Les Saints Anges Gardiens<\/strong>, patrons de l\u2019\u00e9glise d\u2019Heillecourt se f\u00eatent le 2 octobre. Nous prendrons<strong> le temps d\u2019un ap\u00e9ritif le samedi 7 octobre apr\u00e8s la messe \u00e0 la salle Arc en Ciel.<\/strong><\/span><\/p>\n<p><span style=\"color: #000000;\"><strong>\u00a0&#8211; Saint Firmin<\/strong>, patron de l\u2019\u00e9glise de Flavigny se f\u00eate le 11 octobre. Nous prendrons le temps d\u2019un moment convivial \u00e0 la sortie de la <strong>messe le 8 octobre<\/strong>.<\/span><\/p>\n<p><span style=\"color: #000000;\"><span style=\"text-decoration: underline;\"><strong>Journ\u00e9e de lancement de la lecture continue de l\u2019\u00e9p\u00eetre aux Eph\u00e9siens<br \/><\/strong><\/span>Cette ann\u00e9e, notre \u00e9v\u00eaque Pierre-Yves Michel et l\u2019\u00e9quipe dioc\u00e9saine de formation nous proposent de cheminer avec la lettre aux Eph\u00e9siens. <strong>Le samedi 7 octobre, \u00e0 la crypte de l\u2019\u00e9glise Sainte-Anne, rue Ropartz \u00e0 Nancy, de 9h \u00e0 16h30,<\/strong> journ\u00e9e de lancement, repas partag\u00e9 (chacun apporte sa part), prix de la journ\u00e9e 12\u20ac. S\u2019inscrire au 03 83 44 27 15. Les groupes de nos paroisses qui existent d\u00e9j\u00e0 reprennent leurs rencontres. <strong>Contacts<\/strong> : \u00e0 Jarville, Odile Bonmati : 06 2346 74 17, \u00e0 Heillecourt : Antoine M\u00e9riaux 06 74 68 03 35, \u00e0 Ludres : Nicole Pierrot : 06 15 84 57 46. Un nouveau groupe est en train de se constituer. Contacter Catherine Goujet 06 75 53 36 05<\/span><\/p>\n<p><span style=\"color: #000000;\"><strong><span style=\"text-decoration: underline;\">Groupes de pri\u00e8res<\/span><br \/><\/strong><strong>\u00a0&#8211; Un groupe \u2018\u2019Prions en quartier\u2019\u2019<\/strong> <strong>d\u00e9marre \u00e0 Jarville autour de l\u2019encyclique du Pape Fran\u00e7ois, \u2018\u2019Laudato Si\u2019\u2019, et d\u2019un temps de pri\u00e8re, une fois par mois. Contact Marie-France Dufour 06 87 02 84 21<\/strong><\/span><\/p>\n<p><span style=\"color: #000000;\"><strong>\u00a0&#8211; Un autre groupe, <em>\u00ab\u00a0Venez et voyez\u00a0\u00bb<\/em> se constitue pour r\u00e9fl\u00e9chir sur l\u2019\u00e9vangile du dimanche \u00e0 venir. La 1<sup>\u00e8re<\/sup> soir\u00e9e sera le vendredi 13 octobre \u00e0 18h. Contact\u00a0: No\u00eblle 06 73 47 68 72<\/strong><\/span><\/p>\n<p><span style=\"color: #000000;\"><span style=\"text-decoration: underline;\"><strong>Mois d\u2019octobre, mois du Rosaire<br \/><\/strong><\/span>Les \u00c9quipes du Rosaire\u00a0de Jarville\u00a0et Fl\u00e9ville,\u00a0proposent de r\u00e9citer\u00a0et m\u00e9diter le chapelet.\u00a0Nous nous retrouverons <strong>les lundis d\u2019octobre, 2, 9, 16 et le 23 octobre \u00e0<\/strong> <strong>17h dans l\u2019\u00e9glise de Jarville et \u00e9galement le 30 octobre \u00e0 Richardm\u00e9nil.<\/strong><\/span><\/p>\n<p><span style=\"color: #000000;\"><span style=\"text-decoration: underline;\"><strong>Horaires des messes dominicales des 7 et 8 octobre 2023 <br \/><\/strong><\/span><strong>Samedi 7 octobre : 18h <\/strong>Heillecourt, Laneuveville. <br \/><strong>Dimanche 8 octobre : 10h <\/strong>Fl\u00e9ville, Flavigny<strong> \u00a0\u00a0\u00a010h30 <\/strong><\/span><span style=\"color: initial;\"><span style=\"color: #000000;\">Jarville, Neuves- Maisons\u00a0<\/span> \u00a0 \u00a0 \u00a0<\/span><\/p>\n<p><span style=\"color: #000000;\"><strong>\u00a0<\/strong><span style=\"text-decoration: underline;\"><strong>Pensez \u00e0 la rentr\u00e9e et inscrivez vos enfants au cat\u00e9chisme\u00a0!<br \/><\/strong><\/span>A partir du CE2, les enfants d\u00e9butent la cat\u00e9ch\u00e8se (avant le CE2, c\u2019est l\u2019\u00e9veil \u00e0 la foi).<\/span><br \/><span style=\"color: #000000;\"><strong>L\u2019inscription <\/strong>se fait \u00e0 l\u2019aide d\u2019un formulaire accessible depuis le site de la paroisse\u00a0<em>(rubrique grandir dans la foi)<\/em>\u00a0ou \u00e0 la maison paroissiale. Une fois rempli, ce document est \u00e0 envoyer \u00e0\u00a0<a style=\"color: #000000;\" href=\"mailto:cate@paroisses-nancy-sud.fr\">cate@paroisses-nancy-sud.fr<\/a>\u00a0ou \u00e0 remettre au secr\u00e9tariat. Vous serez ensuite contact\u00e9s par un(e) cat\u00e9chiste.\u00a0<\/span><\/p>\n<p><span style=\"color: #000000;\"><span style=\"text-decoration: underline;\"><strong>Retour des JMJ<br \/><\/strong><\/span>Je tenais au nom de chaque JMJiste \u00e0 vous remercier de nous avoir permis de vivre ces JMJ.<\/span><br \/><span style=\"color: #000000;\">Gr\u00e2ce \u00e0 vous, nous avons pu vivre des moments forts, faire de belles rencontres, et tant d&rsquo;autres choses. Pour vous remercier et vous donner un aper\u00e7u de ce que nous avons v\u00e9cu, nous vous convions \u00e0 <strong>une table ouverte le dimanche 15 octobre 2023 \u00e0 Ludres.<\/strong> Chaque personne qui le souhaite peux apporter quelque chose \u00e0 partager.<\/span><br \/><span style=\"color: #000000;\">Nous vous convions <strong>\u00e0 12 h dans les salles de Ludres<\/strong>. Pour ceux qui ne souhaitent pas faire le repas avec nous, il est toujours possible de nous <strong>rejoindre pour 14h30-15h<\/strong> et assister \u00e0 la pr\u00e9sentation des photos et r\u00e9cits de nos aventures. Louise Thiriet 07 88 34 81 91<\/span><\/p>\n<p><span style=\"color: #000000;\"><span style=\"text-decoration: underline;\"><strong>La Toussaint \u00e0 Taiz\u00e9 pour les lyc\u00e9ens<br \/><\/strong><\/span>Quelques milliers de lyc\u00e9ens fran\u00e7ais se retrouvent chaque ann\u00e9e \u00e0 Taiz\u00e9 (Sa\u00f4ne et Loire) autour de la Toussaint (cf. <a style=\"color: #000000;\" href=\"http:\/\/taize.fr\">taize.fr<\/a>). Nous allons constituer un bus pour participer \u00e0 cette rencontre. D\u00e9part pr\u00e9vu le <strong>30 octobre en matin\u00e9e et retour le 3 novembre dans l\u2019apr\u00e8s-midi<\/strong>. La participation est estim\u00e9e \u00e0 80\u20ac. Pour en savoir plus et \u00eatre tenu inform\u00e9, contacter : P. Alexandre-Marie, <a style=\"color: #000000;\" href=\"mailto:amvalder@lilo.org\">amvalder@lilo.org<\/a><\/span><\/p>\n<p><span style=\"color: #000000;\"><span style=\"text-decoration: underline;\"><strong>Les mardis de la formation\u00a0<em>: \u2018\u2019A la d\u00e9couverte de la th\u00e9ologie de Benoit VXI\u2019\u2019<br \/><\/em><\/strong><\/span><strong>Le mardi 10 octobre \u00e0 14h30 ou \u00e020h30 salle St Vincent de Paul, sous l\u2019\u00e9glise St Pierre de Nancy, rue Lionnois, premi\u00e8re rencontre, avec le p\u00e8re Jacques Bombardier.<\/strong><\/span><\/p>\n<p><span style=\"color: #000000;\"><strong>\u00a0<span style=\"text-decoration: underline;\">A<\/span><\/strong><span style=\"text-decoration: underline;\"><strong>utres annonces<br \/><\/strong><\/span><strong>\u00a0&#8211; Synode des \u00e9v\u00eaques sur la Synodalit\u00e9 \u00e0 Rome<br \/><\/strong><span style=\"font-size: revert;\">Le pape Fran\u00e7ois ouvrira la phase finale du synode des \u00e9v\u00eaques sur le th\u00e8me de la synodalit\u00e9 \u00e0 <\/span><strong style=\"font-size: revert;\">partir du 4 octobre 2023<\/strong><span style=\"font-size: revert;\">. Notre \u00e9v\u00eaque nous demande de porter ce synode dans la pri\u00e8re.<\/span><\/span><\/p>\n<p><span style=\"color: #000000;\"><strong>\u00a0&#8211; Visite pastorale de Mgr Pierre-Yves MICHEL \u00e0 la paroisse de la Visitation<br \/><\/strong><strong style=\"font-size: revert;\">Le dimanche 8 octobre, <\/strong><span style=\"font-size: revert;\">Mgr Pierre-Yves MICHEL vient \u00e0 Neuves-Maisons pour la messe dominicale et y passera la journ\u00e9e. Les paroisses Saint-Fran\u00e7ois-de-Sales et Sainte-Jeanne-de-Chantal recevront Mgr Michel un peu plus tard dans l\u2019ann\u00e9e.<\/span><\/span><\/p>\n<p><span style=\"color: #000000;\"><strong>\u00a0&#8211; Congr\u00e8s Mission <em>\u2018\u2019 Comment proposer l\u2019\u00e9vangile dans la soci\u00e9t\u00e9 actuelle \u2018\u2019<br \/><\/em><\/strong><strong>Du 29 septembre au 1<sup>er<\/sup> octobre \u00e0 Besan\u00e7on<\/strong>, r\u00e9fl\u00e9chir \u00e0 la vocation missionnaire de l&rsquo;\u00c9glise au Congr\u00e8s Mission qui se tient \u00e0 Besan\u00e7on.\u00a0Le p\u00e8re Raj y participe.\u00a0<\/span><\/p>\n<p><span style=\"color: #000000;\"><strong>\u00a0&#8211; Kermesse \u00e0 Notre Dame de Lourdes<br \/><\/strong><strong>\u00a0Les 7 et 8 octobre<\/strong> Kermesse \u00e0 Notre Dame de Lourdes de 9h30 \u00e0 17h30. Livres d&rsquo;occasion, brocante, p\u00e2tisseries, repas choucroute le dimanche midi (s&rsquo;inscrire au secr\u00e9tariat 03 83 55 43 76)<\/span><\/p>\n<p><span style=\"color: #000000;\"><strong>\u00a0&#8211; Concert Gospel family\u2019s<br \/><\/strong><strong>Le dimanche 15 octobre \u00e0 Pompey<\/strong>, \u00e0 15h, concert propos\u00e9 par le \u2018\u2019Relais Lorraine Op\u00e9ration Orange\u2019\u2019 de s\u0153ur Emmanuelle.<\/span><\/p>\n<p><span style=\"color: #000000;\"><strong>&#8211; Activit\u00e9s des \u00ab\u00a0voyageurs chr\u00e9tiens\u00a0\u00bb ouvertes \u00e0 tous<br \/><\/strong>Proposition de voyage\u00a0: <strong>Lundi 23 octobre<\/strong> : d\u00e9couverte de Domr\u00e9my et spectacle son et lumi\u00e8res \u00ab\u00a0Nikolaus\u00a0\u00bb retra\u00e7ant en 1H30 l&rsquo;histoire r\u00e9elle de Saint Nicolas.<\/span><\/p>\n","protected":false},"excerpt":{"rendered":"<p>Rentr\u00e9e des jeunes du MEJ (mouvement eucharistique des jeunes)Ce dimanche 1er octobre les jeunes du MEJ se retrouvent \u00e0 Ludres pour la messe et passent la journ\u00e9e \u00e0 la maison paroissiale. Qu\u00eate suppl\u00e9mentaire du premier dimanche du moisComme tous les premiers dimanches du mois, ce week-end, une qu\u00eate sera propos\u00e9e \u00e0 la sortie de chaque&hellip; <br \/> <a class=\"read-more\" href=\"https:\/\/paroisses-nancy-sud.fr\/HOME\/annonces-de-saint-francois-de-sales-et-sainte-jeanne-de-chantal-du-1er-octobre\/\">Lire la suite<\/a><\/p>\n","protected":false},"author":5,"featured_media":2464,"comment_status":"closed","ping_status":"open","sticky":false,"template":"","format":"standard","meta":[],"categories":[7],"tags":[],"acf":[],"_links":{"self":[{"href":"https:\/\/paroisses-nancy-sud.fr\/HOME\/wp-json\/wp\/v2\/posts\/3253"}],"collection":[{"href":"https:\/\/paroisses-nancy-sud.fr\/HOME\/wp-json\/wp\/v2\/posts"}],"about":[{"href":"https:\/\/paroisses-nancy-sud.fr\/HOME\/wp-json\/wp\/v2\/types\/post"}],"author":[{"embeddable":true,"href":"https:\/\/paroisses-nancy-sud.fr\/HOME\/wp-json\/wp\/v2\/users\/5"}],"replies":[{"embeddable":true,"href":"https:\/\/paroisses-nancy-sud.fr\/HOME\/wp-json\/wp\/v2\/comments?post=3253"}],"version-history":[{"count":1,"href":"https:\/\/paroisses-nancy-sud.fr\/HOME\/wp-json\/wp\/v2\/posts\/3253\/revisions"}],"predecessor-version":[{"id":3254,"href":"https:\/\/paroisses-nancy-sud.fr\/HOME\/wp-json\/wp\/v2\/posts\/3253\/revisions\/3254"}],"wp:featuredmedia":[{"embeddable":true,"href":"https:\/\/paroisses-nancy-sud.fr\/HOME\/wp-json\/wp\/v2\/media\/2464"}],"wp:attachment":[{"href":"https:\/\/paroisses-nancy-sud.fr\/HOME\/wp-json\/wp\/v2\/media?parent=3253"}],"wp:term":[{"taxonomy":"category","embeddable":true,"href":"https:\/\/paroisses-nancy-sud.fr\/HOME\/wp-json\/wp\/v2\/categories?post=3253"},{"taxonomy":"post_tag","embeddable":true,"href":"https:\/\/paroisses-nancy-sud.fr\/HOME\/wp-json\/wp\/v2\/tags?post=3253"}],"curies":[{"name":"wp","href":"https:\/\/api.w.org\/{rel}","templated":true}]}}