{"id":3255,"date":"2023-09-29T18:35:47","date_gmt":"2023-09-29T16:35:47","guid":{"rendered":"https:\/\/paroisses-nancy-sud.fr\/HOME\/?p=3255"},"modified":"2023-09-29T18:35:47","modified_gmt":"2023-09-29T16:35:47","slug":"le-mouvement-eucharistique-des-jeunes","status":"publish","type":"post","link":"https:\/\/paroisses-nancy-sud.fr\/HOME\/le-mouvement-eucharistique-des-jeunes\/","title":{"rendered":"Le Mouvement Eucharistique des Jeunes"},"content":{"rendered":"\n<h3><span style=\"color: #000000;\">Un mouvement \u00e9ducatif<\/span><\/h3>\n<p><span style=\"color: #000000;\">Le Mouvement Eucharistique des Jeunes est un mouvement d\u2019\u00e9ducation humaine et spirituelle qui s\u2019adresse aux enfants et aux jeunes de 7 \u00e0 18 ans qui d\u00e9sirent vivre \u00e0 la mani\u00e8re de J\u00e9sus. Le MEJ les aide \u00e0 construire une relation d\u2019amiti\u00e9 avec J\u00e9sus, en puisant ses fondements dans une spiritualit\u00e9 ignatienne. \u00ab Tout recevoir et tout donner \u00bb : telle est la devise du MEJ.<\/span><\/p>\n<h3><span style=\"color: #000000;\">Un mouvement d\u2019Eglise<\/span><\/h3>\n<p><span style=\"color: #000000;\">Association d\u2019\u00e9ducation populaire, le MEJ aide chaque jeune \u00e0 faire le lien entre sa vie et sa foi, \u00e0 d\u00e9couvrir les tr\u00e9sors spirituels pour les faire fructifier et en t\u00e9moigner. Le Mouvement Eucharistique des Jeunes est la section jeune du R\u00e9seau Mondial de Pri\u00e8re du Pape, une Oeuvre Pontificale et\u00a0assure sa mission depuis plus de cent ans d\u00e9j\u00e0.<\/span><\/p>\n<p><span style=\"color: #000000;\"><strong>Un mouvement engag\u00e9 dans le monde <\/strong><\/span><\/p>\n<p><span style=\"color: #000000;\">A vocation apostolique, le mouvement envoie les jeunes dans le monde afin d\u2019\u00eatre au service de leurs fr\u00e8res. Chaque enfant d\u00e9veloppe une sensibilit\u00e9 diff\u00e9rente : protection de la plan\u00e8te, des plus pauvres et d\u00e9munis, des plus fragiles\u2026 On s\u2019engage seul ou en \u00e9quipe pour faire l\u2019exp\u00e9rience de la rencontre de l\u2019autre, dans le Christ.<\/span><\/p>\n<p><span style=\"color: #000000;\"><strong>Nos valeurs<br \/><\/strong>Tout MEJiste<\/span><br \/><span style=\"color: #000000;\"><strong>croit que<\/strong>, gr\u00e2ce \u00e0 l\u2019amour chr\u00e9tien, un monde meilleur est possible<\/span><br \/><span style=\"color: #000000;\"><strong>apprend <\/strong>les valeurs de solidarit\u00e9, de paix et de dignit\u00e9 de l\u2019homme<\/span><br \/><span style=\"color: #000000;\">ose le d\u00e9fi de <strong>vivre<\/strong> l\u2019aventure de l\u2019amour gratuit offert \u00e0 tous sans exception<\/span><br \/><span style=\"color: #000000;\">est t\u00e9moin de <strong>la beaut\u00e9<\/strong> de la vie en communaut\u00e9<\/span><br \/><span style=\"color: #000000;\">propose <strong>l\u2019offrande<\/strong> de sa propre vie<\/span><br \/><span style=\"color: #000000;\">cultive des espaces de <strong>respect<\/strong> et d\u2019\u00e9ducation<\/span><\/p>\n<p>\u00a0<\/p>\n<p>\u00a0<\/p>\n","protected":false},"excerpt":{"rendered":"<p>Un mouvement \u00e9ducatif Le Mouvement Eucharistique des Jeunes est un mouvement d\u2019\u00e9ducation humaine et spirituelle qui s\u2019adresse aux enfants et aux jeunes de 7 \u00e0 18 ans qui d\u00e9sirent vivre \u00e0 la mani\u00e8re de J\u00e9sus. Le MEJ les aide \u00e0 construire une relation d\u2019amiti\u00e9 avec J\u00e9sus, en puisant ses fondements dans une spiritualit\u00e9 ignatienne. \u00ab&hellip; <br \/> <a class=\"read-more\" href=\"https:\/\/paroisses-nancy-sud.fr\/HOME\/le-mouvement-eucharistique-des-jeunes\/\">Lire la suite<\/a><\/p>\n","protected":false},"author":5,"featured_media":523,"comment_status":"closed","ping_status":"open","sticky":false,"template":"","format":"standard","meta":[],"categories":[6],"tags":[],"acf":[],"_links":{"self":[{"href":"https:\/\/paroisses-nancy-sud.fr\/HOME\/wp-json\/wp\/v2\/posts\/3255"}],"collection":[{"href":"https:\/\/paroisses-nancy-sud.fr\/HOME\/wp-json\/wp\/v2\/posts"}],"about":[{"href":"https:\/\/paroisses-nancy-sud.fr\/HOME\/wp-json\/wp\/v2\/types\/post"}],"author":[{"embeddable":true,"href":"https:\/\/paroisses-nancy-sud.fr\/HOME\/wp-json\/wp\/v2\/users\/5"}],"replies":[{"embeddable":true,"href":"https:\/\/paroisses-nancy-sud.fr\/HOME\/wp-json\/wp\/v2\/comments?post=3255"}],"version-history":[{"count":1,"href":"https:\/\/paroisses-nancy-sud.fr\/HOME\/wp-json\/wp\/v2\/posts\/3255\/revisions"}],"predecessor-version":[{"id":3256,"href":"https:\/\/paroisses-nancy-sud.fr\/HOME\/wp-json\/wp\/v2\/posts\/3255\/revisions\/3256"}],"wp:featuredmedia":[{"embeddable":true,"href":"https:\/\/paroisses-nancy-sud.fr\/HOME\/wp-json\/wp\/v2\/media\/523"}],"wp:attachment":[{"href":"https:\/\/paroisses-nancy-sud.fr\/HOME\/wp-json\/wp\/v2\/media?parent=3255"}],"wp:term":[{"taxonomy":"category","embeddable":true,"href":"https:\/\/paroisses-nancy-sud.fr\/HOME\/wp-json\/wp\/v2\/categories?post=3255"},{"taxonomy":"post_tag","embeddable":true,"href":"https:\/\/paroisses-nancy-sud.fr\/HOME\/wp-json\/wp\/v2\/tags?post=3255"}],"curies":[{"name":"wp","href":"https:\/\/api.w.org\/{rel}","templated":true}]}}