{"id":3274,"date":"2023-10-06T18:50:22","date_gmt":"2023-10-06T16:50:22","guid":{"rendered":"https:\/\/paroisses-nancy-sud.fr\/HOME\/?p=3274"},"modified":"2023-10-06T18:50:22","modified_gmt":"2023-10-06T16:50:22","slug":"annonces-de-la-visitation-du-8-octobre","status":"publish","type":"post","link":"https:\/\/paroisses-nancy-sud.fr\/HOME\/annonces-de-la-visitation-du-8-octobre\/","title":{"rendered":"Annonces de la Visitation du 8 octobre"},"content":{"rendered":"\n<p><span style=\"color: #000000;\"><strong><span style=\"text-decoration: underline;\">Bapt\u00eame :<\/span><br \/>Le dimanche 15 octobre,<\/strong>\u00a0 Lina recevra le sacrement de bapt\u00eame<\/span><br \/><em><span style=\"color: #000000;\">R\u00e9jouissons-nous et portons-la dans nos pri\u00e8res.<\/span><\/em><\/p>\n<p><span style=\"color: #000000;\"><strong><span style=\"text-decoration: underline;\">Messe des familles<\/span> <\/strong>:<\/span><br \/><span style=\"color: #000000;\"><strong>Le dimanche 15 octobre, 10h30, <\/strong>messe des familles \u00e0 l\u2019\u00e9glise de Neuves-Maisons.<\/span><\/p>\n<p><span style=\"color: #000000;\">Oui, il est toujours possible de s\u2019inscrire au cat\u00e9chisme\u00a0!<\/span><br \/><span style=\"color: #000000;\"><em><span style=\"color: #000000;\">Petit rappel\u00a0:<\/span><br \/><\/em>\u00c0 partir du CE2, les enfants d\u00e9butent la cat\u00e9ch\u00e8se (avant le CE2, c\u2019est l\u2019\u00e9veil \u00e0 la foi).<\/span><br \/><span style=\"color: #000000;\">La cat\u00e9ch\u00e8se se compose de\u00a0:<\/span><br \/><span style=\"color: #000000;\">* La messe des familles mensuelle : cette messe est organis\u00e9e pour et par les enfants qui sont partie prenante de la liturgie, notamment en assurant les lectures.<\/span><br \/><span style=\"color: #000000;\">* Les s\u00e9ances de cat\u00e9chisme : il y a une douzaine de rencontres dans l\u2019ann\u00e9e. Les horaires sont d\u00e9finis en d\u00e9but d\u2019ann\u00e9e, en fonction des disponibilit\u00e9s des enfants et des parents.<\/span><br \/><span style=\"color: #000000;\">* Les temps-forts : pour vivre les moments phares de l\u2019ann\u00e9e (avant No\u00ebl, avant P\u00e2ques) ou pour pr\u00e9parer les sacrements et f\u00eates (sacrement de r\u00e9conciliation, 1\u00e8re communion, profession de foi).<\/span><br \/><span style=\"color: #000000;\">Formulaire d\u2019inscription accessible depuis <a style=\"color: #000000;\" href=\"https:\/\/paroisses-nancy-sud.fr\/HOME\/catechisme\/\">le site<\/a> ou \u00e0 la maison paroissiale.<\/span><br \/><span style=\"color: #000000;\">Ce document est \u00e0 envoyer \u00e0 <a style=\"color: #000000;\" href=\"mailto:cate@paroisses-nancy-sud.fr\">cate@paroisses-nancy-sud.fr<\/a> ou \u00e0 remettre au secr\u00e9tariat<\/span><br \/><span style=\"color: #000000;\">Vous serez ensuite contact\u00e9s par un(e) cat\u00e9chiste.\u00a0<\/span><\/p>\n<p><span style=\"color: #000000;\"><strong><span style=\"text-decoration: underline;\">Kermesse :<\/span><br \/>Les 07 et 08 octobre<\/strong>, kermesse \u00e0 Notre Dame de Lourdes de 9h30 \u00e0 17h30. <em>Livres d\u2019occasion, brocante, p\u00e2tisseries, repas choucroute le dimanche midi (s\u2019inscrire au secr\u00e9tariat 03 83 55 43 76)<\/em><\/span><\/p>\n<p><span style=\"color: #000000;\"><strong><span style=\"text-decoration: underline;\">Equipe du Rosaire :<\/span><br \/>Jeudi 12 octobre, <\/strong>de 14h \u00e0 17h, toutes les \u00e9quipes du rosaire de la paroisse se retrouveront \u00e0 la salle paroissiale en pr\u00e9sence de la responsable dioc\u00e9saine et du pr\u00eatre aum\u00f4nier, Monsieur l\u2019abb\u00e9\u00a0Dominique Doidy.<\/span><\/p>\n<p><span style=\"color: #000000;\"><span style=\"text-decoration: underline;\"><strong>Du 15 au 22 octobre,<\/strong> semaine missionnaire mondiale<\/span>\u00a0<\/span><br \/><span style=\"color: #000000;\"><em>Le\u00a0<strong>22 octobre 2023<\/strong>, <\/em>la qu\u00eate imp\u00e9r\u00e9e<em> ( qu\u00eate imp\u00e9r\u00e9e : faites lors de messes, affect\u00e9e \u00e0 des causes sp\u00e9cifiques ayant une place particuli\u00e8re pour l\u2019\u00c9glise. Ces qu\u00eates mobilisent les fid\u00e8les autour des grands enjeux de l\u2019\u00c9glise dans leur dioc\u00e8se, en France et dans le monde) s<\/em>era faite au profit des missions. L\u2019argent r\u00e9colt\u00e9 sera transmis aux\u00a0<a style=\"color: #000000;\" href=\"https:\/\/www.opm-france.org\/\">\u0152uvres Pontificales Missionnaires<\/a>\u00a0qui ont la charge de sa collecte et de sa distribution pour que vive l\u2019\u00c9glise partout dans le monde.<\/span><\/p>\n<p><span style=\"color: #000000;\"><strong><span style=\"text-decoration: underline;\">Rassemblement \u00e0 Lourdes<\/span> <br \/>Du 20 au 23 octobre, <\/strong>dans le cadre de la d\u00e9marche Kerygma, un rassemblement national aura lieu\u00a0\u00e0 Lourdes. Une d\u00e9l\u00e9gation de notre dioc\u00e8se se rendra \u00e0 ce rassemblement avec notre \u00e9v\u00eaque, Monseigneur Pierre-Yves Michel.<\/span><\/p>\n<p><span style=\"color: #000000;\"><strong>\u00a0<\/strong><span style=\"text-decoration: underline;\"><strong>Dimanche 15 octobre<\/strong>, <strong>vente des calendriers<\/strong> <\/span>au fond de l\u2019\u00e9glise au prix de 4 euros\u00a0;<\/span><\/p>\n<p><span style=\"color: #000000;\"><span style=\"text-decoration: underline;\"><strong>\u00a0<\/strong><strong>Messes \u00e0 la Visitation\u00a0<br \/><\/strong><\/span>Samedi 14 octobre \u00e0 18h00 Sexey-aux-Forges<\/span><br \/><span style=\"color: #000000;\">Dimanche 15 octobre \u00e0 10h \u00e0 Pulligny et 10h30 \u00e0 Neuves-Maisons.<\/span><\/p>\n<p><span style=\"color: #000000;\"><strong><span style=\"text-decoration: underline;\">Messes en semaine.<\/span><em><span style=\"text-decoration: underline;\">\u00a0<\/span><br \/><\/em><\/strong>Jeudi\u00a0: adoration \u00e0 16h00 et messe \u00e0 16h30 \u00e0 la chapelle.<\/span><br \/><span style=\"color: #000000;\">Vendredi\u00a0: messe \u00e0 08h20 chez les s\u0153urs \u00e0 Bainville, 67 rue Jacques Callot.<\/span><\/p>\n<p><span style=\"color: #000000;\"><strong><u>Permanences \u00e0 la maison paroissiale :<\/u><\/strong> <\/span><br \/><span style=\"color: #000000;\">Mardi de 14h \u00e0 16h30 et Samedi de 9h30 \u00e0 11h30<\/span><br \/><span style=\"color: #000000;\">tel : 03 83 47 25 54 \u2013 <em><strong>adresse mail<\/strong><\/em><strong> : <\/strong><a style=\"color: #000000;\" href=\"mailto:visitationmm@orange.fr\">visitationmm@orange.fr<\/a>\u00a0 <\/span><br \/><span style=\"color: #000000;\">Horaires des messes :\u00a0 <a style=\"color: #000000;\" href=\"https:\/\/messes.info\/\">messesinfo<\/a><em> (cliquer sur le lien)<\/em><\/span><\/p>\n\n\n","protected":false},"excerpt":{"rendered":"<p>Bapt\u00eame :Le dimanche 15 octobre,\u00a0 Lina recevra le sacrement de bapt\u00eameR\u00e9jouissons-nous et portons-la dans nos pri\u00e8res. Messe des familles :Le dimanche 15 octobre, 10h30, messe des familles \u00e0 l\u2019\u00e9glise de Neuves-Maisons. Oui, il est toujours possible de s\u2019inscrire au cat\u00e9chisme\u00a0!Petit rappel\u00a0:\u00c0 partir du CE2, les enfants d\u00e9butent la cat\u00e9ch\u00e8se (avant le CE2, c\u2019est l\u2019\u00e9veil \u00e0&hellip; <br \/> <a class=\"read-more\" href=\"https:\/\/paroisses-nancy-sud.fr\/HOME\/annonces-de-la-visitation-du-8-octobre\/\">Lire la suite<\/a><\/p>\n","protected":false},"author":5,"featured_media":472,"comment_status":"closed","ping_status":"open","sticky":false,"template":"","format":"standard","meta":[],"categories":[10],"tags":[],"acf":[],"_links":{"self":[{"href":"https:\/\/paroisses-nancy-sud.fr\/HOME\/wp-json\/wp\/v2\/posts\/3274"}],"collection":[{"href":"https:\/\/paroisses-nancy-sud.fr\/HOME\/wp-json\/wp\/v2\/posts"}],"about":[{"href":"https:\/\/paroisses-nancy-sud.fr\/HOME\/wp-json\/wp\/v2\/types\/post"}],"author":[{"embeddable":true,"href":"https:\/\/paroisses-nancy-sud.fr\/HOME\/wp-json\/wp\/v2\/users\/5"}],"replies":[{"embeddable":true,"href":"https:\/\/paroisses-nancy-sud.fr\/HOME\/wp-json\/wp\/v2\/comments?post=3274"}],"version-history":[{"count":1,"href":"https:\/\/paroisses-nancy-sud.fr\/HOME\/wp-json\/wp\/v2\/posts\/3274\/revisions"}],"predecessor-version":[{"id":3275,"href":"https:\/\/paroisses-nancy-sud.fr\/HOME\/wp-json\/wp\/v2\/posts\/3274\/revisions\/3275"}],"wp:featuredmedia":[{"embeddable":true,"href":"https:\/\/paroisses-nancy-sud.fr\/HOME\/wp-json\/wp\/v2\/media\/472"}],"wp:attachment":[{"href":"https:\/\/paroisses-nancy-sud.fr\/HOME\/wp-json\/wp\/v2\/media?parent=3274"}],"wp:term":[{"taxonomy":"category","embeddable":true,"href":"https:\/\/paroisses-nancy-sud.fr\/HOME\/wp-json\/wp\/v2\/categories?post=3274"},{"taxonomy":"post_tag","embeddable":true,"href":"https:\/\/paroisses-nancy-sud.fr\/HOME\/wp-json\/wp\/v2\/tags?post=3274"}],"curies":[{"name":"wp","href":"https:\/\/api.w.org\/{rel}","templated":true}]}}