{"id":3277,"date":"2023-10-08T19:13:28","date_gmt":"2023-10-08T17:13:28","guid":{"rendered":"https:\/\/paroisses-nancy-sud.fr\/HOME\/?p=3277"},"modified":"2023-10-08T19:13:28","modified_gmt":"2023-10-08T17:13:28","slug":"annonces-de-saint-francois-de-sales-et-sainte-jeanne-de-chantal-du-8-octobre","status":"publish","type":"post","link":"https:\/\/paroisses-nancy-sud.fr\/HOME\/annonces-de-saint-francois-de-sales-et-sainte-jeanne-de-chantal-du-8-octobre\/","title":{"rendered":"Annonces de Saint-Fran\u00e7ois-de-Sales et Sainte-Jeanne-de Chantal du 8 octobre"},"content":{"rendered":"\n<p><span style=\"color: #000000;\"><strong><span style=\"text-decoration: underline;\">Eveil \u00e0 la foi pour les 3 \u00e0 7 ans<\/span><br \/><\/strong><strong>La premi\u00e8re rencontre de l\u2019ann\u00e9e se fera \u00e0 Jarville le dimanche 8 octobre \u00e0 9h30 <\/strong>dans les salles paroissiales. Les enfants viennent accompagn\u00e9s des parents qui participent \u00e0 la s\u00e9ance. Contact\u00a0: Sophie Defrance 06 83 29 75 95<\/span><\/p>\n<p><span style=\"color: #000000;\"><strong><span style=\"text-decoration: underline;\">Dimanche 8 octobre, table ouverte \u00e0 Jarville<\/span><br \/><\/strong><strong>Le dimanche 8 octobre \u00e0 Jarville, \u00e0 partir de midi, dans les salles paroissiales : <\/strong>chacun apporte de quoi partager et on fait connaissance. N\u2019h\u00e9sitez pas \u00e0 faire conna\u00eetre ce temps fraternel \u00e0 un voisin, \u00e0 un ami.<\/span><\/p>\n<p><span style=\"color: #000000;\"><strong><span style=\"text-decoration: underline;\">Pri\u00e8re du soir, 2<sup>\u00e8me<\/sup> vendredi du mois \u00e0 Jarville<\/span><br \/><\/strong>La pri\u00e8re rythme notre temps. Matin, midi et soir, le chr\u00e9tien est appel\u00e9 \u00e0 se tourner vers le Dieu vivant, son Seigneur. Ainsi, \u00e0 la tomb\u00e9e du jour, <strong>\u00e0 20h30 le deuxi\u00e8me vendredi du mois<\/strong>: <strong>un quart d\u2019heure pour louer Dieu \u2013 un quart d\u2019heure pour recevoir sa Parole dans la paix \u2013 un quart d\u2019heure pour lui confier notre repos de la nuit (Complies).<br \/><\/strong><strong>Rendez-vous ce vendredi 13 octobre \u00e0 20h30 \u00e0 l\u2019\u00e9glise de Jarville.<\/strong><\/span><\/p>\n<p><span style=\"color: #000000;\"><strong><span style=\"text-decoration: underline;\">F\u00eates patronales \u00e0 Sainte-Jeanne-de-Chantal<\/span> :<br \/><\/strong><strong>\u00a0&#8211; Les Saints Anges Gardiens<\/strong>, patrons de l\u2019\u00e9glise d\u2019Heillecourt se f\u00eatent le 2 octobre. Nous prenons<strong> le temps d\u2019un ap\u00e9ritif le samedi 7 octobre apr\u00e8s la messe \u00e0 la salle Arc en Ciel.<br \/><\/strong><strong>\u00a0&#8211; Saint Firmin<\/strong>, patron de l\u2019\u00e9glise de Flavigny se f\u00eate le 11 octobre. Nous prendrons le temps d\u2019un moment convivial \u00e0 la sortie de la <strong>messe le dimanche 8 octobre<\/strong>.<\/span><\/p>\n<p><span style=\"color: #000000;\"><strong><span style=\"text-decoration: underline;\">Mois d\u2019octobre, mois du Rosaire<\/span><br \/><\/strong>Les \u00c9quipes du Rosaire\u00a0de Jarville\u00a0et Fl\u00e9ville,\u00a0proposent de r\u00e9citer\u00a0et m\u00e9diter le chapelet.\u00a0Nous nous retrouverons <strong>les lundis d\u2019octobre 9, 16 et le 23 octobre \u00e0<\/strong> <strong>17h dans l\u2019\u00e9glise de Jarville et \u00e9galement le 30 octobre \u00e0 Richardm\u00e9nil.<\/strong><\/span><\/p>\n<p><span style=\"color: #000000;\"><strong><span style=\"text-decoration: underline;\">Prochaine r\u00e9union AJC (4<sup>\u00e8mes<\/sup>-3<sup>\u00e8mes<\/sup> -lyc\u00e9e)<\/span><br \/><\/strong><span style=\"font-size: revert;\">Les jeunes se retrouvent \u00e0<\/span><strong style=\"font-size: revert;\"> Ludres le<\/strong> <strong style=\"font-size: revert;\">vendredi 13 octobre \u00e0 19h pour leur soir\u00e9e mensuelle.<\/strong><\/span><\/p>\n<p><span style=\"color: #000000;\"><strong><span style=\"text-decoration: underline;\">Messe des familles<\/span><br \/><\/strong><strong>Dimanche 15 octobre messe des familles \u00e0 Neuves-Maisons \u00e0 10h30.<\/strong><\/span><\/p>\n<p><span style=\"color: #000000;\"><strong><span style=\"text-decoration: underline;\">Horaires des messes dominicales des 14 et 15 octobre 2023<\/span> :<br \/><\/strong><strong>Samedi 14 octobre : 18h <\/strong>Heillecourt, Laneuveville, Sexey aux Forges. <br \/><strong>Dimanche 15 octobre : 10h <\/strong>Pulligny\u00a0 \u00a0 \u00a0 \u00a0 <strong>10h30 <\/strong>Jarville, Neuves- Maisons\u00a0\u00a0\u00a0\u00a0\u00a0\u00a0\u00a0 <strong>11h <\/strong>Ludres<\/span><\/p>\n<p><span style=\"color: #000000;\"><strong><span style=\"text-decoration: underline;\">Visite pastorale de Mgr Pierre-Yves MICHEL \u00e0 la paroisse de la Visitation<\/span> :<br \/><\/strong><strong>Le dimanche 8 octobre, <\/strong>Mgr Pierre-Yves MICHEL vient \u00e0 Neuves-Maisons pour la messe dominicale et y passera la journ\u00e9e. Les paroisses Saint-Fran\u00e7ois-de-Sales et Sainte-Jeanne-de-Chantal recevront Mgr Michel un peu plus tard dans l\u2019ann\u00e9e.<\/span><\/p>\n<p><span style=\"color: #000000;\"><strong><span style=\"text-decoration: underline;\">Retour des JMJ :\u00a0<\/span><br \/><\/strong>Je tenais au nom de chaque JMJiste \u00e0 vous remercier de nous avoir permis de vivre ces JMJ.<\/span><br \/><span style=\"color: #000000;\">Gr\u00e2ce \u00e0 vous, nous avons pu vivre des moments forts, faire de belles rencontres, et tant d&rsquo;autres choses. Pour vous remercier et vous donner un aper\u00e7u de ce que nous avons v\u00e9cu, nous vous convions \u00e0 <strong>une table ouverte le dimanche 15 octobre 2023 \u00e0 Ludres.<\/strong> Chaque personne qui le souhaite peux apporter quelque chose \u00e0 partager.<\/span><br \/><span style=\"color: #000000;\">Nous vous convions <strong>\u00e0 12 h dans les salles de Ludres<\/strong>. Pour ceux qui ne souhaitent pas faire le repas avec nous, il est toujours possible de nous <strong>rejoindre pour 14h30-15h<\/strong> et assister \u00e0 la pr\u00e9sentation des photos et r\u00e9cits de nos aventures. Louise Thiriet 07 88 34 81 91<\/span><\/p>\n<p><span style=\"color: #000000;\"><strong>\u00a0<\/strong><strong><span style=\"text-decoration: underline;\">Groupes de lecture de la lettre aux Eph\u00e9siens<\/span><br \/><\/strong>Les groupes de nos paroisses qui existent d\u00e9j\u00e0 reprennent leurs rencontres. Contacts\u00a0: \u00e0 Jarville, Odile Bonmati\u00a0: 06 2346 74 1\u00a0; \u00e0 Heillecourt, Antoine M\u00e9riaux 06 74 68 03 35, \u00e0 Ludres, Nicole Pierrot, 06 15 84 57 46. Un nouveau groupe est en train de se constituer. Contacter Catherine\u00a0: 06 75 53 36 05.<\/span><\/p>\n<p><span style=\"color: #000000;\"><strong><span style=\"text-decoration: underline;\">Groupes de pri\u00e8re<\/span><br \/><\/strong><strong>Un groupe \u2018\u2019Prions en quartier\u2019\u2019<\/strong> <strong>d\u00e9marre \u00e0 Jarville autour de l\u2019encyclique du Pape Fran\u00e7ois, \u2018\u2019Laudato Si\u2019\u2019, et d\u2019un temps de pri\u00e8re, une fois par mois. Contact Marie-France Dufour 06 87 02 84 21<br \/><\/strong><strong>Un autre groupe, <em>\u00ab\u00a0Venez et voyez\u00a0\u00bb<\/em> se constitue pour r\u00e9fl\u00e9chir sur l\u2019\u00e9vangile du dimanche \u00e0 venir. La 1<sup>\u00e8re<\/sup> soir\u00e9e sera le vendredi 13 octobre \u00e0 18h. Contact\u00a0: No\u00eblle 06 73 47 68 72<\/strong><\/span><\/p>\n<p><span style=\"color: #000000;\"><span style=\"text-decoration: underline;\"><strong>La Toussaint \u00e0 Taiz\u00e9 pour les lyc\u00e9ens<br \/><\/strong><\/span>Quelques milliers de lyc\u00e9ens fran\u00e7ais se retrouvent chaque ann\u00e9e \u00e0 Taiz\u00e9 (Sa\u00f4ne et Loire) autour de la Toussaint (cf. <a style=\"color: #000000;\" href=\"http:\/\/taize.fr\">taize.fr<\/a>). Nous allons constituer un bus pour participer \u00e0 cette rencontre. D\u00e9part pr\u00e9vu le <strong>30 octobre en matin\u00e9e et retour le 3 novembre dans l\u2019apr\u00e8s-midi<\/strong>. La participation est estim\u00e9e \u00e0 80\u20ac. Pour en savoir plus et \u00eatre tenu inform\u00e9, contacter : P. Alexandre-Marie, <a style=\"color: #000000;\" href=\"mailto:amvalder@lilo.org\">amvalder@lilo.org<\/a><\/span><\/p>\n<p><span style=\"color: #000000;\"><strong><span style=\"text-decoration: underline;\">Autres annonces<\/span> :\u00a0<br \/><\/strong><strong>\u00a0&#8211; <em>Synode des \u00e9v\u00eaques sur la Synodalit\u00e9 \u00e0 Rome<\/em><br \/><\/strong>Le pape Fran\u00e7ois a ouvert le 4 octobre la phase finale du synode des \u00e9v\u00eaques sur le th\u00e8me de la synodalit\u00e9. Notre \u00e9v\u00eaque nous demande de porter ce synode dans la pri\u00e8re.<\/span><br \/><span style=\"color: #000000;\"><strong>\u00a0&#8211; <em>Kermesse \u00e0 Notre Dame de Lourdes<\/em><br \/><\/strong><strong>\u00a0Les 7 et 8 octobre<\/strong> Kermesse \u00e0 Notre Dame de Lourdes de 9h30 \u00e0 17h30. Livres d&rsquo;occasion, brocante, p\u00e2tisseries, repas choucroute le dimanche midi (s&rsquo;inscrire au secr\u00e9tariat 03 83 55 43 76)<\/span><br \/><span style=\"color: #000000;\"><strong>\u00a0&#8211; <em>Les mardis de la formation<\/em> <em>: \u2018\u2019A la d\u00e9couverte de la th\u00e9ologie de Benoit VXI\u2019\u2019<br \/><\/em><\/strong><strong>Le mardi 10 octobre \u00e0 14h30 ou \u00e020h30 salle St Vincent de Paul, sous l\u2019\u00e9glise St Pierre de Nancy, rue Lionnois, premi\u00e8re rencontre, avec le p\u00e8re Jacques Bombardier.<br \/><\/strong><strong style=\"font-size: revert;\">\u00a0&#8211; <em>Concert Gospel family\u2019s<br \/><\/em><\/strong><strong>Le dimanche 15 octobre \u00e0 Pompey<\/strong>, \u00e0 15h, concert propos\u00e9 par le \u2018\u2019Relais Lorraine Op\u00e9ration Orange\u2019\u2019 de s\u0153ur Emmanuelle.<\/span><br \/><span style=\"color: #000000;\"><strong>\u00a0&#8211; <em>Activit\u00e9s des \u00ab\u00a0voyageurs chr\u00e9tiens\u00a0\u00bb ouvertes \u00e0 tous<\/em><br \/><\/strong>Proposition de voyage\u00a0: <strong>Lundi 23 octobre<\/strong> : d\u00e9couverte de Domr\u00e9my et spectacle son et lumi\u00e8res \u00ab\u00a0Nikolaus\u00a0\u00bb retra\u00e7ant en 1H30 l&rsquo;histoire r\u00e9elle de Saint Nicolas.<\/span><br \/><span style=\"color: #000000;\"><strong>\u00a0&#8211;<em> Semaine missionnaire du 15 au 22 octobre 2023<\/em><br \/><\/strong>Chaque ann\u00e9e, l\u2019\u00e9glise, nous donne rendez-vous en octobre pour raviver l\u2019\u00e9lan missionnaire universel. <strong>\u00ab<\/strong><em>\u00a0Pour la Journ\u00e9e Mondiale des Missions de cette ann\u00e9e, j\u2019ai choisi un th\u00e8me qui s\u2019inspire du r\u00e9cit des disciples d\u2019Emma\u00fcs, dans l\u2019\u00c9vangile de Luc (cf. 24, 13-35)\u00a0: <strong>\u201cDes c\u0153urs br\u00fblants, des pieds en marche \u201d<\/strong>. Ces deux disciples sont troubl\u00e9s et d\u00e9\u00e7us, mais la rencontre avec le Christ dans la Parole et dans le Pain rompu a allum\u00e9 en eux l\u2019enthousiasme de se remettre en route pour J\u00e9rusalem et d\u2019annoncer que le Seigneur est vraiment ressuscit\u00e9.<\/em><em>\u00a0<\/em><em>\u00bb Pape Fran\u00e7ois<br \/><\/em><strong>\u00a0&#8211; <em>K\u00e9rygma ou premi\u00e8re annonce de la foi \u2018\u2019A vous d\u2019en \u00eatre les t\u00e9moins \u2018\u2019Lc 24, 48<br \/><\/em><\/strong>Un rassemblement national a lieu \u00e0 <strong>Lourdes du 20 au 23 octobre<\/strong>. Une d\u00e9l\u00e9gation de 38 personnes de notre dioc\u00e8se autour de notre \u00e9v\u00eaque Mgr Pierre-Yves MICHEL y participera. Stimuler et redonner un \u00e9lan \u00e0 l\u2019\u00e9vang\u00e9lisation en France. N\u00e9cessit\u00e9 d\u2019une annonce dans toutes les pastorales car toutes sont au service de l\u2019\u00e9vang\u00e9lisation Chaque baptis\u00e9 est disciple missionnaire.<\/span><\/p>\n","protected":false},"excerpt":{"rendered":"<p>Eveil \u00e0 la foi pour les 3 \u00e0 7 ansLa premi\u00e8re rencontre de l\u2019ann\u00e9e se fera \u00e0 Jarville le dimanche 8 octobre \u00e0 9h30 dans les salles paroissiales. Les enfants viennent accompagn\u00e9s des parents qui participent \u00e0 la s\u00e9ance. Contact\u00a0: Sophie Defrance 06 83 29 75 95 Dimanche 8 octobre, table ouverte \u00e0 JarvilleLe dimanche&hellip; <br \/> <a class=\"read-more\" href=\"https:\/\/paroisses-nancy-sud.fr\/HOME\/annonces-de-saint-francois-de-sales-et-sainte-jeanne-de-chantal-du-8-octobre\/\">Lire la suite<\/a><\/p>\n","protected":false},"author":5,"featured_media":2464,"comment_status":"closed","ping_status":"open","sticky":false,"template":"","format":"standard","meta":[],"categories":[7],"tags":[],"acf":[],"_links":{"self":[{"href":"https:\/\/paroisses-nancy-sud.fr\/HOME\/wp-json\/wp\/v2\/posts\/3277"}],"collection":[{"href":"https:\/\/paroisses-nancy-sud.fr\/HOME\/wp-json\/wp\/v2\/posts"}],"about":[{"href":"https:\/\/paroisses-nancy-sud.fr\/HOME\/wp-json\/wp\/v2\/types\/post"}],"author":[{"embeddable":true,"href":"https:\/\/paroisses-nancy-sud.fr\/HOME\/wp-json\/wp\/v2\/users\/5"}],"replies":[{"embeddable":true,"href":"https:\/\/paroisses-nancy-sud.fr\/HOME\/wp-json\/wp\/v2\/comments?post=3277"}],"version-history":[{"count":1,"href":"https:\/\/paroisses-nancy-sud.fr\/HOME\/wp-json\/wp\/v2\/posts\/3277\/revisions"}],"predecessor-version":[{"id":3278,"href":"https:\/\/paroisses-nancy-sud.fr\/HOME\/wp-json\/wp\/v2\/posts\/3277\/revisions\/3278"}],"wp:featuredmedia":[{"embeddable":true,"href":"https:\/\/paroisses-nancy-sud.fr\/HOME\/wp-json\/wp\/v2\/media\/2464"}],"wp:attachment":[{"href":"https:\/\/paroisses-nancy-sud.fr\/HOME\/wp-json\/wp\/v2\/media?parent=3277"}],"wp:term":[{"taxonomy":"category","embeddable":true,"href":"https:\/\/paroisses-nancy-sud.fr\/HOME\/wp-json\/wp\/v2\/categories?post=3277"},{"taxonomy":"post_tag","embeddable":true,"href":"https:\/\/paroisses-nancy-sud.fr\/HOME\/wp-json\/wp\/v2\/tags?post=3277"}],"curies":[{"name":"wp","href":"https:\/\/api.w.org\/{rel}","templated":true}]}}