{"id":3279,"date":"2023-10-08T19:16:48","date_gmt":"2023-10-08T17:16:48","guid":{"rendered":"https:\/\/paroisses-nancy-sud.fr\/HOME\/?p=3279"},"modified":"2023-10-08T19:16:48","modified_gmt":"2023-10-08T17:16:48","slug":"leglise-une-mosaique-desperance-damour-et-de-paix","status":"publish","type":"post","link":"https:\/\/paroisses-nancy-sud.fr\/HOME\/leglise-une-mosaique-desperance-damour-et-de-paix\/","title":{"rendered":"<strong>L\u2019\u00c9glise, une mosa\u00efque d&rsquo;esp\u00e9rance, d&rsquo;amour et de paix<\/strong>"},"content":{"rendered":"\n<p class=\"Standard\" style=\"text-align: justify; text-justify: inter-ideograph;\"><span style=\"color: #000000;\">Face aux paroles de haine, d\u2019exclusion et de rejet dont nous abreuvent quotidiennement les m\u00e9dias et qui finissent par alt\u00e9rer notre discernement et nous conduire \u00e0 la r\u00e9signation, le Pape Fran\u00e7ois est venu \u00e0 Marseille nous rappeler l\u2019interpellation que le Christ adresse \u00e0 chacun de nous\u00a0: \u00ab Qu\u2019as-tu fait de ton fr\u00e8re\u00a0? \u00bb<\/span><\/p>\n<p class=\"Standard\" style=\"text-align: justify; text-justify: inter-ideograph;\"><span style=\"color: #000000;\">Il oppose \u00e0 la haine, l\u2019accueil de l\u2019\u00e9tranger au nom de Dieu\u00a0en disant\u00a0: \u00ab\u00a0que personne ne garde dans son c\u0153ur des sentiments de haine pour son prochain\u2026 celui qui hait, ne serait-ce qu\u2019un seul homme, ne pourra pas se tenir tranquille devant Dieu\u00a0!\u00a0\u00bb<\/span><\/p>\n<p class=\"Standard\" style=\"text-align: justify; text-justify: inter-ideograph;\"><span style=\"color: #000000;\">Messager infatigable de l\u2019\u00c9vangile, le Pape Fran\u00e7ois nous invite \u00e0 pratiquer la compassion et \u00e0 la fraternit\u00e9 et nous exhorte \u00ab \u00e0 ne pas nous contenter de mots qui ne servent \u00e0 rien mais \u00e0 nous mettre en action pour combattre le fanatisme de l\u2019indiff\u00e9rence \u00bb<\/span><\/p>\n<p class=\"Standard\" style=\"text-align: justify; text-justify: inter-ideograph;\"><span style=\"color: #000000;\">D\u00e9non\u00e7ant les terribles drames en M\u00e9diterran\u00e9e, le Pape Fran\u00e7ois nous appelle \u00e0 un sursaut de la conscience\u00a0: \u00ab Ne nous r\u00e9signons pas \u00e0 consid\u00e9rer ces drames comme des faits divers &#8230;les morts ne sont pas des num\u00e9ros, ce sont des noms, des pr\u00e9noms, des histoires de vies bris\u00e9es, des r\u00eaves an\u00e9antis\u2026 nous devons surmonter la paralysie de la peur et le d\u00e9sint\u00e9r\u00eat qui condamnent nos fr\u00e8res et s\u0153urs \u00e0 mort avec des gants de velours&#8230; Le ciel nous b\u00e9nira si, sur terre ou sur mer, nous savons prendre soin des plus faibles \u00bb<\/span><\/p>\n<p class=\"Standard\" style=\"text-align: justify; text-justify: inter-ideograph;\"><span style=\"color: #000000;\">C\u2019est anim\u00e9 de cet esprit de charit\u00e9 et de mis\u00e9ricorde, que le Pape Fran\u00e7ois s\u2019est rendu dans le quartier le plus pauvre de France \u00e0 la rencontre des plus d\u00e9munis, rappelant que \u00ab l\u2019hospitalit\u00e9 est un devoir de civilisation\u00a0\u00bb et stigmatisant \u00ab\u00a0le consum\u00e9risme, l\u2019opulence et le gaspillage qui font pr\u00e9valoir le dieu argent sur le Dieu Humain qui doit s\u2019incarner dans la solidarit\u00e9, la dignit\u00e9 et la justice sociale\u00a0\u00bb<\/span><\/p>\n<p class=\"Standard\" style=\"text-align: justify; text-justify: inter-ideograph;\"><span style=\"color: #000000;\">Puisse l\u2019\u00c9glise devenir cette mosa\u00efque d\u2019esp\u00e9rance et de paix, figure de proue de la civilisation de l\u2019amour que le pape Fran\u00e7ois appelle de ses v\u0153ux\u00a0!<\/span><\/p>\n<p class=\"Standard\" style=\"text-align: right;\" align=\"right\"><span style=\"color: #000000;\"><i>\u00c9quipe liturgique Saint-Fran\u00e7ois-de-Sales,<br \/>Extraits de l&rsquo;intervention du Pape Fran\u00e7ois \u00e0 Marseille les 22 et 23 septembre 2023<\/i><\/span><\/p>\n","protected":false},"excerpt":{"rendered":"<p>Face aux paroles de haine, d\u2019exclusion et de rejet dont nous abreuvent quotidiennement les m\u00e9dias et qui finissent par alt\u00e9rer notre discernement et nous conduire \u00e0 la r\u00e9signation, le Pape Fran\u00e7ois est venu \u00e0 Marseille nous rappeler l\u2019interpellation que le Christ adresse \u00e0 chacun de nous\u00a0: \u00ab Qu\u2019as-tu fait de ton fr\u00e8re\u00a0? \u00bb Il oppose&hellip; <br \/> <a class=\"read-more\" href=\"https:\/\/paroisses-nancy-sud.fr\/HOME\/leglise-une-mosaique-desperance-damour-et-de-paix\/\">Lire la suite<\/a><\/p>\n","protected":false},"author":5,"featured_media":529,"comment_status":"closed","ping_status":"open","sticky":false,"template":"","format":"standard","meta":[],"categories":[6],"tags":[],"acf":[],"_links":{"self":[{"href":"https:\/\/paroisses-nancy-sud.fr\/HOME\/wp-json\/wp\/v2\/posts\/3279"}],"collection":[{"href":"https:\/\/paroisses-nancy-sud.fr\/HOME\/wp-json\/wp\/v2\/posts"}],"about":[{"href":"https:\/\/paroisses-nancy-sud.fr\/HOME\/wp-json\/wp\/v2\/types\/post"}],"author":[{"embeddable":true,"href":"https:\/\/paroisses-nancy-sud.fr\/HOME\/wp-json\/wp\/v2\/users\/5"}],"replies":[{"embeddable":true,"href":"https:\/\/paroisses-nancy-sud.fr\/HOME\/wp-json\/wp\/v2\/comments?post=3279"}],"version-history":[{"count":1,"href":"https:\/\/paroisses-nancy-sud.fr\/HOME\/wp-json\/wp\/v2\/posts\/3279\/revisions"}],"predecessor-version":[{"id":3280,"href":"https:\/\/paroisses-nancy-sud.fr\/HOME\/wp-json\/wp\/v2\/posts\/3279\/revisions\/3280"}],"wp:featuredmedia":[{"embeddable":true,"href":"https:\/\/paroisses-nancy-sud.fr\/HOME\/wp-json\/wp\/v2\/media\/529"}],"wp:attachment":[{"href":"https:\/\/paroisses-nancy-sud.fr\/HOME\/wp-json\/wp\/v2\/media?parent=3279"}],"wp:term":[{"taxonomy":"category","embeddable":true,"href":"https:\/\/paroisses-nancy-sud.fr\/HOME\/wp-json\/wp\/v2\/categories?post=3279"},{"taxonomy":"post_tag","embeddable":true,"href":"https:\/\/paroisses-nancy-sud.fr\/HOME\/wp-json\/wp\/v2\/tags?post=3279"}],"curies":[{"name":"wp","href":"https:\/\/api.w.org\/{rel}","templated":true}]}}