{"id":3283,"date":"2023-10-15T18:43:37","date_gmt":"2023-10-15T16:43:37","guid":{"rendered":"https:\/\/paroisses-nancy-sud.fr\/HOME\/?p=3283"},"modified":"2023-10-15T18:58:37","modified_gmt":"2023-10-15T16:58:37","slug":"annonces-de-la-visitation-8","status":"publish","type":"post","link":"https:\/\/paroisses-nancy-sud.fr\/HOME\/annonces-de-la-visitation-8\/","title":{"rendered":"Annonces de la Visitation du 15 octobre"},"content":{"rendered":"\n<p><span style=\"color: #000000;\"><strong><span style=\"text-decoration: underline;\">R\u00e9unions :<\/span><br \/>Vendredi 20 octobre \u00e0 17h00 : <\/strong>R\u00e9union du CEP, <em>conseil \u00e9conomique paroissial.<br \/><\/em><strong>Vendredi 27 octobre \u00e0 20h00\u00a0: <\/strong>R\u00e9union inter- EAP.\u00a0<em>3<\/em> <em>\u00e9quipes de l\u2019animation paroissiale du secteur pastoral Nancy Sud.<\/em><\/span><\/p>\n<p><span style=\"color: #000000;\"><span style=\"text-decoration: underline;\"><strong>Le\u00a0dimanche 15 octobre \u00e0 la messe de 11h15\u00a0<br \/><\/strong><\/span>Notre \u00e9v\u00eaque, Monseigneur Pierre-Yves Michel, accueillera les amateurs de mobilit\u00e9 douce le\u00a0dimanche 15 octobre \u00e0 la messe de 11h15\u00a0qu\u2019il conc\u00e9l\u00e8brera avec le p\u00e8re Guy Lescanne, recteur,\u00a0\u00e0 la cath\u00e9drale de Nancy.<\/span><br \/><span style=\"color: #000000;\">Il b\u00e9nira les cyclistes sur le parvis \u00e0 l\u2019issue de la c\u00e9l\u00e9bration vers 12h15.<\/span><br \/><span style=\"color: #000000;\"><em>Les cyclistes, les utilisateurs de trottinettes, de skates, de gyropodes et autres engins, appartenant \u00e0 la mobilit\u00e9 douce, pourront les d\u00e9poser \u00e0 l\u2019int\u00e9rieur de la cath\u00e9drale afin d\u2019\u00e9viter les vols.<\/em><\/span><\/p>\n<p><span style=\"color: #000000;\"><span style=\"text-decoration: underline;\"><em>\u00a0<\/em><em><strong>Semaine missionnaire du 15 au 22 octobre 2023<\/strong><\/em><\/span><strong><br \/><\/strong>Chaque ann\u00e9e, l\u2019\u00e9glise, nous donne rendez-vous en octobre pour raviver l\u2019\u00e9lan missionnaire universel.\u00a0<strong>\u00ab<\/strong><em>\u00a0Pour la Journ\u00e9e Mondiale des Missions de cette ann\u00e9e, j\u2019ai choisi un th\u00e8me qui s\u2019inspire du r\u00e9cit des disciples d\u2019Emma\u00fcs, dans l\u2019\u00c9vangile de Luc (cf. 24, 13-35)\u00a0:\u00a0<\/em><strong><em>\u201cDes c\u0153urs br\u00fblants, des pieds en marche \u201d<\/em><\/strong><em>. Ces deux disciples sont troubl\u00e9s et d\u00e9\u00e7us, mais la rencontre avec le Christ dans la Parole et dans le Pain rompu a allum\u00e9 en eux l\u2019enthousiasme de se remettre en route pour J\u00e9rusalem et d\u2019annoncer que le Seigneur est vraiment ressuscit\u00e9.\u00a0\u00bb Pape Fran\u00e7ois<\/em><\/span><\/p>\n<p><span style=\"color: #000000;\"><strong><span style=\"text-decoration: underline;\">Rassemblement \u00e0 Lourdes :<\/span><br \/>Du 20 au 23 octobre, <\/strong>dans le cadre de la d\u00e9marche Kerygma, un rassemblement national aura lieu\u00a0\u00e0 Lourdes. Une d\u00e9l\u00e9gation de notre dioc\u00e8se se rendra \u00e0 ce rassemblement avec notre \u00e9v\u00eaque, Monseigneur Pierre-Yves Michel.<\/span><\/p>\n<p><span style=\"color: #000000;\"><span style=\"text-decoration: underline;\"><strong>Oui, il est toujours possible de s\u2019inscrire au cat\u00e9chisme\u00a0!<br \/><\/strong><\/span>\u00c0 partir du CE2, les enfants d\u00e9butent la cat\u00e9ch\u00e8se (avant le CE2, c\u2019est l\u2019\u00e9veil \u00e0 la foi).<\/span><br \/><span style=\"color: #000000;\">La cat\u00e9ch\u00e8se se compose de\u00a0:<\/span><br \/><span style=\"color: #000000;\">* La messe des familles mensuelle : cette messe est organis\u00e9e pour et par les enfants qui sont partie prenante de la liturgie, notamment en assurant les lectures.<\/span><br \/><span style=\"color: #000000;\">* Les s\u00e9ances de cat\u00e9chisme : il y a une douzaine de rencontres dans l\u2019ann\u00e9e. Les horaires sont d\u00e9finis en d\u00e9but d\u2019ann\u00e9e, en fonction des disponibilit\u00e9s des enfants et des parents.<\/span><br \/><span style=\"color: #000000;\">* Les temps-forts : pour vivre les moments phares de l\u2019ann\u00e9e (avant No\u00ebl, avant P\u00e2ques) ou pour pr\u00e9parer les sacrements et f\u00eates (sacrement de r\u00e9conciliation, 1\u00e8re communion, profession de foi).<\/span><br \/><span style=\"color: #000000;\">Formulaire d\u2019inscription accessible depuis ce site ou \u00e0 la maison paroissiale.<\/span><br \/><span style=\"color: #000000;\">Ce document est \u00e0 envoyer \u00e0 <a style=\"color: #000000;\" href=\"mailto:cate@paroisses-nancy-sud.fr\">cate@paroisses-nancy-sud.fr<\/a> ou \u00e0 remettre au secr\u00e9tariat<\/span><br \/><span style=\"color: #000000;\">Vous serez ensuite contact\u00e9s par un(e) cat\u00e9chiste.\u00a0<\/span><\/p>\n<p><span style=\"color: #000000;\"><span style=\"text-decoration: underline;\"><strong>\u00a0<\/strong><\/span><strong><span style=\"text-decoration: underline;\">Messes \u00e0 la Visitation<\/span><br \/><\/strong>Samedi 21 octobre \u00e0 18h00\u00a0: Pierreville<\/span><br \/><span style=\"color: #000000;\">Dimanche 22 octobre \u00e0 10h30\u00a0: Neuves-Maisons.<\/span><\/p>\n<p><span style=\"color: #000000;\"><strong><span style=\"text-decoration: underline;\">Messes en semaine.<\/span><em>\u00a0<br \/><\/em><\/strong>Jeudi\u00a0: adoration \u00e0 16h00 et messe \u00e0 16h30 \u00e0 la chapelle.<\/span><br \/><span style=\"color: #000000;\">Vendredi\u00a0: messe \u00e0 08h20 chez les s\u0153urs \u00e0 Bainville, 67 rue Jacques Callot.<\/span><\/p>\n<p><span style=\"color: #000000;\"><u><strong>Permanences \u00e0 la maison paroissiale<\/strong> :<\/u> <\/span><br \/><span style=\"color: #000000;\">Mardi de 14h \u00e0 16h30 et Samedi de 9h30 \u00e0 11h30<\/span><br \/><span style=\"color: #000000;\">tel : 03 83 47 25 54 \u2013 <em><strong>adresse mail<\/strong><\/em><strong> : <\/strong><a style=\"color: #000000;\" href=\"mailto:visitationmm@orange.fr\">visitationmm@orange.fr<\/a>\u00a0 <\/span><br \/><span style=\"color: #000000;\">Horaires des messes :\u00a0 <a style=\"color: #000000;\" href=\"https:\/\/messes.info\/\">messesinfo<\/a><em> (cliquer sur le lien)<\/em><\/span><\/p>\n","protected":false},"excerpt":{"rendered":"<p>R\u00e9unions :Vendredi 20 octobre \u00e0 17h00 : R\u00e9union du CEP, conseil \u00e9conomique paroissial.Vendredi 27 octobre \u00e0 20h00\u00a0: R\u00e9union inter- EAP.\u00a03 \u00e9quipes de l\u2019animation paroissiale du secteur pastoral Nancy Sud. Le\u00a0dimanche 15 octobre \u00e0 la messe de 11h15\u00a0Notre \u00e9v\u00eaque, Monseigneur Pierre-Yves Michel, accueillera les amateurs de mobilit\u00e9 douce le\u00a0dimanche 15 octobre \u00e0 la messe de 11h15\u00a0qu\u2019il&hellip; <br \/> <a class=\"read-more\" href=\"https:\/\/paroisses-nancy-sud.fr\/HOME\/annonces-de-la-visitation-8\/\">Lire la suite<\/a><\/p>\n","protected":false},"author":5,"featured_media":472,"comment_status":"closed","ping_status":"open","sticky":false,"template":"","format":"standard","meta":[],"categories":[10],"tags":[],"acf":[],"_links":{"self":[{"href":"https:\/\/paroisses-nancy-sud.fr\/HOME\/wp-json\/wp\/v2\/posts\/3283"}],"collection":[{"href":"https:\/\/paroisses-nancy-sud.fr\/HOME\/wp-json\/wp\/v2\/posts"}],"about":[{"href":"https:\/\/paroisses-nancy-sud.fr\/HOME\/wp-json\/wp\/v2\/types\/post"}],"author":[{"embeddable":true,"href":"https:\/\/paroisses-nancy-sud.fr\/HOME\/wp-json\/wp\/v2\/users\/5"}],"replies":[{"embeddable":true,"href":"https:\/\/paroisses-nancy-sud.fr\/HOME\/wp-json\/wp\/v2\/comments?post=3283"}],"version-history":[{"count":4,"href":"https:\/\/paroisses-nancy-sud.fr\/HOME\/wp-json\/wp\/v2\/posts\/3283\/revisions"}],"predecessor-version":[{"id":3290,"href":"https:\/\/paroisses-nancy-sud.fr\/HOME\/wp-json\/wp\/v2\/posts\/3283\/revisions\/3290"}],"wp:featuredmedia":[{"embeddable":true,"href":"https:\/\/paroisses-nancy-sud.fr\/HOME\/wp-json\/wp\/v2\/media\/472"}],"wp:attachment":[{"href":"https:\/\/paroisses-nancy-sud.fr\/HOME\/wp-json\/wp\/v2\/media?parent=3283"}],"wp:term":[{"taxonomy":"category","embeddable":true,"href":"https:\/\/paroisses-nancy-sud.fr\/HOME\/wp-json\/wp\/v2\/categories?post=3283"},{"taxonomy":"post_tag","embeddable":true,"href":"https:\/\/paroisses-nancy-sud.fr\/HOME\/wp-json\/wp\/v2\/tags?post=3283"}],"curies":[{"name":"wp","href":"https:\/\/api.w.org\/{rel}","templated":true}]}}