{"id":3288,"date":"2023-10-15T18:57:02","date_gmt":"2023-10-15T16:57:02","guid":{"rendered":"https:\/\/paroisses-nancy-sud.fr\/HOME\/?p=3288"},"modified":"2023-10-15T18:59:54","modified_gmt":"2023-10-15T16:59:54","slug":"annonces-de-saint-francois-de-sales-et-sainte-jeanne-de-chantal-du-15-octobre","status":"publish","type":"post","link":"https:\/\/paroisses-nancy-sud.fr\/HOME\/annonces-de-saint-francois-de-sales-et-sainte-jeanne-de-chantal-du-15-octobre\/","title":{"rendered":"Annonces de Saint-Fran\u00e7ois-de-Sales et Sainte-Jeanne-de-Chantal du 15 octobre"},"content":{"rendered":"\n<p><span style=\"color: #000000;\"><strong><span style=\"text-decoration: underline;\">Messe des familles<\/span><br \/><\/strong><strong>Dimanche 15 octobre messe des familles \u00e0 Neuves-Maisons \u00e0 10h30<\/strong><\/span><\/p>\n<p><span style=\"color: #000000;\"><strong><span style=\"text-decoration: underline;\">Bapt\u00eames<\/span><br \/><\/strong><strong>L<\/strong>e <strong>dimanche 22 octobre \u00e0 Flavigny<\/strong>, bapt\u00eame de Thim\u00e9o.<\/span><\/p>\n<p><span style=\"color: #000000;\"><strong><span style=\"text-decoration: underline;\">Retour des JMJ<\/span><br \/><\/strong>Je tenais au nom de chaque JMJiste \u00e0 vous remercier de nous avoir permis de vivre ces JMJ. Gr\u00e2ce \u00e0 vous, nous avons pu vivre des moments forts, faire de belles rencontres, et tant d&rsquo;autres choses. Pour vous remercier et vous donner un aper\u00e7u de ce que nous avons v\u00e9cu, nous vous convions \u00e0 <strong>une table ouverte le dimanche 15 octobre 2023 \u00e0 Ludres.<br \/><\/strong>Chaque personne qui le souhaite peux apporter quelque chose \u00e0 partager.<br \/>Nous vous convions <strong>\u00e0 12 h dans les salles de Ludres<\/strong>. Pour ceux qui ne souhaitent pas faire le repas avec nous, il est toujours possible de nous <strong>rejoindre pour 14h30-15h<\/strong> et assister \u00e0 la pr\u00e9sentation des photos et r\u00e9cits de nos aventures. Louise Thiriet 07 88 34 81 91<\/span><\/p>\n<p><span style=\"color: #000000;\"><strong><span style=\"text-decoration: underline;\">Mois d\u2019octobre, mois du Rosaire<\/span><br \/><\/strong>Les \u00c9quipes du Rosaire\u00a0de Jarville\u00a0et Fl\u00e9ville,\u00a0proposent de r\u00e9citer\u00a0et m\u00e9diter le chapelet.\u00a0Nous nous retrouverons <strong>les lundis d\u2019octobre 16 et le 23 octobre \u00e0<\/strong> <strong>17h dans l\u2019\u00e9glise de Jarville et \u00e9galement le 30 octobre \u00e0 Richardm\u00e9nil.<\/strong><\/span><\/p>\n<p><span style=\"color: #000000;\"><span style=\"text-decoration: underline;\"><strong>R\u00e9union des membres du SEM (service de l\u2019\u00e9vangile pour les malades<\/strong><\/span><strong>)<br \/><\/strong><strong>Le jeudi 19 octobre<\/strong><strong style=\"text-decoration: underline;\">, <\/strong>les membres du SEM se retrouvent \u00e0 Ludres pour partager les joies et les difficult\u00e9s de leur mission.<br \/><strong>Le SEM est un service d\u2019Eglise <\/strong>destin\u00e9 aux personnes malades, \u00e2g\u00e9es, isol\u00e9es ou handicap\u00e9es, \u00e0 domicile ou en Ehpad pour leur rendre visite et (ou) porter la communion.<br \/>S\u2019adresser \u00e0 Odile si vous connaissez des personnes qui souhaiteraient une visite au 06 23 46 74 17 .<\/span><\/p>\n<p><span style=\"color: #000000;\"><strong><span style=\"text-decoration: underline;\">Horaires des messes dominicales des 21 et 22 octobre 2023<\/span>\u00a0<br \/><\/strong><strong>Samedi 21 octobre : 18h <\/strong>Heillecourt, Laneuveville, Pierreville<br \/><strong>Dimanche 22 octobre : 10h <\/strong>Flavigny, Fl\u00e9ville <strong>\u00a0\u00a0\u00a010h30 <\/strong><\/span><span style=\"color: initial;\"><span style=\"color: #000000;\">Jarville, Neuves- Maisons\u00a0 \u00a0<\/span> \u00a0 \u00a0<\/span><\/p>\n<p><span style=\"color: #000000;\"><strong><span style=\"text-decoration: underline;\">Concert<\/span><br \/><\/strong><strong>Dimanche 22 octobre \u00e0 16h, \u00e0 Flavigny, concert du \u2018<em>\u2019Ch\u0153ur d\u2019hommes Jean Bouillet<\/em> \u2018\u2019<br \/><\/strong>Le \u2018\u2019ch\u0153ur d&rsquo;hommes Jean Bouillet\u2019\u2019 interpr\u00e9tera des \u0153uvres\u00a0des r\u00e9pertoires profane et sacr\u00e9 de Mozart, Beethoven, Verdi, Rutter&#8230;Un <strong>organiste<\/strong> de Metz jouera quelques pi\u00e8ces de la suite du deuxi\u00e8me ton de Nicolas Clairembault.<\/span><\/p>\n<p><span style=\"color: #000000;\"><strong><span style=\"text-decoration: underline;\">R\u00e9union de l\u2019Inter-EAP<\/span><br \/><\/strong><strong>Le vendredi 27 octobre \u00e0 Neuves-Maisons<\/strong>, les trois \u00e9quipes de nos paroisses se r\u00e9unissent. Les \u00e9quipes d\u2019animation pastorales r\u00e9fl\u00e9chissent avec leurs pr\u00eatres aux projets pastoraux \u00e0 mettre en \u0153uvre dans les paroisses et dans le secteur Nancy-Sud .<\/span><\/p>\n<p><span style=\"color: #000000;\"><strong><span style=\"text-decoration: underline;\">Groupes de lecture de la lettre aux Eph\u00e9siens<\/span><br \/><\/strong>Les groupes de nos paroisses qui existent d\u00e9j\u00e0 reprennent leurs rencontres. Contacts\u00a0: \u00e0 Jarville, Odile Bonmati\u00a0: 06 23 46 74 17\u00a0; \u00e0 Heillecourt, Antoine M\u00e9riaux 06 74 68 03 35, \u00e0 Ludres, Nicole Pierrot, 06 15 84 57 46. Un nouveau groupe est en train de se constituer. Contacter Catherine\u00a0: 06 75 53 36 05.<\/span><\/p>\n<p><strong><span style=\"text-decoration: underline; color: #000000;\">Groupes de pri\u00e8re<\/span><br \/><\/strong><span style=\"color: #000000;\"><strong>Un groupe \u2018\u2019Prions en quartier\u2019\u2019<\/strong> <strong>d\u00e9marre \u00e0 Jarville autour de l\u2019encyclique du Pape Fran\u00e7ois, \u2018\u2019Laudato Si\u2019\u2019, et d\u2019un temps de pri\u00e8re, une fois par mois. Contact Marie-France Dufour 06 87 02 84 21<\/strong><\/span><\/p>\n<p><span style=\"color: #000000;\"><strong>Un autre groupe, <em>\u00ab\u00a0Venez et voyez\u00a0\u00bb<\/em> se constitue pour r\u00e9fl\u00e9chir sur l\u2019\u00e9vangile du dimanche \u00e0 venir. Contact\u00a0: No\u00eblle 06 73 47 68 72<\/strong><\/span><\/p>\n<p><span style=\"color: #000000;\"><strong><span style=\"text-decoration: underline;\">La Toussaint \u00e0 Taiz\u00e9 pour les lyc\u00e9ens<\/span><br \/><\/strong>Quelques milliers de lyc\u00e9ens fran\u00e7ais se retrouvent chaque ann\u00e9e \u00e0 Taiz\u00e9 (Sa\u00f4ne et Loire) autour de la Toussaint (cf. <a style=\"color: #000000;\" href=\"http:\/\/taize.fr\">taize.fr<\/a>). Nous allons constituer un bus pour participer \u00e0 cette rencontre. D\u00e9part pr\u00e9vu le <strong>30 octobre en matin\u00e9e et retour le 3 novembre dans l\u2019apr\u00e8s-midi<\/strong>. La participation est estim\u00e9e \u00e0 80\u20ac. Pour en savoir plus et \u00eatre tenu inform\u00e9, contacter : P. Alexandre-Marie, <a style=\"color: #000000;\" href=\"mailto:amvalder@lilo.org\">amvalder@lilo.org<\/a><\/span><\/p>\n<p><span style=\"color: #000000;\"><span style=\"text-decoration: underline;\"><strong>\u00a0A<\/strong><\/span><strong><span style=\"text-decoration: underline;\">utres annonces<\/span><br \/><\/strong><strong>\u00a0&#8211; Concert Gospel family\u2019s<br \/><\/strong><strong>Le dimanche 15 octobre \u00e0 Pompey<\/strong>, \u00e0 15h, concert propos\u00e9 par le \u2018\u2019Relais Lorraine Op\u00e9ration Oranges\u2019\u2019 de s\u0153ur Emmanuelle.<\/span><\/p>\n<p><span style=\"color: #000000;\"><strong>\u00a0&#8211; Formation continue de la foi <em>: \u2018\u2019Des femmes remarquables dans la Bible et l\u2019Histoire \u2018\u2019<br \/><\/em><\/strong><strong style=\"font-size: revert;\">Le mardi 17 octobre \u00e0 14h30 ou \u00e0 20h30 \u00e0 la Maison dioc\u00e9saine de l\u2019Asn\u00e9e. D\u00e9bora et Houlda, juge et proph\u00e9tesse, par Anne-Claire Dangeard, \u00a0prieure des s\u0153urs dominicaines de Nancy.\u00a0 \u00a0<\/strong><\/span><\/p>\n<p><span style=\"color: #000000;\"><strong>\u00a0&#8211; Messe de la f\u00eate de Saint Luc<br \/><\/strong><strong>Mercredi 18 octobre \u00e0 18h \u00e0 Notre-Dame de l\u2019Esp\u00e9rance, chapelle du CHU, c\u00e9l\u00e9bration eucharistique \u00e0 l\u2019intention des personnels soignants des \u00e9tablissement de sant\u00e9, Ehpad, des aum\u00f4niers et visiteurs de ces \u00e9tablissements \u2026 <\/strong><\/span><\/p>\n<p><span style=\"color: #000000;\"><strong>\u00a0&#8211; Semaine missionnaire du 15 au 22 octobre 2023<br \/><\/strong>Chaque ann\u00e9e, l\u2019Eglise, nous donne rendez-vous en octobre pour raviver l\u2019\u00e9lan missionnaire universel. <strong>\u00ab<\/strong><em>\u00a0Pour la Journ\u00e9e Mondiale des Missions de cette ann\u00e9e, j\u2019ai choisi un th\u00e8me qui s\u2019inspire du r\u00e9cit des disciples d\u2019Emma\u00fcs, dans l\u2019\u00c9vangile de Luc (cf. 24, 13-35)\u00a0: <strong>\u201cDes c\u0153urs br\u00fblants, des pieds en marche \u201d<\/strong>. Pape Fran\u00e7ois.<br \/><\/em>L\u2019Eglise nous envoie tous en mission \u00e0 la suite du Christ. Elle envoie aussi des pr\u00eatres jusqu\u2019aux extr\u00e9mit\u00e9s de la terre. <strong>Le dimanche 22 octobre la qu\u00eate de la messe dominicale sera faite au profit des missions .<\/strong><\/span><\/p>\n<p><span style=\"color: #000000;\"><strong>\u00a0&#8211; K\u00e9rygma ou premi\u00e8re annonce de la foi \u2018\u2019A vous d\u2019en \u00eatre les t\u00e9moins \u2018\u2019Lc 24, 48<br \/><\/strong>Un rassemblement national a lieu \u00e0 <strong>Lourdes du 20 au 23 octobre<\/strong>. Une d\u00e9l\u00e9gation de 38 personnes de notre dioc\u00e8se autour de notre \u00e9v\u00eaque Mgr Pierre-Yves MICHEL y participera. Stimuler et redonner un \u00e9lan \u00e0 l\u2019\u00e9vang\u00e9lisation en France. N\u00e9cessit\u00e9 d\u2019une annonce dans toutes les pastorales car toutes sont au service de l\u2019\u00e9vang\u00e9lisation Chaque baptis\u00e9 est disciple missionnaire. Trois personnes de notre secteur vont y participer.<\/span><\/p>\n<p><span style=\"color: #000000;\"><strong>\u00a0&#8211; Activit\u00e9s des \u00ab\u00a0voyageurs chr\u00e9tiens\u00a0\u00bb ouvertes \u00e0 tous<br \/><\/strong>Proposition de voyage\u00a0: <strong>Lundi 23 octobre<\/strong> : d\u00e9couverte de Domr\u00e9my et spectacle son et lumi\u00e8res \u00ab\u00a0Nikolaus\u00a0\u00bb retra\u00e7ant en 1H30 l&rsquo;histoire r\u00e9elle de Saint Nicolas.<\/span><\/p>\n<p><span style=\"color: #000000;\"><strong>\u00a0&#8211; Lecture : <\/strong><strong><em>Dieu apr\u00e8s la peur <\/em><\/strong>de Martin Steffens (lecture conseill\u00e9e par le SEDIFOP et propos\u00e9e \u00e0 tous les pr\u00eatres) Une rencontre avec l\u2019auteur est pr\u00e9vue le samedi 27 avril de 9h \u00e0 12h.<\/span><\/p>\n<p style=\"text-align: center;\"><span style=\"color: #000000;\"><em>\u2018\u2019 Vous allez recevoir une force quand le Saint Esprit viendra sur vous, <\/em><\/span><br \/><span style=\"color: #000000;\"><em>vous serez alors mes t\u00e9moins \u00e0 J\u00e9rusalem, dans toute la Jud\u00e9e et la Samarie, <\/em><\/span><br \/><span style=\"color: #000000;\"><em>et jusqu\u2019aux extr\u00e9mit\u00e9s de la Terre \u2018\u2019<\/em> <\/span><br \/><span style=\"color: #000000;\">Actes des ap\u00f4tres 1, 8.<\/span><\/p>\n\n\n","protected":false},"excerpt":{"rendered":"<p>Messe des famillesDimanche 15 octobre messe des familles \u00e0 Neuves-Maisons \u00e0 10h30 Bapt\u00eamesLe dimanche 22 octobre \u00e0 Flavigny, bapt\u00eame de Thim\u00e9o. Retour des JMJJe tenais au nom de chaque JMJiste \u00e0 vous remercier de nous avoir permis de vivre ces JMJ. Gr\u00e2ce \u00e0 vous, nous avons pu vivre des moments forts, faire de belles rencontres,&hellip; <br \/> <a class=\"read-more\" href=\"https:\/\/paroisses-nancy-sud.fr\/HOME\/annonces-de-saint-francois-de-sales-et-sainte-jeanne-de-chantal-du-15-octobre\/\">Lire la suite<\/a><\/p>\n","protected":false},"author":5,"featured_media":2464,"comment_status":"closed","ping_status":"open","sticky":false,"template":"","format":"standard","meta":[],"categories":[7],"tags":[],"acf":[],"_links":{"self":[{"href":"https:\/\/paroisses-nancy-sud.fr\/HOME\/wp-json\/wp\/v2\/posts\/3288"}],"collection":[{"href":"https:\/\/paroisses-nancy-sud.fr\/HOME\/wp-json\/wp\/v2\/posts"}],"about":[{"href":"https:\/\/paroisses-nancy-sud.fr\/HOME\/wp-json\/wp\/v2\/types\/post"}],"author":[{"embeddable":true,"href":"https:\/\/paroisses-nancy-sud.fr\/HOME\/wp-json\/wp\/v2\/users\/5"}],"replies":[{"embeddable":true,"href":"https:\/\/paroisses-nancy-sud.fr\/HOME\/wp-json\/wp\/v2\/comments?post=3288"}],"version-history":[{"count":2,"href":"https:\/\/paroisses-nancy-sud.fr\/HOME\/wp-json\/wp\/v2\/posts\/3288\/revisions"}],"predecessor-version":[{"id":3291,"href":"https:\/\/paroisses-nancy-sud.fr\/HOME\/wp-json\/wp\/v2\/posts\/3288\/revisions\/3291"}],"wp:featuredmedia":[{"embeddable":true,"href":"https:\/\/paroisses-nancy-sud.fr\/HOME\/wp-json\/wp\/v2\/media\/2464"}],"wp:attachment":[{"href":"https:\/\/paroisses-nancy-sud.fr\/HOME\/wp-json\/wp\/v2\/media?parent=3288"}],"wp:term":[{"taxonomy":"category","embeddable":true,"href":"https:\/\/paroisses-nancy-sud.fr\/HOME\/wp-json\/wp\/v2\/categories?post=3288"},{"taxonomy":"post_tag","embeddable":true,"href":"https:\/\/paroisses-nancy-sud.fr\/HOME\/wp-json\/wp\/v2\/tags?post=3288"}],"curies":[{"name":"wp","href":"https:\/\/api.w.org\/{rel}","templated":true}]}}