{"id":3302,"date":"2023-10-22T12:00:00","date_gmt":"2023-10-22T10:00:00","guid":{"rendered":"https:\/\/paroisses-nancy-sud.fr\/HOME\/?p=3302"},"modified":"2023-10-20T22:13:39","modified_gmt":"2023-10-20T20:13:39","slug":"annonces-de-saint-francois-de-sales-et-sainte-jeanne-de-chantal-du-21-octobre-2023","status":"publish","type":"post","link":"https:\/\/paroisses-nancy-sud.fr\/HOME\/annonces-de-saint-francois-de-sales-et-sainte-jeanne-de-chantal-du-21-octobre-2023\/","title":{"rendered":"Annonces de Saint-Fran\u00e7ois-de-Sales et Sainte-Jeanne-de-Chantal du \u00a021 octobre 2023."},"content":{"rendered":"\n<p><strong>\u00a0 \u00a0 \u00a0 \u00a0 \u00a0 \u00a0 \u00a0 \u00a0 \u00a0 \u00a0\u00a0<\/strong><\/p>\n<ul>\n<li><span style=\"color: #000000;\"><strong>Semaine missionnaire du 15 au 22 octobre 2023 : <\/strong>Chaque ann\u00e9e, l\u2019Eglise, nous donne rendez-vous en octobre pour raviver l\u2019\u00e9lan missionnaire universel. U<em>n th\u00e8me qui s\u2019inspire du r\u00e9cit des disciples d\u2019Emma\u00fcs, Luc (cf. 24, 13-35)\u00a0: <strong>\u201cDes c\u0153urs br\u00fblants, des pieds en marche \u201d<\/strong>. <\/em>L\u2019Eglise nous envoie tous en mission \u00e0 la suite du Christ. Elle envoie aussi des pr\u00eatres jusqu\u2019aux extr\u00e9mit\u00e9s de la terre. <strong>Le dimanche 22 octobre la qu\u00eate de la messe dominicale sera faite au profit des missions et confi\u00e9e aux Ouvres pontificales missionnaires.<\/strong><\/span><\/li>\n<li><span style=\"color: #000000;\"><strong>Bapt\u00eames:\u00a0<\/strong><strong>L<\/strong>e <strong>dimanche 22 octobre \u00e0 Flavigny<\/strong>, bapt\u00eame de Thim\u00e9o. Nous le portons dans notre pri\u00e8re.<\/span><\/li>\n<li><span style=\"color: #000000;\"><strong>Concert :\u00a0<\/strong><strong>Dimanche 22 octobre \u00e0 16h, \u00e0 Flavigny, concert du \u2018<em>\u2019Ch\u0153ur d\u2019hommes Jean Bouillet<\/em> \u2018\u2019\u00a0: <\/strong>\u0153uvres\u00a0des r\u00e9pertoires profane et sacr\u00e9 de Mozart, Beethoven, Verdi, Rutter&#8230; Quelques pi\u00e8ces d\u2019orgue seront pr\u00e9sent\u00e9es par le chef.<\/span><\/li>\n<li><span style=\"color: #000000;\"><strong>Mois d\u2019octobre, mois du Rosaire :\u00a0<\/strong>Les \u00c9quipes du Rosaire\u00a0de Jarville\u00a0et Fl\u00e9ville,\u00a0proposent de r\u00e9citer\u00a0et m\u00e9diter le chapelet\u00a0 <strong>le lundi 23 octobre \u00e0<\/strong> <strong>17h dans l\u2019\u00e9glise de Jarville et le 30 octobre \u00e0 l\u2019\u00e9glise de Richardm\u00e9nil.<\/strong><\/span><\/li>\n<li><span style=\"color: #000000;\"><strong>R\u00e9union de l\u2019Inter-EAP :\u00a0<\/strong><strong>Le vendredi 27 octobre \u00e0 Neuves-Maisons<\/strong>, les trois \u00e9quipes de nos paroisses se r\u00e9unissent.\u00a0<strong>Les \u00e9quipes d\u2019animation pastorales<\/strong> r\u00e9fl\u00e9chissent avec leurs pr\u00eatres aux projets pastoraux \u00e0 mettre en \u0153uvre dans les paroisses et dans le secteur Nancy-Sud.<\/span><\/li>\n<li><span style=\"color: #000000;\"><strong>Horaires des messes dominicales des 28 et 29 octobre 2023 :\u00a0<\/strong><strong>Samedi 28 octobre : 18h <\/strong>Heillecourt, Laneuveville, Parey-St C\u00e9saire &#8211;\u00a0<strong>Dimanche 29 octobre : 10h30 <\/strong>Jarville, Neuves- Maisons \u00a0\u00a0\u00a0<strong>11h<\/strong> Ludres<\/span><\/li>\n<li><span style=\"color: #000000;\"><strong>Horaires des messes de la Toussaint et du jour des d\u00e9funts 2023 :\u00a0<\/strong><strong>Mercredi 1<sup>er<\/sup> novembre : 10h <\/strong>Fl\u00e9ville, Viterne<strong> 10h30 <\/strong>Heillecourt, Jarville, Neuves-Maisons &#8211;\u00a0<strong>Jeudi 2 novembre : 10h <\/strong>Bainville <strong>\u00a0\u00a0\u00a018h <\/strong>Heillecourt, Neuves-Maisons<strong>\u00a0 <\/strong>\u00a0\u00a0\u00a0\u00a0\u00a0\u00a0<strong>19h <\/strong>Jarville<\/span><\/li>\n<li><span style=\"color: #000000;\"><strong>Confirmation :\u00a0<\/strong><strong>Le samedi 18 novembre \u00e0 10h30 <\/strong>\u00e0 l\u2019\u00e9glise Ste Th\u00e9r\u00e8se \u00e0 Villers les Nancy, confirmation des jeunes de notre secteur, du secteur Nancy-Ouest et des \u00e9l\u00e8ves de La Malgrange.<\/span><\/li>\n<li><span style=\"color: #000000;\"><strong>Compostelle : ils en reviennent !\u00a0<\/strong>Le p\u00e8lerinage de COMPOSTELLE, beaucoup r\u00eavent de partir sur ce CHEMIN my(s)tique \u2026Certains le font<strong> :\u00a0<\/strong><strong>Luc et Marie-Odile Guillaume<\/strong> vous pr\u00e9senteront leur chemin de Compostelle <strong>le dimanche 12 novembre \u00e0 Jarville<\/strong> <strong>\u00e0 14h30<\/strong> apr\u00e8s la table ouverte.\u00a0<strong>Pierre Lombardet<\/strong> vous fera partager son exp\u00e9rience spirituelle, sociale, touristique (voire sportive\u00a0!), <strong>le dimanche 19 novembre \u00e0 la salle paroissiale de Ludres<\/strong>.<\/span><\/li>\n<li><span style=\"color: #000000;\"><strong>Autres annonces :\u00a0<\/strong><\/span><\/li>\n<li><span style=\"color: #000000;\"><strong>K\u00e9rygma ou premi\u00e8re annonce\u00a0de la foi \u2018<em>\u2019A vous d\u2019en \u00eatre les t\u00e9moins<\/em> \u2018\u2019Lc 24, 48 :\u00a0<\/strong>Le rassemblement national est en cours, \u00e0 <strong>Lourdes, depuis ce vendredi <\/strong>20 octobre et jusqu\u2019au lundi 23 octobre. Quatre personnes de notre secteur\u00a0: <em>Olivia, Odile les p\u00e8res et Alexandre-Marie et Raj <\/em>y participent avec une d\u00e9l\u00e9gation de 38 personnes de notre dioc\u00e8se autour de Mgr Pierre-Yves MICHEL. <strong>Stimuler et redonner un \u00e9lan \u00e0 l\u2019\u00e9vang\u00e9lisation en France<\/strong>. N\u00e9cessit\u00e9 d\u2019une annonce dans toutes les pastorales car toutes sont au service de l\u2019\u00e9vang\u00e9lisation. Chaque baptis\u00e9 est disciple-missionnaire.<\/span><\/li>\n<li><span style=\"color: #000000;\"><strong>\u00a0<\/strong><strong>Film\u00a0:<\/strong> S<strong>acerdoce<\/strong> (documentaire) :\u00a0<strong>Cin\u00e9ma Kin\u00e9polis de Nancy<\/strong>\u00a0: <strong>Dimanche 22 octobre et lundi 23<\/strong> <strong>octobre \u00e0 17h45.\u00a0<\/strong>En apprendre plus sur la vocation et la vie de nos pr\u00eatres \u00e0 partir de cinq \u00a0portraits\u00a0: Antoine, Gaspard, Fran\u00e7ois, Paul, Matthieu partagent leur quotidien. <em>\u00ab\u00a0Depuis des si\u00e8cles, les pr\u00eatres accompagnent de nombreuses personnes dans leur vie, dans les moments de joie comme d\u2019\u00e9preuve. A travers eux s\u2019esquissent les enjeux de leur engagement et de la\u00a0pr\u00eatrise au XXI<sup>e<\/sup>\u00a0si\u00e8cle\u00a0\u00bb.<\/em><\/span><\/li>\n<li><span style=\"color: #000000;\"><strong>C\u00e9libataires en chemin<\/strong> :\u00a0<strong>Du\u00a011 novembre\u00a0\u00e0 09h00\u00a0au\u00a012 novembre 2023\u00a0\u00e0 16h30, <\/strong>\u00e0 la Maison d&rsquo;accueil des R\u00e9demptoristes Notre-Dame des Trois-\u00c9pis. Un week-end\u00a0plein de surprises pour vous qui vivez de fa\u00e7ons tr\u00e8s diverses votre c\u00e9libat <em>: ateliers, \u00e9changes, randos, fraternit\u00e9, d\u00e9tente et pri\u00e8re !<\/em> <em>Connaissance et amour de soi-m\u00eame, \u00e9coute et d\u00e9couverte de l\u2019autre\u2026 Me reconna\u00eetre fils, fille aim\u00e9e de Dieu : Dieu t\u2019aime aujourd\u2019hui<\/em>. Avec une conseill\u00e8re en relation humaine, avec les dioc\u00e8ses d\u2019Alsace-Lorraine-Franche-Comt\u00e9. Tarif : 130 \u20ac. S\u2019inscrire rapidement.<\/span><\/li>\n<li><span style=\"color: #000000;\"><em><strong>La F\u00eate de la Fraternit\u00e9 dioc\u00e9saine :\u00a0<\/strong><\/em><strong>Samedi 18 et le dimanche 19 novembre 2023, \u00e0 <\/strong>la Maison de l&rsquo;Asn\u00e9e \u00e0 Villers-l\u00e8s-Nancy.\u00a0\u00a0<strong>Samedi 14h30 :\u00a0Lancement\u00a0de la f\u00eate de Fraternit\u00e9<\/strong> \u2013\u00a0de 15h \u00e0 16h30 :\u00a0Ateliers divers &#8211; <strong>de 17h30 \u00e0 19h :\u00a0Contes\u00a0&#8211; \u00a0<\/strong>17h45 :\u00a0Conf\u00e9rence par le grand t\u00e9moin du weekend, Rapha\u00ebl Pitti\u00a0 \u00a0&#8211; 19h\u00a0: \u00a0Repas \u2013\u00a0 <strong>Samedi 20h30 :\u00a0Spectacle musical<\/strong> (avec Julien Carton) &#8211; <strong>Dimanche 10h<\/strong> :\u00a0Table ronde &#8211;\u00a0 11h : Sc\u00e8ne ouverte \u2013-12h :\u00a0Repas \u2013\u00a0&#8211; <strong>14h30 :\u00a0Messe<\/strong><\/span><\/li>\n<li><span style=\"color: #000000;\"><strong>Activit\u00e9s des \u00ab\u00a0voyageurs chr\u00e9tiens\u00a0\u00bb ouvertes \u00e0 tous :\u00a0<\/strong><strong>Samedi 18 novembre \u00e0 midi<\/strong> : <strong>D\u00e9jeuner \u00e0 Ferri\u00e8res<\/strong>. Rencontre avec Damien Fontaine, metteur en sc\u00e8ne de son et lumi\u00e8res, sc\u00e9nariste et compositeur. Depuis vingt ans, Damien magnifie le patrimoine religieux. Il reviendra sur son parcours et \u00e9voquera ses prochains projets : spectacle \u00e0 Saint-Sulpice \u00e0 Paris, \u00e0 la cath\u00e9drale de Lyon&#8230;. <strong>Inscriptions avant le 1<sup>er<\/sup> novembre<\/strong> : Madame CHAMBON et Jean-Fran\u00e7ois, 03 83 56 34 31<\/span><\/li>\n<li><span style=\"color: #000000;\"><strong>La pri\u00e8re pour la Semaine missionnaire 2023<\/strong><\/span><\/li>\n<li><span style=\"color: #000000;\">\u00d6 Seigneur J\u00e9sus,<\/span><br \/><span style=\"color: #000000;\">Comme les disciples d\u2019Emma\u00fcs<\/span><br \/><span style=\"color: #000000;\">Nous sommes tent\u00e9s par le d\u00e9couragement<\/span><br \/><span style=\"color: #000000;\">Viens nous rejoindre et marcher avec nous<\/span><br \/><span style=\"color: #000000;\">S\u00e8che nos larmes, r\u00e9chauffe nos c\u0153urs,<\/span><br \/><span style=\"color: #000000;\">Rel\u00e8ve ceux qui sont afflig\u00e9s, gu\u00e9ris les bless\u00e9s,<\/span><br \/><span style=\"color: #000000;\">Soulage les malades, r\u00e9conforte les foyers<\/span><br \/><span style=\"color: #000000;\">Donne-nous la gr\u00e2ce d\u2019une plus grande foi en ton\u00a0Eucharistie,<\/span><br \/><span style=\"color: #000000;\">Que nous puissions sentir ton amour immense, ardent,<\/span><br \/><span style=\"color: #000000;\">Et que nos c\u0153urs devenus brulants nous poussent sur les chemins,<\/span><br \/><span style=\"color: #000000;\">Par toute la terre, proclamer ta \u00ab\u00a0Bonne nouvelle\u00a0\u00bb:<\/span><br \/><span style=\"color: #000000;\">\u00ab\u00a0J\u00e9sus est ressuscit\u00e9\u00a0\u00bb! Il est vivant !<\/span><br \/><span style=\"color: #000000;\">Nous l\u2019avons vu et nous vous l\u2019annon\u00e7ons \u00bb Amen.<\/span><\/li>\n<li>\u00a0<\/li>\n<li>\u00a0<\/li>\n<li>\u00a0<\/li>\n<li><span style=\"color: #000000;\">\u00a0<\/span><\/li>\n<li>\u00a0<\/li>\n<\/ul>\n","protected":false},"excerpt":{"rendered":"<p>\u00a0 \u00a0 \u00a0 \u00a0 \u00a0 \u00a0 \u00a0 \u00a0 \u00a0 \u00a0\u00a0 Semaine missionnaire du 15 au 22 octobre 2023 : Chaque ann\u00e9e, l\u2019Eglise, nous donne rendez-vous en octobre pour raviver l\u2019\u00e9lan missionnaire universel. Un th\u00e8me qui s\u2019inspire du r\u00e9cit des disciples d\u2019Emma\u00fcs, Luc (cf. 24, 13-35)\u00a0: \u201cDes c\u0153urs br\u00fblants, des pieds en marche \u201d. L\u2019Eglise nous&hellip; <br \/> <a class=\"read-more\" href=\"https:\/\/paroisses-nancy-sud.fr\/HOME\/annonces-de-saint-francois-de-sales-et-sainte-jeanne-de-chantal-du-21-octobre-2023\/\">Lire la suite<\/a><\/p>\n","protected":false},"author":6,"featured_media":554,"comment_status":"closed","ping_status":"open","sticky":false,"template":"","format":"standard","meta":[],"categories":[7],"tags":[],"acf":[],"_links":{"self":[{"href":"https:\/\/paroisses-nancy-sud.fr\/HOME\/wp-json\/wp\/v2\/posts\/3302"}],"collection":[{"href":"https:\/\/paroisses-nancy-sud.fr\/HOME\/wp-json\/wp\/v2\/posts"}],"about":[{"href":"https:\/\/paroisses-nancy-sud.fr\/HOME\/wp-json\/wp\/v2\/types\/post"}],"author":[{"embeddable":true,"href":"https:\/\/paroisses-nancy-sud.fr\/HOME\/wp-json\/wp\/v2\/users\/6"}],"replies":[{"embeddable":true,"href":"https:\/\/paroisses-nancy-sud.fr\/HOME\/wp-json\/wp\/v2\/comments?post=3302"}],"version-history":[{"count":2,"href":"https:\/\/paroisses-nancy-sud.fr\/HOME\/wp-json\/wp\/v2\/posts\/3302\/revisions"}],"predecessor-version":[{"id":3304,"href":"https:\/\/paroisses-nancy-sud.fr\/HOME\/wp-json\/wp\/v2\/posts\/3302\/revisions\/3304"}],"wp:featuredmedia":[{"embeddable":true,"href":"https:\/\/paroisses-nancy-sud.fr\/HOME\/wp-json\/wp\/v2\/media\/554"}],"wp:attachment":[{"href":"https:\/\/paroisses-nancy-sud.fr\/HOME\/wp-json\/wp\/v2\/media?parent=3302"}],"wp:term":[{"taxonomy":"category","embeddable":true,"href":"https:\/\/paroisses-nancy-sud.fr\/HOME\/wp-json\/wp\/v2\/categories?post=3302"},{"taxonomy":"post_tag","embeddable":true,"href":"https:\/\/paroisses-nancy-sud.fr\/HOME\/wp-json\/wp\/v2\/tags?post=3302"}],"curies":[{"name":"wp","href":"https:\/\/api.w.org\/{rel}","templated":true}]}}