{"id":3305,"date":"2023-10-27T17:08:04","date_gmt":"2023-10-27T15:08:04","guid":{"rendered":"https:\/\/paroisses-nancy-sud.fr\/HOME\/?p=3305"},"modified":"2023-10-27T17:08:04","modified_gmt":"2023-10-27T15:08:04","slug":"annonces-de-la-visitation-du-29-octobre","status":"publish","type":"post","link":"https:\/\/paroisses-nancy-sud.fr\/HOME\/annonces-de-la-visitation-du-29-octobre\/","title":{"rendered":"Annonces de la Visitation du 29 octobre"},"content":{"rendered":"\n<p><\/p>\n\n\n\n\n<p><span style=\"color: #000000;\"><strong><span style=\"text-decoration: underline;\">Bapt\u00eame, mariage,<\/span><br \/>En l\u2019\u00e9glise de Neuves-Maisons,<br \/><\/strong><strong>\u00a0&#8211; Dimanche 29 octobre, <\/strong>bapt\u00eame de Max<\/span><br \/><span style=\"color: #000000;\"><strong>\u00a0&#8211; Samedi 04 novembre<\/strong>, mariage de Fran\u00e7ois\u00a0 et de No\u00e9mie<\/span><\/p>\n<p><span style=\"color: #000000;\"><strong>R\u00e9jouissons-nous et portons-les dans nos pri\u00e8res.<\/strong><\/span><\/p>\n<p><span style=\"color: #000000;\"><strong>\u00a0<span style=\"text-decoration: underline;\">Confirmation :<\/span><br \/><\/strong><strong>Samedi 18 novembre<\/strong> \u00e0 10h30\u00a0\u00e0 l\u2019\u00e9glise Ste Th\u00e9r\u00e8se \u00e0 Villers les Nancy, confirmation des jeunes de notre secteur, du secteur Nancy-Ouest et des \u00e9l\u00e8ves de La Malgrange.<\/span><\/p>\n<p><span style=\"color: #000000;\"><strong>\u00a0<\/strong><strong><span style=\"text-decoration: underline;\">7<sup>\u00e8me<\/sup> journ\u00e9e mondiale des pauvres, le 19 novembre<\/span><br \/><\/strong><strong>Animations festives les\u00a018\u00a0et\u00a019 novembre <\/strong>au domaine de l&rsquo;Asn\u00e9e Villers-l\u00e8s-Nancy.<\/span><br \/><span style=\"color: #000000;\"><strong>Samedi<\/strong> 14h30 :\u00a0Lancement\u00a0de la f\u00eate de Fraternit\u00e9<\/span><br \/><span style=\"color: #000000;\">De 15h \u00e0 16h30 : Ateliers divers, de 17h30 \u00e0 19h : Contes ,\u00a017h45 : Conf\u00e9rence par le grand t\u00e9moin du weekend, Rapha\u00ebl Pitti ,\u00a019h : Repas,\u00a020h30 :\u00a0Spectacle musical\u00a0<em>(avec Julien Carton)<br \/><\/em><strong style=\"font-size: revert;\">Dimanche<\/strong><span style=\"font-size: revert;\"> 10h\u00a0:\u00a0Table ronde\u00a0; 11h : Sc\u00e8ne ouverte;12h :\u00a0Repas\u00a0;\u00a014h30 :\u00a0Messe<\/span><\/span><\/p>\n<p><span style=\"color: #000000;\"><strong><span style=\"text-decoration: underline;\">Missel 2024<\/span> en vente \u00e0 10\u20ac<\/strong><strong>\u00a0<\/strong><\/span><\/p>\n<p><span style=\"color: #000000;\"><span style=\"text-decoration: underline;\"><strong>Messes Toussaint et jours des d\u00e9funts<br \/><\/strong><\/span>Mercredi 01 novembre \u00e0 10h00\u00a0: Viterne et \u00e0 10h30\u00a0: Neuves-Maisons<\/span><br \/><span style=\"color: #000000;\">Jeudi 02 novembre \u00e0 10h00\u00a0: Bainville sur Madon et \u00e0 18h00\u00a0: Neuves-Maisons<\/span><\/p>\n<p><span style=\"color: #000000;\"><span style=\"text-decoration: underline;\"><strong>Messes en semaine<em>\u00a0<br \/><\/em><\/strong><\/span>Vendredi\u00a003 : messe \u00e0 08h20 chez les s\u0153urs \u00e0 Bainville, 67 rue Jacques Callot.<\/span><\/p>\n<p><span style=\"color: #000000;\"><span style=\"text-decoration: underline;\"><strong>Messes \u00e0 la Visitation<br \/><\/strong><\/span>Samedi 04 novembre \u00e0 18h00\u00a0: Chaligny<\/span><br \/><span style=\"color: #000000;\">Dimanche 05 novembre \u00e0 10h00\u00a0: Xeuilley et 10h30\u00a0: Neuves-Maisons.<\/span><\/p>\n<p><span style=\"color: #000000;\"><strong><u>Permanences \u00e0 la maison paroissiale :<\/u><\/strong> <\/span><br \/><span style=\"color: #000000;\">Mardi de 14h \u00e0 16h30 et Samedi de 9h30 \u00e0 11h30<\/span><br \/><span style=\"color: #000000;\">tel : 03 83 47 25 54 \u2013 <em><strong>adresse mail<\/strong><\/em><strong> : <\/strong><a style=\"color: #000000;\" href=\"mailto:visitationmm@orange.fr\">visitationmm@orange.fr<\/a>\u00a0 <\/span><br \/><span style=\"color: #000000;\">Horaires des messes :\u00a0 <a style=\"color: #000000;\" href=\"https:\/\/messes.info\/\">messesinfo<\/a><em> (cliquer sur le lien)<\/em><\/span><\/p>","protected":false},"excerpt":{"rendered":"<p>Bapt\u00eame, mariage,En l\u2019\u00e9glise de Neuves-Maisons,\u00a0&#8211; Dimanche 29 octobre, bapt\u00eame de Max\u00a0&#8211; Samedi 04 novembre, mariage de Fran\u00e7ois\u00a0 et de No\u00e9mie R\u00e9jouissons-nous et portons-les dans nos pri\u00e8res. \u00a0Confirmation :Samedi 18 novembre \u00e0 10h30\u00a0\u00e0 l\u2019\u00e9glise Ste Th\u00e9r\u00e8se \u00e0 Villers les Nancy, confirmation des jeunes de notre secteur, du secteur Nancy-Ouest et des \u00e9l\u00e8ves de La Malgrange. \u00a07\u00e8me&hellip; <br \/> <a class=\"read-more\" href=\"https:\/\/paroisses-nancy-sud.fr\/HOME\/annonces-de-la-visitation-du-29-octobre\/\">Lire la suite<\/a><\/p>\n","protected":false},"author":5,"featured_media":471,"comment_status":"closed","ping_status":"open","sticky":false,"template":"","format":"standard","meta":[],"categories":[10],"tags":[],"acf":[],"_links":{"self":[{"href":"https:\/\/paroisses-nancy-sud.fr\/HOME\/wp-json\/wp\/v2\/posts\/3305"}],"collection":[{"href":"https:\/\/paroisses-nancy-sud.fr\/HOME\/wp-json\/wp\/v2\/posts"}],"about":[{"href":"https:\/\/paroisses-nancy-sud.fr\/HOME\/wp-json\/wp\/v2\/types\/post"}],"author":[{"embeddable":true,"href":"https:\/\/paroisses-nancy-sud.fr\/HOME\/wp-json\/wp\/v2\/users\/5"}],"replies":[{"embeddable":true,"href":"https:\/\/paroisses-nancy-sud.fr\/HOME\/wp-json\/wp\/v2\/comments?post=3305"}],"version-history":[{"count":1,"href":"https:\/\/paroisses-nancy-sud.fr\/HOME\/wp-json\/wp\/v2\/posts\/3305\/revisions"}],"predecessor-version":[{"id":3306,"href":"https:\/\/paroisses-nancy-sud.fr\/HOME\/wp-json\/wp\/v2\/posts\/3305\/revisions\/3306"}],"wp:featuredmedia":[{"embeddable":true,"href":"https:\/\/paroisses-nancy-sud.fr\/HOME\/wp-json\/wp\/v2\/media\/471"}],"wp:attachment":[{"href":"https:\/\/paroisses-nancy-sud.fr\/HOME\/wp-json\/wp\/v2\/media?parent=3305"}],"wp:term":[{"taxonomy":"category","embeddable":true,"href":"https:\/\/paroisses-nancy-sud.fr\/HOME\/wp-json\/wp\/v2\/categories?post=3305"},{"taxonomy":"post_tag","embeddable":true,"href":"https:\/\/paroisses-nancy-sud.fr\/HOME\/wp-json\/wp\/v2\/tags?post=3305"}],"curies":[{"name":"wp","href":"https:\/\/api.w.org\/{rel}","templated":true}]}}