{"id":3367,"date":"2023-11-12T10:30:00","date_gmt":"2023-11-12T09:30:00","guid":{"rendered":"https:\/\/paroisses-nancy-sud.fr\/HOME\/?p=3367"},"modified":"2023-11-11T15:46:03","modified_gmt":"2023-11-11T14:46:03","slug":"illumines-par-le-christ-avancons-dans-la-vie-en-enfants-de-lumiere","status":"publish","type":"post","link":"https:\/\/paroisses-nancy-sud.fr\/HOME\/illumines-par-le-christ-avancons-dans-la-vie-en-enfants-de-lumiere\/","title":{"rendered":"<strong>Illumin\u00e9s par le Christ, avan\u00e7ons dans la vie en enfants de lumi\u00e8re<\/strong>"},"content":{"rendered":"\n<p><span style=\"color: #000000;\">Apr\u00e8s avoir baptis\u00e9 un enfant, le c\u00e9l\u00e9brant transmet \u00e0 son parrain la flamme pascale en disant\u00a0: \u00ab\u00a0Recevez la lumi\u00e8re du Christ.\u00a0\u00bb Au terme de la vie terrestre, nous retrouvons la flamme pascale transmise au d\u00e9funt. Cette flamme, symbole de la foi au Christ mort et ressuscit\u00e9 pour nous, \u00e9claire notre obscurit\u00e9.<\/span><\/p>\n<p><span style=\"color: #000000;\">En recevant le cierge allum\u00e9 \u00e0 la flamme pascale, le parrain entend ces mots\u00a0: \u00ab\u00a0Recevez la lumi\u00e8re du Christ&#8230; veillez \u00e0 l&rsquo;entretenir.\u00a0\u00bb Le cierge, il faudra bien l&rsquo;\u00e9teindre t\u00f4t ou tard. Ce qu&rsquo;il repr\u00e9sente, c&rsquo;est cela qu&rsquo;il faut veiller \u00e0 entretenir.<\/span><\/p>\n<p><span style=\"color: #000000;\">Dieu seul peut allumer dans une personne la lumi\u00e8re de la foi. Le Seigneur, le Dieu <em>fid\u00e8le<\/em> \u00e0 qui l&rsquo;on peut se <em>fier<\/em> et se <em>confier<\/em>, fait d&rsquo;un homme ou d&rsquo;une femme un \u00ab<em>\u00a0fid\u00e8le\u00a0<\/em>\u00bb, quelqu&rsquo;un qui a la <em>foi<\/em>. Quelle gr\u00e2ce et quelle dignit\u00e9 de pouvoir \u00eatre appel\u00e9 \u00ab<em>\u00a0fid\u00e8le\u00a0<\/em>\u00bb, de porter le m\u00eame nom que le Dieu <em>fid\u00e8le<\/em>.<\/span><\/p>\n<p><span style=\"color: #000000;\">La lumi\u00e8re de la foi se re\u00e7oit du Dieu fid\u00e8le. Charge \u00e0 celui ou celle qui est devenu(e) fid\u00e8le de veiller \u00e0 entretenir cette lumi\u00e8re de la foi. Pour les plus jeunes, cette responsabilit\u00e9 incombe aux parents, parrains et marraines. Tr\u00e8s vite, cependant, il appartient \u00e0 chacun de nourrir sa foi. Faute d&rsquo;huile en effet, la foi s&rsquo;\u00e9teint comme les lampes des vierges insouciantes de l&rsquo;\u00e9vangile.<\/span><\/p>\n<p><span style=\"color: #000000;\">Entretenir sa foi, cela demande bien s\u00fbr d&rsquo;avoir une vie de pri\u00e8re personnelle et de faire de la messe le c\u0153ur battant de la semaine. C&rsquo;est aussi se donner les moyens de m\u00fbrir intellectuellement dans la foi\u00a0: certains posent des questions \u00e0 un pr\u00eatre ou \u00e0 un a\u00een\u00e9 dans la foi, d&rsquo;autres lisent des magazines, des vies de saints, d&rsquo;autres encore \u00e9changent avec d&rsquo;autres chr\u00e9tiens. On n&rsquo;est jamais chr\u00e9tien tout seul.<\/span><\/p>\n<p><span style=\"color: #000000;\">Lorsqu&rsquo;on veille \u00e0 l&rsquo;entretenir, la lumi\u00e8re de la foi, comme une lampe, brille m\u00eame dans l&rsquo;obscurit\u00e9 la plus profonde. \u00ab\u00a0Lumi\u00e8re dans notre obscurit\u00e9, disons-nous aux fun\u00e9railles, qu&rsquo;elle \u00e9claire ce pas que nous avons \u00e0 faire pour repartir dans l&rsquo;esp\u00e9rance.\u00a0\u00bb \u00ab\u00a0Que cet enfant, illumin\u00e9 par le Christ, avance dans la vie en enfant de lumi\u00e8re et demeure fid\u00e8le \u00e0 la foi de son bapt\u00eame\u00a0\u00bb, dit le c\u00e9l\u00e9brant en remettant la lumi\u00e8re pascale au parrain. Comme la fiole de la reine Galadriel dans <em>le Seigneur des Anneaux<\/em>, la lumi\u00e8re de la foi nous est donn\u00e9e pour avancer dans les t\u00e9n\u00e8bres lorsque toutes les autres lumi\u00e8res s&rsquo;\u00e9teignent.<\/span><\/p>\n<p><span style=\"color: #000000;\">Et des t\u00e9n\u00e8bres, il y en a\u00a0! Le deuil d&rsquo;un \u00eatre cher nous fait redouter que la mort ne soit victorieuse de la vie. La guerre, la brutalit\u00e9 du quotidien, les cons\u00e9quences dramatiques de l&rsquo;\u00e9go\u00efsme qui d\u00e9filent sur nos \u00e9crans nous font craindre que l&rsquo;absurde l&#8217;emporte sur le sens, que la violence l&#8217;emporte sur la douceur, que la spirale infernale de la destruction ne connaisse jamais de fin. En nous aussi, tous ces mauvais penchants dont nous ne parvenons pas \u00e0 nous d\u00e9faire pourraient nous convaincre que, dans nos vies, le p\u00e9ch\u00e9 finira par \u00e9touffer l&rsquo;amour.<\/span><\/p>\n<p><span style=\"color: #000000;\">Bref\u00a0! l&rsquo;Epoux tarde \u00e0 venir.<\/span><\/p>\n<p><span style=\"color: #000000;\">Sans la lumi\u00e8re de la foi, comment tenir bon dans les t\u00e9n\u00e8bres dans l&rsquo;attente de l&rsquo;Epoux\u00a0? Comment ne pas \u00eatre abattus comme les autres qui n&rsquo;ont pas d&rsquo;esp\u00e9rance\u00a0? En \u00e9crivant aux Thessaloniciens \u00e9prouv\u00e9s par le deuil, saint Paul n&rsquo;a pas d&rsquo;autre r\u00e9ponse que la foi\u00a0: \u00ab\u00a0 J\u00e9sus, nous le croyons, est mort et ressuscit\u00e9.\u00a0\u00bb<\/span><\/p>\n<p><span style=\"color: #000000;\">Fr\u00e8res et s\u0153urs, illumin\u00e9s par le Christ au jour de notre bapt\u00eame, nous avan\u00e7ons dans la vie en enfants de lumi\u00e8re, depuis dix, trente ou quatre-vingts ans, \u00e0 grandes enjamb\u00e9es ou \u00e0 petits pas h\u00e9sitants, avec mille chutes et mille rel\u00e8vements.<\/span><\/p>\n<p><span style=\"color: #000000;\">Nous croyons que J\u00e9sus-Christ est mort et ressuscit\u00e9 pour nous. Nous croyons que ni la mort, ni l&rsquo;absurdit\u00e9, ni la violence, ni le p\u00e9ch\u00e9 n&rsquo;auront le dernier mot en ce monde. Si aujourd&rsquo;hui nous sommes afflig\u00e9s par toutes sortes de maux, nous croyons \u2013 et nous le redisons chaque jour \u2013 que \u00ab\u00a0soutenus par ta mis\u00e9ricorde, nous serons lib\u00e9r\u00e9s de tout p\u00e9ch\u00e9, \u00e0 l&rsquo;abri de toute \u00e9preuve, nous qui attendons que se r\u00e9alise cette bienheureuse esp\u00e9rance\u00a0: l&rsquo;av\u00e8nement de J\u00e9sus-Christ notre Sauveur.\u00a0\u00bb<\/span><\/p>\n<p><span style=\"color: #000000;\">Car il viendra, fr\u00e8res et s\u0153urs. Il viendra dans la gloire pour juger les vivants et les morts, et son r\u00e8gne n&rsquo;aura pas de fin. Chaque ann\u00e9e, la fin du temps ordinaire et le d\u00e9but de l&rsquo;Avent nous font lever les yeux vers l&rsquo;Epoux qui viendra pour mettre un terme \u00e0 tout le mal, pour faire dispara\u00eetre la mort pour toujours et essuyer les larmes de tous les visages.<\/span><\/p>\n<p><span style=\"color: #000000;\">\u00c0 nous chr\u00e9tiens, il est demand\u00e9 de rester vigilants, de veiller. Ni vous ni moi n&rsquo;avons \u00e0 nous inqui\u00e9ter de savoir comment J\u00e9sus sauve ceux qui ne le connaissent pas. Nous croyons qu&rsquo;il n&rsquo;y a pas d&rsquo;autre chemin de salut que la mort et la r\u00e9surrection de J\u00e9sus, et aussi \u00ab\u00a0que l\u2019Esprit Saint offre \u00e0 tous, d\u2019une fa\u00e7on que Dieu conna\u00eet, la possibilit\u00e9 d\u2019\u00eatre associ\u00e9 au myst\u00e8re pascal (<em>Gaudium et Spes<\/em>).\u00a0\u00bb<\/span><\/p>\n<p><span style=\"color: #000000;\">\u00c0 nous qui connaissons J\u00e9sus, il est demand\u00e9 de veiller \u00e0 entretenir la lumi\u00e8re re\u00e7ue \u00e0 notre bapt\u00eame\u00a0: lumi\u00e8re de foi qui \u00e9claire l&rsquo;obscurit\u00e9 de ce monde, lumi\u00e8re d&rsquo;esp\u00e9rance qui nous permet d&rsquo;avancer vers la vie, lumi\u00e8re de charit\u00e9 qui nous attache \u00e0 Dieu par un lien \u00e9ternel.<\/span><\/p>\n<p><span style=\"color: #000000;\">S&rsquo;il en est besoin, ranimons cette lumi\u00e8re par un surcro\u00eet d&rsquo;attachement \u00e0 J\u00e9sus, de conversion de vie, et en recourant au sacrement de la r\u00e9conciliation. En tout cas\u00a0 entretenons-la, tout sp\u00e9cialement par la pri\u00e8re et l&rsquo;approfondissement de notre foi. Veillons aussi les uns sur les autres, soutenons-nous mutuellement dans l&rsquo;\u00e9preuve, ranimons la foi les uns des autres. Comme le dit saint Paul\u00a0: \u00ab\u00a0R\u00e9confortez-vous donc les uns les autres avec ce que je viens de dire.\u00a0\u00bb<\/span><\/p>\n<p><span style=\"color: #000000;\">Fr\u00e8res et s\u0153urs, voici comment s&rsquo;ach\u00e8ve la parole qui accompagne la transmission de la lumi\u00e8re pascale lors du bapt\u00eame\u00a0: \u00ab\u00a0Ainsi, quand le Seigneur viendra, cet enfant pourra aller \u00e0 sa rencontre dans son Royaume avec tous les saints du ciel.\u00a0\u00bb<\/span><\/p>\n<p><span style=\"color: #000000;\">C&rsquo;est ce que je nous souhaite \u00e0 tous. Amen<\/span><\/p>\n<p style=\"text-align: right;\"><span style=\"color: #000000;\"><em>P\u00e8re Alexandre-Marie<\/em><\/span><\/p>\n","protected":false},"excerpt":{"rendered":"<p>Apr\u00e8s avoir baptis\u00e9 un enfant, le c\u00e9l\u00e9brant transmet \u00e0 son parrain la flamme pascale en disant\u00a0: \u00ab\u00a0Recevez la lumi\u00e8re du Christ.\u00a0\u00bb Au terme de la vie terrestre, nous retrouvons la flamme pascale transmise au d\u00e9funt. Cette flamme, symbole de la foi au Christ mort et ressuscit\u00e9 pour nous, \u00e9claire notre obscurit\u00e9. En recevant le cierge&hellip; <br \/> <a class=\"read-more\" href=\"https:\/\/paroisses-nancy-sud.fr\/HOME\/illumines-par-le-christ-avancons-dans-la-vie-en-enfants-de-lumiere\/\">Lire la suite<\/a><\/p>\n","protected":false},"author":5,"featured_media":290,"comment_status":"closed","ping_status":"open","sticky":false,"template":"","format":"standard","meta":[],"categories":[9],"tags":[],"acf":[],"_links":{"self":[{"href":"https:\/\/paroisses-nancy-sud.fr\/HOME\/wp-json\/wp\/v2\/posts\/3367"}],"collection":[{"href":"https:\/\/paroisses-nancy-sud.fr\/HOME\/wp-json\/wp\/v2\/posts"}],"about":[{"href":"https:\/\/paroisses-nancy-sud.fr\/HOME\/wp-json\/wp\/v2\/types\/post"}],"author":[{"embeddable":true,"href":"https:\/\/paroisses-nancy-sud.fr\/HOME\/wp-json\/wp\/v2\/users\/5"}],"replies":[{"embeddable":true,"href":"https:\/\/paroisses-nancy-sud.fr\/HOME\/wp-json\/wp\/v2\/comments?post=3367"}],"version-history":[{"count":1,"href":"https:\/\/paroisses-nancy-sud.fr\/HOME\/wp-json\/wp\/v2\/posts\/3367\/revisions"}],"predecessor-version":[{"id":3368,"href":"https:\/\/paroisses-nancy-sud.fr\/HOME\/wp-json\/wp\/v2\/posts\/3367\/revisions\/3368"}],"wp:featuredmedia":[{"embeddable":true,"href":"https:\/\/paroisses-nancy-sud.fr\/HOME\/wp-json\/wp\/v2\/media\/290"}],"wp:attachment":[{"href":"https:\/\/paroisses-nancy-sud.fr\/HOME\/wp-json\/wp\/v2\/media?parent=3367"}],"wp:term":[{"taxonomy":"category","embeddable":true,"href":"https:\/\/paroisses-nancy-sud.fr\/HOME\/wp-json\/wp\/v2\/categories?post=3367"},{"taxonomy":"post_tag","embeddable":true,"href":"https:\/\/paroisses-nancy-sud.fr\/HOME\/wp-json\/wp\/v2\/tags?post=3367"}],"curies":[{"name":"wp","href":"https:\/\/api.w.org\/{rel}","templated":true}]}}