{"id":3370,"date":"2023-11-17T17:45:28","date_gmt":"2023-11-17T16:45:28","guid":{"rendered":"https:\/\/paroisses-nancy-sud.fr\/HOME\/?p=3370"},"modified":"2023-11-17T17:45:28","modified_gmt":"2023-11-17T16:45:28","slug":"annonces-de-la-visitation-du-19-novembre","status":"publish","type":"post","link":"https:\/\/paroisses-nancy-sud.fr\/HOME\/annonces-de-la-visitation-du-19-novembre\/","title":{"rendered":"Annonces de la Visitation du 19 novembre"},"content":{"rendered":"\n<p><span style=\"color: #000000;\"><span style=\"text-decoration: underline;\"><strong>Le dimanche 19 novembre<\/strong> <strong>\u00e0 16h00,<\/strong><\/span> <br \/>L\u2019association Renaissance \u0153uvrant\u00a0 pour la restauration de l\u2019\u00e9glise de Pont Saint Vincent vous invite \u00e0 assister \u00e0 un concert instrumental, piano et flute de Pan.<\/span><\/p>\n<p><span style=\"color: #000000;\"><span style=\"text-decoration: underline;\"><strong>Le mercredi 22 novembre \u00e0 14h00<\/strong>,\u00a0<\/span> <br \/>Rencontre de l\u2019\u00e9quipe du rosaire \u00e0 Maron, vous y \u00eates invit\u00e9s. S\u2019adresser \u00e0 Marie-Rose Reibel pour plus de d\u00e9tails. Tel : 08 83 47 50 07.<\/span><\/p>\n<p><span style=\"color: #000000;\"><strong><span style=\"text-decoration: underline;\">March\u00e9 de No\u00ebl \u00e0 Notre Dame de Lourdes<\/span> : <br \/>Les 25 et 26 novembre 2023<\/strong>\u00a0de 09h00 \u00e0 11h30, la paroisse Notre dame de Lourdes organise son traditionnel march\u00e9 de No\u00ebl, sous la basilique ND de Lourdes : de nombreux stands, artisanat malgache, sp\u00e9cialit\u00e9s libanaises et syriennes, objets en bois, d\u00e9corations de No\u00ebl, p\u00e2tisserie \u2026<\/span><\/p>\n<p><span style=\"color: #000000;\"><strong><span style=\"text-decoration: underline;\">Dimanche 03 d\u00e9cembre, de 09h30 \u00e0 11h00\u00a0<\/span>: <br \/><\/strong>1<sup>\u00e8re<\/sup> rencontre du groupe d\u2019enfants \u00ab \u00e9veil \u00e0 la foi \u00bb,\u00a0<\/span><span style=\"color: #000000;\">4 \u00e0 6 ans, dans les salles paroissiales. Pour renseignements et inscriptions, s\u2019adresser au secr\u00e9tariat les jours de permanence ou par messagerie\u00a0: <a style=\"color: #000000;\" href=\"mailto:visitationmm@orange.fr\">visitationmm@orange.fr<\/a><\/span><\/p>\n<p><span style=\"color: #000000;\"><span style=\"text-decoration: underline;\"><strong>Au printemps prochain, une maison Familya <\/strong><\/span>ouvrira ses portes au 26 rue Saint-L\u00e9on,\u00a0\u00e0 Nancy. Lanc\u00e9e \u00e0 l\u2019initiative de notre dioc\u00e8se, cette maison s\u2019adresse \u00e0 tous les habitants de Meurthe-et-Moselle.\u00a0Une maison Familya, c\u2019est quoi ? Un lieu ressource d\u2019\u00e9ducation \u00e0 la relation. La maison accueillera et accompagnera toutes les personnes qui souhaitent construire, renforcer ou restaurer des liens durables et de qualit\u00e9 avec leur conjoint, leurs enfants, leur entourage. Sa vocation est d\u2019aider chacun \u00e0 d\u00e9velopper des relations durables avec ses plus proches parce que dans la recherche de coh\u00e9sion sociale, la famille est le premier lieu de solidarit\u00e9.<\/span><\/p>\n<p><span style=\"text-decoration: underline;\"><span style=\"color: #000000; text-decoration: underline;\"><strong>Journ\u00e9e mondiale de la Jeunesse 26 novembre<\/strong>\u00a0<strong>2023 :<br \/><\/strong><\/span><\/span><span style=\"color: #000000;\"><strong>\u00ab Joyeux dans l\u2019esp\u00e9rance \u00bb (Rm 12, 12) <\/strong><\/span><span style=\"color: #000000;\">R\u00e9unis en Assembl\u00e9e pl\u00e9ni\u00e8re \u00e0 Lourdes, les \u00e9v\u00eaques de France ont souhait\u00e9 s\u2019adresser aux jeunes et les remercier d\u2019avoir r\u00e9pondu pr\u00e9sents si nombreux lors des Journ\u00e9es Mondiales de la Jeunesse \u00e0 Lisbonne cet \u00e9t\u00e9.\u00a0Tous les d\u00e9tails sur\u00a0<a style=\"color: #000000;\" href=\"https:\/\/www.catholique-nancy.fr\/sites\/pastorale-des-jeunes\/actualites\/54696-journee-mondiale-de-la-jeunesse-joyeux-dans-lesperance-rm-12-12\/\">le site du dioc\u00e8se.<\/a>\u00a0<\/span><\/p>\n<p><span style=\"color: #000000;\"><span style=\"text-decoration: underline;\"><strong>Dimanche 3 d\u00e9cembre 2023, de 10h \u00e0 18h,<\/strong><\/span> \u00e0 la Maison de l\u2019Asn\u00e9e, \u00a0<em>Accueil \u00e0 partir de 9h30 :<br \/><\/em><\/span><span style=\"color: #000000;\">La pastorale des personnes en situation de handicap de l\u2019\u00c9glise catholique en Meurthe-et-Moselle vous invite \u00e0 c\u00e9l\u00e9brer la 31e Journ\u00e9e internationale des personnes en situation de handicap :\u00a0<\/span><span style=\"color: #000000;\">une rencontre festive pour se conna\u00eetre, partager et cr\u00e9er du lien.\u00a0<\/span><span style=\"color: #000000;\">Le th\u00e8me ?\u00a0<strong>\u00ab\u00a0Que notre lumi\u00e8re brille pour tous.\u00a0\u00bb<br \/><\/strong><\/span><span style=\"color: #000000;\">Programme d\u00e9taill\u00e9 et r\u00e9servations \u00e0 venir sur le site de la pastorale de la sant\u00e9\u00a0<u><a style=\"color: #000000;\" href=\"https:\/\/www.catholique-nancy.fr\/sites\/pastorale-de-la-sante\/\">en cliquant ici.<\/a><\/u><\/span><\/p>\n<p><span style=\"color: #000000;\"><strong><span style=\"text-decoration: underline;\">Messes en semaine<\/span>.<em>\u00a0<br \/><\/em><\/strong><\/span><span style=\"color: #000000;\">Jeudi\u00a0: adoration \u00e0 16h00 et messe \u00e0 16h30 \u00e0 la chapelle.<br \/><\/span><span style=\"color: #000000;\">Vendredi\u00a0: messe \u00e0 08h20 chez les s\u0153urs \u00e0 Bainville, 67 rue Jacques Callot.<\/span><\/p>\n<p><span style=\"text-decoration: underline;\"><span style=\"color: #000000; text-decoration: underline;\"><strong>Messes \u00e0 la Visitation :<br \/><\/strong><\/span><\/span><span style=\"color: #000000;\">Samedi 25 novembre \u00e0 18h00\u00a0: Maizi\u00e8res<br \/><\/span><span style=\"color: #000000;\">Dimanche 26 novembre \u00e0 10h30\u00a0: Neuves-Maisons.<\/span><\/p>\n<p><span style=\"color: #000000;\"><u><strong>Permanences \u00e0 la maison paroissiale<\/strong> :<\/u> <\/span><br \/><span style=\"color: #000000;\">Mardi de 14h \u00e0 16h30 et Samedi de 9h30 \u00e0 11h30<\/span><br \/><span style=\"color: #000000;\">tel : 03 83 47 25 54 \u2013 <em><strong>adresse mail<\/strong><\/em><strong> : <\/strong><a style=\"color: #000000;\" href=\"mailto:visitationmm@orange.fr\">visitationmm@orange.fr<\/a>\u00a0 <\/span><br \/><span style=\"color: #000000;\">Horaires des messes :\u00a0 <a style=\"color: #000000;\" href=\"https:\/\/messes.info\/\">messesinfo<\/a><em> (cliquer sur le lien)<\/em><\/span><\/p>\n","protected":false},"excerpt":{"rendered":"<p>Le dimanche 19 novembre \u00e0 16h00, L\u2019association Renaissance \u0153uvrant\u00a0 pour la restauration de l\u2019\u00e9glise de Pont Saint Vincent vous invite \u00e0 assister \u00e0 un concert instrumental, piano et flute de Pan. Le mercredi 22 novembre \u00e0 14h00,\u00a0 Rencontre de l\u2019\u00e9quipe du rosaire \u00e0 Maron, vous y \u00eates invit\u00e9s. S\u2019adresser \u00e0 Marie-Rose Reibel pour plus de&hellip; <br \/> <a class=\"read-more\" href=\"https:\/\/paroisses-nancy-sud.fr\/HOME\/annonces-de-la-visitation-du-19-novembre\/\">Lire la suite<\/a><\/p>\n","protected":false},"author":5,"featured_media":472,"comment_status":"closed","ping_status":"open","sticky":false,"template":"","format":"standard","meta":[],"categories":[10],"tags":[],"acf":[],"_links":{"self":[{"href":"https:\/\/paroisses-nancy-sud.fr\/HOME\/wp-json\/wp\/v2\/posts\/3370"}],"collection":[{"href":"https:\/\/paroisses-nancy-sud.fr\/HOME\/wp-json\/wp\/v2\/posts"}],"about":[{"href":"https:\/\/paroisses-nancy-sud.fr\/HOME\/wp-json\/wp\/v2\/types\/post"}],"author":[{"embeddable":true,"href":"https:\/\/paroisses-nancy-sud.fr\/HOME\/wp-json\/wp\/v2\/users\/5"}],"replies":[{"embeddable":true,"href":"https:\/\/paroisses-nancy-sud.fr\/HOME\/wp-json\/wp\/v2\/comments?post=3370"}],"version-history":[{"count":1,"href":"https:\/\/paroisses-nancy-sud.fr\/HOME\/wp-json\/wp\/v2\/posts\/3370\/revisions"}],"predecessor-version":[{"id":3371,"href":"https:\/\/paroisses-nancy-sud.fr\/HOME\/wp-json\/wp\/v2\/posts\/3370\/revisions\/3371"}],"wp:featuredmedia":[{"embeddable":true,"href":"https:\/\/paroisses-nancy-sud.fr\/HOME\/wp-json\/wp\/v2\/media\/472"}],"wp:attachment":[{"href":"https:\/\/paroisses-nancy-sud.fr\/HOME\/wp-json\/wp\/v2\/media?parent=3370"}],"wp:term":[{"taxonomy":"category","embeddable":true,"href":"https:\/\/paroisses-nancy-sud.fr\/HOME\/wp-json\/wp\/v2\/categories?post=3370"},{"taxonomy":"post_tag","embeddable":true,"href":"https:\/\/paroisses-nancy-sud.fr\/HOME\/wp-json\/wp\/v2\/tags?post=3370"}],"curies":[{"name":"wp","href":"https:\/\/api.w.org\/{rel}","templated":true}]}}