{"id":3372,"date":"2023-11-17T18:22:12","date_gmt":"2023-11-17T17:22:12","guid":{"rendered":"https:\/\/paroisses-nancy-sud.fr\/HOME\/?p=3372"},"modified":"2023-11-19T13:42:08","modified_gmt":"2023-11-19T12:42:08","slug":"annonces-de-saint-francois-de-sales-et-sainte-jeanne-de-chantal-16","status":"publish","type":"post","link":"https:\/\/paroisses-nancy-sud.fr\/HOME\/annonces-de-saint-francois-de-sales-et-sainte-jeanne-de-chantal-16\/","title":{"rendered":"Annonces de Saint-Fran\u00e7ois-de-Sales et Sainte-Jeanne-de-Chantal du 19 novembre"},"content":{"rendered":"\n<p><span style=\"color: #000000;\"><span style=\"text-decoration: underline;\"><strong>Confirmation :<br \/><\/strong><\/span><strong>Le samedi 18 novembre \u00e0 10h30 <\/strong>\u00e0 l\u2019\u00e9glise Sainte-Th\u00e9r\u00e8se de Villers les Nancy, <strong>12 jeunes de notre secteur Nancy-Sud<\/strong>, r\u00e9sidant \u00e0 <em>Heillecourt, Ludres, Jarville, Frolois, Pulligny, Viterne et Pont-Saint-Vincent<\/em>, <strong>vont \u00eatre confirm\u00e9s par notre \u00e9v\u00eaque<\/strong> avec 22 autres jeunes du lyc\u00e9e de La Malgrange et du secteur Nancy-Ouest. Portons, ces jeunes et leurs familles dans notre pri\u00e8re.<\/span><\/p>\n<p><span style=\"color: #000000;\"><strong><span style=\"text-decoration: underline;\">Messe des familles<\/span> :<br \/><\/strong><strong>Ce dimanche 19 novembre, \u00e0 Jarville, \u00e0 10h30 messe des familles. <\/strong><\/span><\/p>\n<p><span style=\"color: #000000;\"><span style=\"text-decoration: underline;\"><strong>Chemin de Compostelle <\/strong><\/span><strong>!<br \/><\/strong><strong>Ce dimanche 19 novembre \u00e0 la salle paroissiale de Ludres \u00e0 15h<\/strong>, Pierre Lombardet, vous fera partager son exp\u00e9rience spirituelle, sociale, touristique (voire sportive\u00a0!).<\/span><\/p>\n<p><span style=\"color: #000000;\"><strong><span style=\"text-decoration: underline;\">Go\u00fbter de la Sainte C\u00e9cile<\/span> :<br \/><\/strong><strong>Le samedi 25 novembre \u00e0 Ludres, de 15h30 \u00e0 17h <\/strong>les animateurs de nos c\u00e9l\u00e9brations, musiciens, choristes, animateurs chants sont invit\u00e9s pour un temps de pause, d\u2019\u00e9change, de go\u00fbter cr\u00eapes, chocolat chaud et autres choses qu\u2019on aime, et bien s\u00fbr chanter\u00a0! Chacun peut apporter sa sp\u00e9cialit\u00e9 sucr\u00e9e, cr\u00eapes, p\u00e2te \u00e0 cr\u00eapes \u2026 \u00e0 partager.<\/span><\/p>\n<p><span style=\"color: #000000;\"><strong><span style=\"text-decoration: underline;\">Horaires des messes dominicales des 25 et 26 novembre 2023<\/span> :<br \/><\/strong><strong>Samedi 25 novembre : 18h <\/strong>Heillecourt, Laneuveville, Maizi\u00e8res<br \/><strong>Dimanche 26 novembre : 10h <\/strong>Flavigny, Fl\u00e9ville<strong> 10h30 <\/strong>Jarville, Neuves-Maisons\u00a0<\/span><\/p>\n<p><span style=\"color: #000000;\"><strong><span style=\"text-decoration: underline;\">Week-end de pastorale des jeunes dans un chalet vosgien<\/span> :<br \/><\/strong><strong>Les 27 et 28 janvier <\/strong>\u00e0 Plainfaing<strong>.<\/strong> <strong>Le th\u00e8me sera la pri\u00e8re<\/strong>, en lien avec l\u2019ann\u00e9e de la pri\u00e8re demand\u00e9e par le pape Fran\u00e7ois et par notre \u00e9v\u00eaque Mgr Pierre-Yves Michel. Des jeux en plein air, des jeux d\u2019int\u00e9rieur, des activit\u00e9s manuelles, une veill\u00e9e de pri\u00e8re, des enseignements.<\/span><\/p>\n<p><span style=\"color: #000000;\"><strong><span style=\"text-decoration: underline;\">March\u00e9 de No\u00ebl<\/span><br \/><\/strong><strong>Le samedi 2 d\u00e9cembre \u00e0 Laneuveville de 17h \u00e0 19h <\/strong>sur le parvis de l\u2019\u00e9glise<strong> et \u00e0 Jarville le dimanche 3 d\u00e9cembre de 10h \u00e0 12h <\/strong>sur le parvis de l\u2019\u00e9glise\u00a0vente de d\u00e9corations de No\u00ebl par les \u2018\u2019Abeilles du mardi\u2019\u2019 et de produits gourmands.<\/span><\/p>\n<p><span style=\"color: #000000;\"><strong><span style=\"text-decoration: underline;\">Concert de No\u00ebl<\/span> :<br \/><\/strong><strong>Le samedi 2 d\u00e9cembre \u00e0 Laneuveville \u00e0 20h30 avec la chorale <\/strong><em>Lanew\u2019m\u00e9lodie<\/em> <em>et le groupe r\u00e9tro-harmonie. <\/em><\/span><\/p>\n<p><span style=\"color: #000000;\"><strong><span style=\"text-decoration: underline;\">Autres annonces :<\/span><br \/><\/strong><strong>\u00a0&#8211; Journ\u00e9e mondiale des pauvres <em>\u2018\u2019Ne d\u00e9tourne ton visage d\u2019aucun pauvre<\/em><\/strong><em> \u2018\u2019<br \/><\/em>Les deux propositions suivantes cherchent \u00e0 r\u00e9pondre \u00e0 cet appel\u00a0:<br \/><em><strong>&#8211; La F\u00eate dioc\u00e9saine de la Fraternit\u00e9 \u2018\u2019 On a tous quelque chose \u00e0 partager \u2018\u2019<br \/><\/strong><\/em><strong>Ce samedi 18 et dimanche 19 novembre 2023, <\/strong>\u00e0 la Maison de l\u2019Asn\u00e9e \u00e0 Villers-l\u00e8s-Nancy, avec le service de la Diaconie.\u00a0 <strong>Samedi 14h30\u00a0:\u00a0Lancement\u00a0de la f\u00eate de Fraternit\u00e9<\/strong> \u2013\u00e015h :\u00a0Ateliers divers \u2013 <strong>\u00e0 17h30 :\u00a0Contes\u00a0\u2013 \u00e0 <\/strong>17h45\u00a0:\u00a0Conf\u00e9rence par le grand t\u00e9moin du weekend, Rapha\u00ebl Pitti &#8211; \u00e0 19h\u00a0: \u00a0Repas <strong>\u00e0 20h30\u00a0:\u00a0Spectacle musical<\/strong> (avec Julien Carton) <strong>Dimanche 10h<\/strong>:\u00a0Table ronde \u2013 11h\u00a0: Sc\u00e8ne ouverte \u2013-12h\u00a0:\u00a0Repas \u2013\u00a0&#8211; <strong>14h30\u00a0:\u00a0Messe<\/strong> <strong>avec Mgr Michel.<\/strong><\/span><\/p>\n<p><span style=\"color: #000000;\"><strong>&#8211; <span style=\"text-decoration: underline;\">Secours Catholique<\/span><br \/><\/strong><span style=\"font-size: revert;\">La journ\u00e9e nationale du Secours Catholique a lieu ce <\/span><strong style=\"font-size: revert;\">dimanche 19 novembre<\/strong><span style=\"font-size: revert;\">. Lors de ce rendez-vous annuel, vous seront propos\u00e9s, \u00e0 Jarville, des calendriers de l&rsquo;Avent pour familles (5 euros) en attendant la vente des bougies et g\u00e2teaux au mois de d\u00e9cembre.<\/span><\/span><\/p>\n<p><span style=\"color: #000000;\"><span style=\"text-decoration: underline;\"><strong>Films :<br \/><\/strong><\/span><strong>\u00a0&#8211; Sound of Freedom, <\/strong>au kin\u00e9polis<strong> de 18 au 21 novembre.<br \/><\/strong><strong style=\"font-size: revert;\">\u00a0&#8211; L\u2019abb\u00e9 Pierre une vie de combat <\/strong><span style=\"font-size: revert;\">\u00e0 Ludres, Nancy\u2026<\/span><\/span><\/p>\n<p><span style=\"color: #000000;\"><strong><span style=\"text-decoration: underline;\">Formation continue de la foi<\/span>\u00a0: cycle \u2018\u2019des femmes remarquables \u2018\u2019<br \/><\/strong><strong>Le mardi 21 novembre <\/strong>au domaine de l\u2019Asn\u00e9e \u00e0 14h30 ou \u00e0 20h30<strong>\u00a0: Jeanne d\u2019Arc c<\/strong><strong>ombattante pour l\u2019unit\u00e9 d\u2019un peuple<\/strong>, \u00ab\u00a0La Fille de Lorraine \u00e0 nulle autre pareille\u00a0\u00bb <strong><em>(P\u00e9guy) <\/em><\/strong><em>par Xavier Loppinet, fr\u00e8re dominicain du couvent de Nancy<\/em><\/span><\/p>\n<p><span style=\"color: #000000;\"><strong><span style=\"text-decoration: underline;\">March\u00e9 de No\u00ebl \u00e0 Notre Dame de Lourdes<\/span> :\u00a0<br \/><\/strong><strong>Les 25 et 26 novembre 2023<\/strong>\u00a0de 09h00 \u00e0 11h30, la paroisse Notre dame de Lourdes organise son traditionnel march\u00e9 de No\u00ebl, sous le basilique ND de Lourdes : de nombreux stands, artisanat malgache, sp\u00e9cialit\u00e9s libanaises et syriennes, objets en bois, d\u00e9corations de No\u00ebl, p\u00e2tisserie \u2026<\/span><\/p>\n<p><span style=\"color: #000000;\"><span style=\"text-decoration: underline;\"><strong>Journ\u00e9e mondiale de la Jeunesse 26 novembre<\/strong> <\/span><strong><span style=\"text-decoration: underline;\">2023<\/span> :<br \/><\/strong>Cet \u00e9t\u00e9, l\u2019incroyable aventure des JMJ de Lisbonne 2023 a \u00e9t\u00e9 v\u00e9cue, un feu a \u00e9t\u00e9 allum\u00e9, Il est d\u00e9sormais temps de le propager\u00a0! le Service des Jeunes propose aux 15 \u00e0 30 ans et \u00e0 leurs accompagnateurs de vivre la <strong><em>\u00ab\u00a0Joie de l\u2019Esp\u00e9rance\u00a0\u00bb (<\/em><\/strong><em>Rm 12, 12) lors de\u00a0LA Journ\u00e9e\u00a0Mondiale de la Jeunesse du 26 novembre prochain ! <\/em>En cette f\u00eate du Christ-Roi, vivre une journ\u00e9e pour quitter les peurs, les angoisses, l\u2019absence de sens, qui sont parfois celles de notre g\u00e9n\u00e9ration.\u00a0! Revivifions ce monde souvent rempli de tristesse !<\/span><\/p>\n<p><span style=\"color: #000000;\"><strong><span style=\"text-decoration: underline;\">Journ\u00e9e internationale pour les personnes en situation de handicap<\/span> :<br \/><\/strong>La pastorale des personnes en situation de handicap de l\u2019\u00c9glise catholique en Meurthe-et-Moselle vous invite \u00e0 c\u00e9l\u00e9brer la 31<sup>\u00e8me<\/sup> Journ\u00e9e internationale des personnes en situation de handicap : <strong>une rencontre festive pour se conna\u00eetre, partager et cr\u00e9er du lien<\/strong>.<br \/>Rendez-vous <strong>le dimanche 3 d\u00e9cembre 2023, de 10h \u00e0 18h<\/strong>\u00a0(accueil \u00e0 partir de 9h30), \u00e0 la Maison dioc\u00e9saine au domaine de l\u2019Asn\u00e9e. Le th\u00e8me ?\u00a0<em>\u00ab\u00a0Que notre lumi\u00e8re brille pour tous.\u00a0\u00bb<br \/><\/em>Restauration possible sur r\u00e9servation\u00a0au plus tard le <strong>16 novembre 2023<\/strong>\u00a0(15\u20ac par personne) ou possibilit\u00e9 de venir avec son pique-nique<\/span><\/p>\n<p><span style=\"color: #000000;\"><span style=\"text-decoration: underline;\"><strong>Halte spirituelle en silence de l\u2019Avent :<br \/><\/strong><\/span><strong>Du\u00a0samedi 02 d\u00e9cembre\u00a0\u00e0 09h00\u00a0au\u00a003 d\u00e9cembre 2023\u00a0\u00e0 16h30 au <\/strong>Centre spirituel dioc\u00e9sain <strong>Paix, joie, bonheur, Il vient<\/strong>. Un temps de halte, de r\u00e9collection pour s\u2019asseoir aux pieds du Seigneur, \u00e9couter sa Parole, relire spirituellement sa vie, entrer \u00e0 l\u2019int\u00e9rieur de l\u2019Avent et se pr\u00e9parer \u00e0 c\u00e9l\u00e9brer No\u00ebl.<\/span><\/p>\n<p><span style=\"color: #000000;\"><span style=\"text-decoration: underline;\"><strong>Les \u00e9v\u00eaques lancent un appel pour la paix<br \/><\/strong><\/span>Les \u00e9v\u00eaques ont lanc\u00e9, depuis Lourdes o\u00f9 ils \u00e9taient r\u00e9unis dans le cadre de leurs rencontres semestrielles de pri\u00e8re et de travail,\u00a0<a style=\"color: #000000;\" href=\"https:\/\/eglise.catholique.fr\/conference-des-eveques-de-france\/cef\/assemblees-plenieres\/assemblee-pleniere-de-novembre-2023\/545927-cloture-de-lassemblee-pleniere-dautomne-2023-mercredi-8-novembre-2023\/#paix\"><strong>un appel \u00e0 la paix<\/strong><\/a>. Appel renouvel\u00e9 par le Pr\u00e9sident de la\u00a0<a style=\"color: #000000;\" href=\"https:\/\/eglise.catholique.fr\/glossaire\/conference-des-eveques-de-france\"><strong>Conf\u00e9rence des \u00e9v\u00eaques de France<\/strong><\/a>\u00a0Mgr \u00c9ric de Moulins-Beaufort, dans un message destin\u00e9 aux dirigeants internationaux r\u00e9unis pour le sixi\u00e8me \u00ab Forum de Paris sur la paix \u00bb \u00ab\u00a0<em>Nous voulons dire \u00e0 tout homme, toute femme\u00a0: gu\u00e9rissez votre c\u0153ur de cette maladie mortelle qu\u2019est l\u2019antis\u00e9mitisme. Gardez-vous de tout racisme et de tout m\u00e9pris contre les musulmans ou les chr\u00e9tiens, ou toute autre religion. La destin\u00e9e de l\u2019humanit\u00e9 est la fraternit\u00e9. Elle passe par l\u2019effort de la\u00a0r\u00e9conciliation. Je prie et j\u2019appelle \u00e0 prier pour cela\u00a0\u00bb.<\/em><\/span><\/p>\n","protected":false},"excerpt":{"rendered":"<p>Confirmation :Le samedi 18 novembre \u00e0 10h30 \u00e0 l\u2019\u00e9glise Sainte-Th\u00e9r\u00e8se de Villers les Nancy, 12 jeunes de notre secteur Nancy-Sud, r\u00e9sidant \u00e0 Heillecourt, Ludres, Jarville, Frolois, Pulligny, Viterne et Pont-Saint-Vincent, vont \u00eatre confirm\u00e9s par notre \u00e9v\u00eaque avec 22 autres jeunes du lyc\u00e9e de La Malgrange et du secteur Nancy-Ouest. Portons, ces jeunes et leurs familles&hellip; <br \/> <a class=\"read-more\" href=\"https:\/\/paroisses-nancy-sud.fr\/HOME\/annonces-de-saint-francois-de-sales-et-sainte-jeanne-de-chantal-16\/\">Lire la suite<\/a><\/p>\n","protected":false},"author":5,"featured_media":2464,"comment_status":"closed","ping_status":"open","sticky":false,"template":"","format":"standard","meta":[],"categories":[7],"tags":[],"acf":[],"_links":{"self":[{"href":"https:\/\/paroisses-nancy-sud.fr\/HOME\/wp-json\/wp\/v2\/posts\/3372"}],"collection":[{"href":"https:\/\/paroisses-nancy-sud.fr\/HOME\/wp-json\/wp\/v2\/posts"}],"about":[{"href":"https:\/\/paroisses-nancy-sud.fr\/HOME\/wp-json\/wp\/v2\/types\/post"}],"author":[{"embeddable":true,"href":"https:\/\/paroisses-nancy-sud.fr\/HOME\/wp-json\/wp\/v2\/users\/5"}],"replies":[{"embeddable":true,"href":"https:\/\/paroisses-nancy-sud.fr\/HOME\/wp-json\/wp\/v2\/comments?post=3372"}],"version-history":[{"count":4,"href":"https:\/\/paroisses-nancy-sud.fr\/HOME\/wp-json\/wp\/v2\/posts\/3372\/revisions"}],"predecessor-version":[{"id":3377,"href":"https:\/\/paroisses-nancy-sud.fr\/HOME\/wp-json\/wp\/v2\/posts\/3372\/revisions\/3377"}],"wp:featuredmedia":[{"embeddable":true,"href":"https:\/\/paroisses-nancy-sud.fr\/HOME\/wp-json\/wp\/v2\/media\/2464"}],"wp:attachment":[{"href":"https:\/\/paroisses-nancy-sud.fr\/HOME\/wp-json\/wp\/v2\/media?parent=3372"}],"wp:term":[{"taxonomy":"category","embeddable":true,"href":"https:\/\/paroisses-nancy-sud.fr\/HOME\/wp-json\/wp\/v2\/categories?post=3372"},{"taxonomy":"post_tag","embeddable":true,"href":"https:\/\/paroisses-nancy-sud.fr\/HOME\/wp-json\/wp\/v2\/tags?post=3372"}],"curies":[{"name":"wp","href":"https:\/\/api.w.org\/{rel}","templated":true}]}}