{"id":3391,"date":"2023-11-24T18:18:11","date_gmt":"2023-11-24T17:18:11","guid":{"rendered":"https:\/\/paroisses-nancy-sud.fr\/HOME\/?p=3391"},"modified":"2023-11-24T18:18:11","modified_gmt":"2023-11-24T17:18:11","slug":"annonces-de-la-visitation-du-26-novembre","status":"publish","type":"post","link":"https:\/\/paroisses-nancy-sud.fr\/HOME\/annonces-de-la-visitation-du-26-novembre\/","title":{"rendered":"Annonces de la Visitation du 26 novembre"},"content":{"rendered":"\n<p><span style=\"color: #000000;\"><strong><u>Bapt\u00eame le 03 d\u00e9cembre<\/u><\/strong> en l\u2019\u00e9glise de Xeuilley d\u2019Arthur.<\/span><br \/><span style=\"color: #000000;\">\u00a0R\u00e9jouissons-nous et\u00a0 portons-le dans nos pri\u00e8res.<\/span><\/p>\n<p><span style=\"color: #000000;\"><strong><u>\u00a0<\/u><\/strong><strong><u>\u00c9quipes du Rosaire\u00a0<\/u><\/strong>: <\/span><br \/><span style=\"color: #000000;\">Comme chaque d\u00e9but de mois, les \u00e9quipes du secteur se r\u00e9unissent. Pour d\u00e9cembre, ce sera le lundi 04 \u00e0 14h30 \u00e0 la chapelle et elles invitent toutes personnes int\u00e9ress\u00e9es \u00e0 les rejoindre.<\/span><\/p>\n<p><span style=\"color: #000000;\"><strong><u>\u00a0<\/u><\/strong><strong><u>Qu\u00eate charges paroissiales<\/u><\/strong>\u00a0: <\/span><br \/><span style=\"color: #000000;\">Comme tous les premiers dimanches du mois, une qu\u00eate est assur\u00e9e pour une participation aux charges paroissiales. Elle est valable pour toute la paroisse de la Visitation. Merci pour votre don\u00a0!<\/span><\/p>\n<p><span style=\"color: #000000;\"><strong><u>\u00a0<\/u><\/strong><strong><u>Concerts de No\u00ebl dans nos \u00e9glises<\/u><\/strong><strong>, <\/strong>chants de No\u00ebl profanes et religieux<\/span><br \/><span style=\"color: #000000;\">\u00c0 <strong>Xeuilley\u00a0<\/strong>: Le dimanche 10 d\u00e9cembre \u00e0 16h00 avec le Ch\u0153ur d\u2019hommes de Nancy<\/span><br \/><span style=\"color: #000000;\">\u00c0 <strong>Sexey<\/strong>\u00a0: Le dimanche 10 d\u00e9cembre \u00e0 14h30 avec les petits chanteurs de Toul<\/span><br \/><span style=\"color: #000000;\">\u00c0 <strong>Autrey<\/strong>\u00a0: Le dimanche 10 d\u00e9cembre \u00e0 15h30 avec la chorale de Bouxi\u00e8res aux Ch\u00eanes<\/span><\/p>\n<p><span style=\"color: #000000;\"><strong><u>Tout le temps de l\u2019Avent<\/u><\/strong>, <\/span><br \/><span style=\"color: #000000;\">D\u00e8s le 03 d\u00e9cembre, un panier plac\u00e9 le dimanche au fond de l\u2019\u00e9glise recueillera vos dons, produits d\u2019hygi\u00e8ne, de pu\u00e9riculture et produits alimentaires non p\u00e9rissables, destin\u00e9s \u00e0 des familles via les \u0153uvres caritatives du secteur.\u00a0 Un grand merci !<\/span><\/p>\n<p><span style=\"color: #000000;\"><strong>Au printemps prochain, <u>une maison Familya<\/u> <\/strong>ouvrira ses portes au 26 rue Saint-L\u00e9on,\u00a0\u00e0 Nancy. <\/span><br \/><span style=\"color: #000000;\">Lanc\u00e9e \u00e0 l\u2019initiative de notre dioc\u00e8se, cette maison s\u2019adresse \u00e0 tous les habitants de Meurthe-et-Moselle.\u00a0Une maison Familya, c\u2019est quoi ? Un lieu ressource d\u2019\u00e9ducation \u00e0 la relation. La maison accueillera et accompagnera toutes les personnes qui souhaitent construire, renforcer ou restaurer des liens durables et de qualit\u00e9 avec leur conjoint, leurs enfants, leur entourage. Sa vocation est d\u2019aider chacun \u00e0 d\u00e9velopper des relations durables avec ses plus proches parce que dans la recherche de coh\u00e9sion sociale, la famille est le premier lieu de solidarit\u00e9.<\/span><\/p>\n<p><span style=\"color: #000000;\">\u00a0La pastorale des personnes en situation de handicap de l\u2019\u00c9glise catholique vous invite \u00e0 c\u00e9l\u00e9brer la 31e Journ\u00e9e internationale des personnes en situation de handicap : une rencontre festive pour se conna\u00eetre, partager et cr\u00e9er du lien.<\/span><br \/><span style=\"color: #000000;\"><strong>Le dimanche 3 d\u00e9cembre 2023, de 10h \u00e0 18h\u00a0<\/strong> au domaine de l\u2019Asn\u00e9e.\u00a0<\/span><br \/><span style=\"color: #000000;\"><strong>\u00ab\u00a0Que notre lumi\u00e8re brille pour tous.\u00a0\u00bb sera le th\u00e8me de la journ\u00e9e<br \/><\/strong><em>* Pour plus d\u2019informations, consulter <span style=\"color: #000000;\">l<a style=\"color: #000000; text-decoration: underline;\" href=\"https:\/\/www.catholique-nancy.fr\/agenda\/44816-31e-journee-internationale-des-personnes-en-situation-de-handicap\/\">e site de la pastorale-sant\u00e9<\/a><\/span><\/em><\/span><\/p>\n<p><span style=\"color: #000000;\"><strong><span style=\"text-decoration: underline;\">Messes en semaine.<\/span><em><span style=\"text-decoration: underline;\">\u00a0<\/span><br \/><\/em><\/strong>Jeudi\u00a0: adoration \u00e0 16h00 et messe \u00e0 16h30 \u00e0 la chapelle.<\/span><br \/><span style=\"color: #000000;\">Vendredi\u00a0: messe \u00e0 08h20 chez les s\u0153urs \u00e0 Bainville, 67 rue Jacques Callot.<\/span><\/p>\n<p><span style=\"color: #000000;\"><strong><span style=\"text-decoration: underline;\">Messes \u00e0 la Visitation<\/span><br \/><\/strong>Samedi 02 d\u00e9cembre \u00e0 18h00\u00a0: M\u00e9r\u00e9ville<\/span><br \/><span style=\"color: #000000;\">Dimanche 03 d\u00e9cembre \u00e0 10h00\u00a0: Xeuilley et \u00e0 10h30\u00a0: Neuves-Maisons, messe des familles.<\/span><\/p>\n<p><span style=\"color: #000000;\"><u><strong>Permanences \u00e0 la maison paroissiale<\/strong> :<\/u> <\/span><br \/><span style=\"color: #000000;\">Mardi de 14h \u00e0 16h30 et Samedi de 9h30 \u00e0 11h30<\/span><br \/><span style=\"color: #000000;\">tel : 03 83 47 25 54 \u2013 <em><strong>adresse mail<\/strong><\/em><strong> : <\/strong><a style=\"color: #000000;\" href=\"mailto:visitationmm@orange.fr\">visitationmm@orange.fr<\/a>\u00a0 <\/span><br \/><span style=\"color: #000000;\">Horaires des messes :\u00a0 <a style=\"color: #000000;\" href=\"https:\/\/messes.info\/\">messesinfo<\/a><em> (cliquer sur le lien)<\/em><\/span><\/p>\n","protected":false},"excerpt":{"rendered":"<p>Bapt\u00eame le 03 d\u00e9cembre en l\u2019\u00e9glise de Xeuilley d\u2019Arthur.\u00a0R\u00e9jouissons-nous et\u00a0 portons-le dans nos pri\u00e8res. \u00a0\u00c9quipes du Rosaire\u00a0: Comme chaque d\u00e9but de mois, les \u00e9quipes du secteur se r\u00e9unissent. Pour d\u00e9cembre, ce sera le lundi 04 \u00e0 14h30 \u00e0 la chapelle et elles invitent toutes personnes int\u00e9ress\u00e9es \u00e0 les rejoindre. \u00a0Qu\u00eate charges paroissiales\u00a0: Comme tous les&hellip; <br \/> <a class=\"read-more\" href=\"https:\/\/paroisses-nancy-sud.fr\/HOME\/annonces-de-la-visitation-du-26-novembre\/\">Lire la suite<\/a><\/p>\n","protected":false},"author":5,"featured_media":471,"comment_status":"closed","ping_status":"open","sticky":false,"template":"","format":"standard","meta":[],"categories":[10],"tags":[],"acf":[],"_links":{"self":[{"href":"https:\/\/paroisses-nancy-sud.fr\/HOME\/wp-json\/wp\/v2\/posts\/3391"}],"collection":[{"href":"https:\/\/paroisses-nancy-sud.fr\/HOME\/wp-json\/wp\/v2\/posts"}],"about":[{"href":"https:\/\/paroisses-nancy-sud.fr\/HOME\/wp-json\/wp\/v2\/types\/post"}],"author":[{"embeddable":true,"href":"https:\/\/paroisses-nancy-sud.fr\/HOME\/wp-json\/wp\/v2\/users\/5"}],"replies":[{"embeddable":true,"href":"https:\/\/paroisses-nancy-sud.fr\/HOME\/wp-json\/wp\/v2\/comments?post=3391"}],"version-history":[{"count":1,"href":"https:\/\/paroisses-nancy-sud.fr\/HOME\/wp-json\/wp\/v2\/posts\/3391\/revisions"}],"predecessor-version":[{"id":3392,"href":"https:\/\/paroisses-nancy-sud.fr\/HOME\/wp-json\/wp\/v2\/posts\/3391\/revisions\/3392"}],"wp:featuredmedia":[{"embeddable":true,"href":"https:\/\/paroisses-nancy-sud.fr\/HOME\/wp-json\/wp\/v2\/media\/471"}],"wp:attachment":[{"href":"https:\/\/paroisses-nancy-sud.fr\/HOME\/wp-json\/wp\/v2\/media?parent=3391"}],"wp:term":[{"taxonomy":"category","embeddable":true,"href":"https:\/\/paroisses-nancy-sud.fr\/HOME\/wp-json\/wp\/v2\/categories?post=3391"},{"taxonomy":"post_tag","embeddable":true,"href":"https:\/\/paroisses-nancy-sud.fr\/HOME\/wp-json\/wp\/v2\/tags?post=3391"}],"curies":[{"name":"wp","href":"https:\/\/api.w.org\/{rel}","templated":true}]}}