{"id":3393,"date":"2023-11-24T18:34:23","date_gmt":"2023-11-24T17:34:23","guid":{"rendered":"https:\/\/paroisses-nancy-sud.fr\/HOME\/?p=3393"},"modified":"2023-11-24T18:34:23","modified_gmt":"2023-11-24T17:34:23","slug":"annonces-de-saint-francois-de-sales-et-sainte-jeanne-de-chantal-du-26-novembre","status":"publish","type":"post","link":"https:\/\/paroisses-nancy-sud.fr\/HOME\/annonces-de-saint-francois-de-sales-et-sainte-jeanne-de-chantal-du-26-novembre\/","title":{"rendered":"Annonces de Saint-Fran\u00e7ois-de-Sales et Sainte-Jeanne-de-Chantal du 26 novembre"},"content":{"rendered":"\n<p><span style=\"color: #000000;\"><strong><span style=\"text-decoration: underline;\">Rencontre des EAP<\/span><br \/><\/strong><\/span><span style=\"color: #000000;\">Le mercredi 29 novembre \u00e0 20h rencontre de l\u2019EAP de Saint-Francois-de-Sales et le mardi 12 d\u00e9cembre \u00e0 14h rencontre de l\u2019EAP de Sainte-Jeanne-de-Chantal.<\/span><\/p>\n<p><span style=\"color: #000000;\"><strong><span style=\"text-decoration: underline;\">Rencontre pasto des jeunes de l\u2019AJC \u00e0 Ludres<\/span><br \/><\/strong><\/span><span style=\"color: #000000;\"><strong>Le vendredi 1<sup>er<\/sup> d\u00e9cembre<\/strong>, les jeunes se retrouvent <strong>\u00e0 Ludres. <\/strong>Ils commenceront par<strong> la messe (ouverte \u00e0 tous\u00a0!) \u00e0 19h, \u00e0 l\u2019\u00e9glise, <\/strong>puis repas et partage sur l<strong>\u2019amiti\u00e9\u00a0<\/strong>: <em>\u00e0 quelle conversion cela nous invite t-il\u00a0?<\/em><\/span><\/p>\n<p><span style=\"color: #000000;\"><strong><span style=\"text-decoration: underline;\">Horaires des messes dominicales des 2 et 3 d\u00e9cembre 2023\u00a0<\/span><br \/><\/strong><\/span><span style=\"color: #000000;\"><strong>Samedi 2 d\u00e9cembre : 18h <\/strong>Heillecourt, Laneuveville, M\u00e9r\u00e9ville<br \/><\/span><span style=\"color: #000000;\"><strong>Dimanche 3 d\u00e9cembre : 10h <\/strong>Flavigny, Fl\u00e9ville<strong> 10h30 <\/strong>Jarville, Neuves-Maisons\u00a0\u00a0\u00a0 <strong>11h <\/strong>Ludres<\/span><\/p>\n<p><span style=\"color: #000000;\"><strong><span style=\"text-decoration: underline;\">Messe des familles et premier temps fort cat\u00e9 :<\/span><br \/><\/strong><\/span><span style=\"color: #000000;\"><strong>Le dimanche 3 d\u00e9cembre \u00e0 Neuves-Maisons \u00e0 10h30, messe des familles <\/strong>suivie du <strong>premier temps fort<\/strong> pour les enfants du cat\u00e9\u00a0: pique-nique apr\u00e8s la messe puis activit\u00e9s \u00e0 partir de 13h<strong>.<br \/><\/strong><\/span><span style=\"color: #000000;\"><strong>Les parents sont invit\u00e9s \u00e0 14h30 <\/strong>pour un temps sp\u00e9cialement pour eux, avec un pr\u00eatre.<strong> \u2018<em>\u2019<\/em><\/strong><em>J\u00e9sus Christ t\u2019aime, il a donn\u00e9 sa vie pour te sauver, et maintenant il est vivant \u00e0 tes c\u00f4t\u00e9s chaque jour pour t\u2019\u00e9clairer, pour te fortifier, pour te lib\u00e9rer\u00a0<\/em>\u2018\u2019(pape Fran\u00e7ois)<br \/><\/span><span style=\"color: #000000;\"><strong>Go\u00fbter pour tous \u00e0 15h30\u00a0<\/strong>! Contact<strong>: <\/strong>Thierry au 06 43 29 36 22<\/span><\/p>\n<p><span style=\"color: #000000;\"><strong><span style=\"text-decoration: underline;\">March\u00e9 de No\u00ebl :<\/span><br \/><\/strong><\/span><span style=\"color: #000000;\"><strong>Le samedi 2 d\u00e9cembre \u00e0 Laneuveville de 17h \u00e0 19h <\/strong>sur le parvis de l\u2019\u00e9glise<strong> et \u00e0 Jarville le dimanche 3 d\u00e9cembre de 10h \u00e0 12h <\/strong>sur le parvis de l\u2019\u00e9glise\u00a0vente de d\u00e9corations de No\u00ebl par les \u2018\u2019Abeilles du mardi\u2019\u2019 et de produits gourmands propos\u00e9 par <em>l\u2019association kermesse<\/em> .au profit de la paroisse Saint-Fran\u00e7ois-de-Sales.<\/span><\/p>\n<p><span style=\"color: #000000;\"><strong><span style=\"text-decoration: underline;\">Concerts de No\u00ebl<\/span><br \/><\/strong><\/span><span style=\"color: #000000;\"><strong>Le samedi 2 d\u00e9cembre \u00e0 Laneuveville \u00e0 20h30 <\/strong>avec la chorale <em>Lanew\u2019m\u00e9lodie<\/em> et le groupe <em>R\u00e9tro-harmonie. &#8211; <\/em><strong>Le dimanche 3 d\u00e9cembre \u00e0 Ludres \u00e0 15h <\/strong>avec la chorale <em>Cantalud\u2019 &#8211; <\/em><strong>Le dimanche 10 d\u00e9cembre \u00e0 Jarville \u00e0\u00a015<em> h<\/em><\/strong> avec le groupe vocal <em>Faridol <\/em>de Laxou, son ch\u0153ur de femmes et son ch\u0153ur mixte.<\/span><\/p>\n<p><span style=\"color: #000000;\"><strong><span style=\"text-decoration: underline;\">Lumi\u00e8re de Bethl\u00e9em avec les scouts<\/span><br \/><\/strong><\/span><strong style=\"font-size: revert;\">Le 10 d\u00e9cembre \u00e0 Jarville <\/strong><span style=\"font-size: revert;\">les scouts de France du groupe Ludres-Jarville apporteront et partageront la lumi\u00e8re de Bethl\u00e9em.<\/span><\/p>\n<p><span style=\"text-decoration: underline;\"><span style=\"color: #000000; text-decoration: underline;\"><strong>Op\u00e9ration \u2018\u2019Oranges\u2019\u2019<\/strong><strong> de S\u0153ur Emmanuelle et de S\u0153ur Sara !<br \/><\/strong><\/span><\/span><span style=\"color: #000000;\"><strong>Les samedi 9 et dimanche 10 d\u00e9cembre <\/strong>(puis le 17 d\u00e9cembre \u00e0 Ludres)\u00a0: <strong>1 orange = 1 euro<br \/><\/strong><\/span><span style=\"color: #000000;\"><strong>Pourquoi la vente d&rsquo;oranges dans nos \u00e9glises ? <\/strong>\u00a0&#8211; Des oranges, pour rappeler la distribution d&rsquo;oranges op\u00e9r\u00e9e par s\u0153ur Emmanuelle aux enfants des rues du Soudan du sud\u00a0: aide nutritionnelle, (apport de vitamines C), dans un pays d\u00e9vast\u00e9. Priorit\u00e9 \u00e0 <strong>l&rsquo;EDUCATION<\/strong> et plus particuli\u00e8rement des filles. <strong>Cr\u00e9ation d&rsquo;\u00e9coles, mais aussi \u00e9largissement des aides au Liban et \u00e0 l\u2019Egypte<\/strong> : ouvertures de dispensaires, achat de lait et de mati\u00e8res premi\u00e8res compte-tenu des crises \u00e9conomiques dans ces pays.<\/span><\/p>\n<p><span style=\"text-decoration: underline;\"><span style=\"color: #000000;\"><strong>Eveil \u00e0 la foi<br \/><\/strong><\/span><\/span><span style=\"color: #000000;\"><strong>Le dimanche 17 d\u00e9cembre \u00e0 Ludres, \u00e9veil \u00e0 la foi\u00a0: rendez-vous \u00e0 10h <\/strong>\u00e0 la Maison paroissiale de Ludres pour les enfants de 3 \u00e0 7 ans et leurs parents. Contact\u00a0: Sophie 06 83 29 75 95<\/span><\/p>\n<p><span style=\"color: #000000;\"><strong><span style=\"text-decoration: underline;\">Journ\u00e9e MEJ, Mouvement eucharistique des jeunes<\/span><br \/><\/strong><\/span><span style=\"color: #000000;\"><strong>Le dimanche 17 d\u00e9cembre, les jeunes du MEJ <\/strong>se retrouvent \u00e0 Ludres pour la messe et la journ\u00e9e \u00e0 la Maison paroissiale.<\/span><\/p>\n<p><span style=\"color: #000000;\"><strong><span style=\"text-decoration: underline;\">Assembl\u00e9e g\u00e9n\u00e9rale de <em>l\u2019Association Kermesse paroissiale<\/em> de Jarville<\/span><br \/><\/strong><\/span><strong style=\"font-size: revert;\">Le samedi 16 d\u00e9cembre \u00e0 10h, <\/strong><span style=\"font-size: revert;\">salles paroissiales de Jarville.<\/span><\/p>\n<p><span style=\"color: #000000;\"><strong><span style=\"text-decoration: underline;\">Vente de calendriers<\/span><br \/><\/strong><\/span><strong style=\"font-size: revert;\">Ce WE, \u00e0 la sortie des messes de <\/strong><span style=\"font-size: revert;\">Fl\u00e9ville, Jarville et Laneuveville les calendriers dioc\u00e9sains seront propos\u00e9s \u00e0 4 euros.<\/span><\/p>\n<p><span style=\"color: #000000;\"><strong><span style=\"text-decoration: underline;\">Parcours Alpha<\/span><br \/><\/strong><\/span><span style=\"font-size: revert;\">Un d\u00eener d\u00e9contract\u00e9 et ouvert \u00e0 tous pour parler de Dieu, du sens de la vie, sans tabou. C\u2019est gratuit, c\u2019est convivial et c\u2019est pr\u00eat de chez vous l<br \/><\/span><span style=\"color: #000000;\">A l\u2019issue de cette soir\u00e9e vous pourrez vous inscrire pour dix rencontres hebdomadaires et un samedi-dimanche.<br \/><\/span><span style=\"color: #000000;\"><strong>Premi\u00e8re soir\u00e9e\u00a0: le mardi 16 janvier 2024 de 19h30 \u00e0 22h, salles paroissiales de Jarville.<\/strong><\/span><\/p>\n<p><span style=\"text-decoration: underline;\"><span style=\"color: #000000;\"><strong>Week-end de pastorale des jeunes dans un chalet vosgien<br \/><\/strong><\/span><\/span><span style=\"color: #000000;\"><strong>Les 27 et 28 janvier <\/strong>\u00e0 Plainfaing<strong>.<\/strong> <strong>Le th\u00e8me sera la pri\u00e8re<\/strong>, en lien avec l\u2019ann\u00e9e de la pri\u00e8re demand\u00e9e par le pape Fran\u00e7ois et par notre \u00e9v\u00eaque Mgr Pierre-Yves Michel. Des jeux en plein air, des jeux d\u2019int\u00e9rieur, des activit\u00e9s manuelles, une veill\u00e9e de pri\u00e8re, des enseignements.<\/span><\/p>\n<p><span style=\"color: #000000;\"><strong><span style=\"text-decoration: underline;\">Autres annonces :\u00a0<\/span><br \/><\/strong><\/span><span style=\"color: #000000;\"><strong>\u00a0&#8211; Conf\u00e9rence-d\u00e9bat \u00e0 l\u2019espace ADA<br \/><\/strong><\/span><span style=\"color: #000000;\"><strong>Le mardi 28 novembre \u00e0 la maison de l\u2019Asn\u00e9e, \u00e0 20h30 conf\u00e9rence d\u00e9bat\u00a0<em>: \u2018\u2019L\u2019\u00e8re de l\u2019affirmation \u2018\u2019(r\u00e9pondre aux d\u00e9fits de la d\u00e9soccidentalisation)\u00a0<\/em><\/strong><em>: par Max-Erwann Gastineau, dipl\u00f4m\u00e9 en histoire et en relations internationales et essayiste. <\/em><\/span><\/p>\n<p><span style=\"color: #000000;\"><strong>\u00a0&#8211; Journ\u00e9e internationale pour les personnes en situation de handicap<br \/><\/strong><\/span><span style=\"color: #000000;\">La pastorale des personnes en situation de handicap de l\u2019\u00c9glise catholique en Meurthe-et-Moselle vous invite \u00e0 c\u00e9l\u00e9brer la 31<sup>\u00e8me<\/sup> Journ\u00e9e internationale des personnes en situation de handicap : <strong>une rencontre festive pour se conna\u00eetre, partager et cr\u00e9er du lien<\/strong>.<br \/><\/span><span style=\"color: #000000;\">Rendez-vous <strong>le dimanche 3 d\u00e9cembre 2023, de 10h \u00e0 18h<\/strong>\u00a0(accueil \u00e0 partir de 9h30), \u00e0 la Maison dioc\u00e9saine au domaine de l\u2019Asn\u00e9e. Le th\u00e8me ?\u00a0<em>\u00ab\u00a0Que notre lumi\u00e8re brille pour tous.\u00a0\u00bb<\/em><\/span><\/p>\n<p><span style=\"color: #000000;\">\u00a0&#8211; <strong>Halte spirituelle en silence de l\u2019Avent<br \/><\/strong><\/span><span style=\"color: #000000;\"><strong>Du\u00a0samedi 02 d\u00e9cembre\u00a0\u00e0 09h00\u00a0au\u00a003 d\u00e9cembre 2023\u00a0\u00e0 16h30 au <\/strong>Centre spirituel dioc\u00e9sain <strong>Paix, joie, bonheur, Il vient<\/strong>. Un temps de halte, de r\u00e9collection pour s\u2019asseoir aux pieds du Seigneur, \u00e9couter sa Parole, relire spirituellement sa vie, entrer \u00e0 l\u2019int\u00e9rieur de l\u2019Avent et se pr\u00e9parer \u00e0 c\u00e9l\u00e9brer No\u00ebl.<\/span><\/p>\n<p><span style=\"color: #000000;\"><strong>\u00a0&#8211; Ann\u00e9e de la pri\u00e8re<br \/><\/strong><\/span><span style=\"color: #000000;\">Le pape Fran\u00e7ois a annonc\u00e9 que <strong>l\u2019ann\u00e9e 2024 serait une ann\u00e9e de la pri\u00e8re<\/strong>. Notre \u00e9v\u00eaque a souhait\u00e9 qu\u2019un livret nous accompagne. Il proposera chaque mois une double page consacr\u00e9e \u00e0 une forme de pri\u00e8re diff\u00e9rente. Gr\u00e2ce \u00e0 diverses entr\u00e9es (extraits de la Bible, textes de pri\u00e8re, photos d\u2019\u0153uvre d\u2019art, zooms sur des figures de saintet\u00e9, etc.), il a pour objectif de nous aider \u00e0 approfondir leur pri\u00e8re.<\/span><\/p>\n<p style=\"text-align: center;\"><strong><span style=\"color: #000000;\"><em>Que nos actes soient \u00e0 la mesure de ce que nous demandons dans le Notre-P\u00e8re :<br \/><\/em><\/span><\/strong><strong style=\"font-size: revert; color: initial;\"><span><em>\u2018\u2019Que ton r\u00e8gne vienne\u2019\u2019<\/em><\/span><\/strong><\/p>\n<p style=\"text-align: center;\"><span style=\"color: #000000;\">d\u2019apr\u00e8s le missel des dimanches 2023.<\/span><\/p>\n","protected":false},"excerpt":{"rendered":"<p>Rencontre des EAPLe mercredi 29 novembre \u00e0 20h rencontre de l\u2019EAP de Saint-Francois-de-Sales et le mardi 12 d\u00e9cembre \u00e0 14h rencontre de l\u2019EAP de Sainte-Jeanne-de-Chantal. Rencontre pasto des jeunes de l\u2019AJC \u00e0 LudresLe vendredi 1er d\u00e9cembre, les jeunes se retrouvent \u00e0 Ludres. Ils commenceront par la messe (ouverte \u00e0 tous\u00a0!) \u00e0 19h, \u00e0 l\u2019\u00e9glise, puis&hellip; <br \/> <a class=\"read-more\" href=\"https:\/\/paroisses-nancy-sud.fr\/HOME\/annonces-de-saint-francois-de-sales-et-sainte-jeanne-de-chantal-du-26-novembre\/\">Lire la suite<\/a><\/p>\n","protected":false},"author":5,"featured_media":2464,"comment_status":"closed","ping_status":"open","sticky":false,"template":"","format":"standard","meta":[],"categories":[7],"tags":[],"acf":[],"_links":{"self":[{"href":"https:\/\/paroisses-nancy-sud.fr\/HOME\/wp-json\/wp\/v2\/posts\/3393"}],"collection":[{"href":"https:\/\/paroisses-nancy-sud.fr\/HOME\/wp-json\/wp\/v2\/posts"}],"about":[{"href":"https:\/\/paroisses-nancy-sud.fr\/HOME\/wp-json\/wp\/v2\/types\/post"}],"author":[{"embeddable":true,"href":"https:\/\/paroisses-nancy-sud.fr\/HOME\/wp-json\/wp\/v2\/users\/5"}],"replies":[{"embeddable":true,"href":"https:\/\/paroisses-nancy-sud.fr\/HOME\/wp-json\/wp\/v2\/comments?post=3393"}],"version-history":[{"count":1,"href":"https:\/\/paroisses-nancy-sud.fr\/HOME\/wp-json\/wp\/v2\/posts\/3393\/revisions"}],"predecessor-version":[{"id":3394,"href":"https:\/\/paroisses-nancy-sud.fr\/HOME\/wp-json\/wp\/v2\/posts\/3393\/revisions\/3394"}],"wp:featuredmedia":[{"embeddable":true,"href":"https:\/\/paroisses-nancy-sud.fr\/HOME\/wp-json\/wp\/v2\/media\/2464"}],"wp:attachment":[{"href":"https:\/\/paroisses-nancy-sud.fr\/HOME\/wp-json\/wp\/v2\/media?parent=3393"}],"wp:term":[{"taxonomy":"category","embeddable":true,"href":"https:\/\/paroisses-nancy-sud.fr\/HOME\/wp-json\/wp\/v2\/categories?post=3393"},{"taxonomy":"post_tag","embeddable":true,"href":"https:\/\/paroisses-nancy-sud.fr\/HOME\/wp-json\/wp\/v2\/tags?post=3393"}],"curies":[{"name":"wp","href":"https:\/\/api.w.org\/{rel}","templated":true}]}}