{"id":3395,"date":"2023-11-24T18:43:02","date_gmt":"2023-11-24T17:43:02","guid":{"rendered":"https:\/\/paroisses-nancy-sud.fr\/HOME\/?p=3395"},"modified":"2023-11-24T18:43:02","modified_gmt":"2023-11-24T17:43:02","slug":"roi-de-coeur","status":"publish","type":"post","link":"https:\/\/paroisses-nancy-sud.fr\/HOME\/roi-de-coeur\/","title":{"rendered":"<strong>Roi de c\u0153ur\u00a0?<\/strong>"},"content":{"rendered":"\n<p><span style=\"color: #000000;\">Nous f\u00eatons aujourd\u2019hui le Christ Roi de l\u2018Univers. Dans le monde visible, le Christ n\u2019a jamais \u00e9t\u00e9 Roi de l\u2019Univers, et il ne l\u2019est pas aujourd\u2019hui. Nous le d\u00e9plorons, mais c\u2019est ainsi. C\u2019est d\u2019ailleurs la raison pour laquelle nous prions sans cesse pour cela\u00a0: dans le Notre P\u00e8re, nous demandons\u00a0\u00ab\u00a0que Ton r\u00e8gne vienne.\u00a0\u00bb<\/span><\/p>\n<p><span style=\"color: #000000;\">Le Christ n\u2019est pas roi de l\u2019univers, peut-\u00eatre parce qu\u2019avant de parler de l\u2019univers, il faut commencer par parler de nous, de chacun, chacune de nous. Sans aller chercher les causes du mal dans le monde entier sauf chez nous.<\/span><\/p>\n<p><span style=\"color: #000000;\">Un journaliste demandait un jour \u00e0 M\u00e8re T\u00e9r\u00e9sa\u00a0: \u00ab\u00a0qu\u2019est-ce qui doit changer dans le monde\u00a0?\u00a0\u00bb Elle r\u00e9pondit\u00a0: \u00ab\u00a0vous et moi.\u00a0\u00bb<\/span><\/p>\n<p><span style=\"color: #000000;\">Le Christ est-il roi d\u2019abord chez nous, chr\u00e9tiens, d\u2019abord chez moi, avant de regarder tout ce qui ne va pas chez les autres. M\u00e8re T\u00e9r\u00e9sa disait aussi\u00a0: \u00ab\u00a0Si tu juges les gens, tu n\u2019as pas le temps de les aimer.\u00a0\u00bb Et pourquoi faut-il aimer les autres\u00a0? Parce que l\u2019homme est cr\u00e9\u00e9 \u00e0 l\u2019image de Dieu. Nous le chantons souvent\u00a0: \u00ab\u00a0Tout homme est une histoire sacr\u00e9e, l&rsquo;homme est \u00e0 l&rsquo;image de Dieu.\u00a0\u00bb Et J\u00e9sus lui-m\u00eame l\u2019a dit\u00a0: \u00ab\u00a0 Tout ce que vous avez fait \u00e0 l\u2019un de ces petits (affam\u00e9, malade, \u00e9tranger, prisonnier&#8230;), c\u2019est \u00e0 Moi que vous l\u2019avez fait !\u00a0\u00bb<\/span><\/p>\n<p><span style=\"color: #000000;\">Pour que le Christ soit Roi de l\u2019univers, ne faut-il pas d\u2019abord que chacun aime son prochain comme soi-m\u00eame\u00a0?<\/span><\/p>\n<p><span style=\"color: #000000;\">Alors, \u00e0 d\u00e9faut d\u2019\u00eatre roide l\u2019univers, J\u00e9sus sera notre Roi de c\u0153ur.<\/span><\/p>\n<p style=\"text-align: right;\"><em><span style=\"color: #000000;\">Antoine M\u00e9riaux, diacre \u00e0 Sainte-Jeanne-de-Chantal<\/span><\/em><\/p>\n<p>\u00a0<\/p>\n","protected":false},"excerpt":{"rendered":"<p>Nous f\u00eatons aujourd\u2019hui le Christ Roi de l\u2018Univers. Dans le monde visible, le Christ n\u2019a jamais \u00e9t\u00e9 Roi de l\u2019Univers, et il ne l\u2019est pas aujourd\u2019hui. Nous le d\u00e9plorons, mais c\u2019est ainsi. C\u2019est d\u2019ailleurs la raison pour laquelle nous prions sans cesse pour cela\u00a0: dans le Notre P\u00e8re, nous demandons\u00a0\u00ab\u00a0que Ton r\u00e8gne vienne.\u00a0\u00bb Le Christ&hellip; <br \/> <a class=\"read-more\" href=\"https:\/\/paroisses-nancy-sud.fr\/HOME\/roi-de-coeur\/\">Lire la suite<\/a><\/p>\n","protected":false},"author":5,"featured_media":523,"comment_status":"closed","ping_status":"open","sticky":false,"template":"","format":"standard","meta":[],"categories":[6],"tags":[],"acf":[],"_links":{"self":[{"href":"https:\/\/paroisses-nancy-sud.fr\/HOME\/wp-json\/wp\/v2\/posts\/3395"}],"collection":[{"href":"https:\/\/paroisses-nancy-sud.fr\/HOME\/wp-json\/wp\/v2\/posts"}],"about":[{"href":"https:\/\/paroisses-nancy-sud.fr\/HOME\/wp-json\/wp\/v2\/types\/post"}],"author":[{"embeddable":true,"href":"https:\/\/paroisses-nancy-sud.fr\/HOME\/wp-json\/wp\/v2\/users\/5"}],"replies":[{"embeddable":true,"href":"https:\/\/paroisses-nancy-sud.fr\/HOME\/wp-json\/wp\/v2\/comments?post=3395"}],"version-history":[{"count":1,"href":"https:\/\/paroisses-nancy-sud.fr\/HOME\/wp-json\/wp\/v2\/posts\/3395\/revisions"}],"predecessor-version":[{"id":3396,"href":"https:\/\/paroisses-nancy-sud.fr\/HOME\/wp-json\/wp\/v2\/posts\/3395\/revisions\/3396"}],"wp:featuredmedia":[{"embeddable":true,"href":"https:\/\/paroisses-nancy-sud.fr\/HOME\/wp-json\/wp\/v2\/media\/523"}],"wp:attachment":[{"href":"https:\/\/paroisses-nancy-sud.fr\/HOME\/wp-json\/wp\/v2\/media?parent=3395"}],"wp:term":[{"taxonomy":"category","embeddable":true,"href":"https:\/\/paroisses-nancy-sud.fr\/HOME\/wp-json\/wp\/v2\/categories?post=3395"},{"taxonomy":"post_tag","embeddable":true,"href":"https:\/\/paroisses-nancy-sud.fr\/HOME\/wp-json\/wp\/v2\/tags?post=3395"}],"curies":[{"name":"wp","href":"https:\/\/api.w.org\/{rel}","templated":true}]}}