{"id":3470,"date":"2023-12-10T19:09:47","date_gmt":"2023-12-10T18:09:47","guid":{"rendered":"https:\/\/paroisses-nancy-sud.fr\/HOME\/?p=3470"},"modified":"2023-12-10T19:09:47","modified_gmt":"2023-12-10T18:09:47","slug":"annonces-de-la-visitation-du-10-decembre","status":"publish","type":"post","link":"https:\/\/paroisses-nancy-sud.fr\/HOME\/annonces-de-la-visitation-du-10-decembre\/","title":{"rendered":"Annonces de la Visitation du 10 d\u00e9cembre"},"content":{"rendered":"\n<p><span style=\"color: #000000;\"><span style=\"text-decoration: underline;\"><strong>Mariage le 16 d\u00e9cembre<\/strong> <\/span>en l\u2019\u00e9glise de Frolois de Trystan et M\u00e9lisande<br \/><\/span><span style=\"color: #000000;\">Nous nous r\u00e9jouissons et les portons dans nos pri\u00e8res<\/span><\/p>\n<p><span style=\"color: #000000;\"><span style=\"text-decoration: underline;\"><strong>Op\u00e9ration \u00abOranges\u00a0\u00bb de S\u0153ur Emmanuelle et de S\u0153ur Sara\u00a0:<\/strong><\/span> <br \/>Les samedi 9 et dimanche 10 d\u00e9cembre: 1 orange = 1 euro. En faveur des enfants des rues du Soudan du sud (mais aussi \u00e9largissement des aides au Liban et \u00e0 l\u2019Egypte): aide nutritionnelle, priorit\u00e9 \u00e0 l\u2019\u00e9ducation et plus particuli\u00e8rement celle des filles.<\/span><\/p>\n<p><span style=\"color: #000000;\"><span style=\"text-decoration: underline;\"><strong>Lundi 11 d\u00e9cembre<\/strong><\/span>, pour les 2 groupes, 2\u00e8me rencontre de lecture de la lettre de Saint Paul aux Eph\u00e9siens, de 14h00 \u00e0 16h00, dans les salles paroissiales, RDC et salle de cat\u00e9, \u00e0 Neuves-Maisons.<\/span><\/p>\n<p><span style=\"color: #000000;\"><strong>\u00a0<\/strong><\/span><span style=\"color: #000000;\"><span style=\"text-decoration: underline;\"><strong>Concerts de No\u00ebl dans nos \u00e9glises, <\/strong><\/span>chants de No\u00ebl profanes et religieux :<br \/><\/span><span style=\"color: #000000;\">\u00c0 Xeuilley\u00a0: Le dimanche 10 d\u00e9cembre \u00e0 16h00 avec le Ch\u0153ur d\u2019hommes de Nancy<br \/><\/span><span style=\"color: #000000;\">\u00c0 Sexey\u00a0: Le dimanche 10 d\u00e9cembre \u00e0 16h00 avec les petits chanteurs de Toul<br \/><\/span><span style=\"color: #000000;\">\u00c0 Autrey\u00a0: Le dimanche 10 d\u00e9cembre \u00e0 15h30 avec la chorale de Bouxi\u00e8res aux Ch\u00eanes<\/span><\/p>\n<p><span style=\"color: #000000;\"><span style=\"text-decoration: underline;\"><strong>Mardi 12 d\u00e9cembre<\/strong> <\/span>\u00e0 17h00, \u00e9laboration du calendrier d\u2019animation des messes \u00e0 NM<\/span><\/p>\n<p><span style=\"color: #000000;\"><span style=\"text-decoration: underline;\"><strong>Tout le temps de l\u2019Avent<\/strong>,<\/span> d\u00e8s le 03 d\u00e9cembre, un panier plac\u00e9 le dimanche au fond de l\u2019\u00e9glise recueillera vos dons, produits d\u2019hygi\u00e8ne, de pu\u00e9riculture et produits alimentaires non p\u00e9rissables, destin\u00e9s \u00e0 des familles via les \u0153uvres caritatives du secteur.\u00a0 Un grand merci\u00a0!<\/span><\/p>\n<p><span style=\"color: #000000;\"><strong>*** Quelques calendriers sont encore disponibles au prix de 4 \u20ac***<br \/><\/strong><\/span><span style=\"color: #000000;\"><strong>Vente au fond de l\u2019\u00e9glise par Jeannette<\/strong><\/span><\/p>\n<p><span style=\"text-decoration: underline;\"><span style=\"color: #000000; text-decoration: underline;\"><strong>\u00a0<\/strong><\/span><\/span><span style=\"color: #000000;\"><strong><span style=\"text-decoration: underline;\">Messes en semaine.<\/span><em>\u00a0<br \/><\/em><\/strong><\/span><span style=\"color: #000000;\">Jeudi\u00a0: adoration \u00e0 16h00 et messe \u00e0 16h30 \u00e0 la chapelle.<br \/><\/span><span style=\"color: #000000;\">Vendredi\u00a0: messe \u00e0 08h20 chez les s\u0153urs \u00e0 Bainville, 67 rue Jacques Callot.<\/span><\/p>\n<p><span style=\"color: #000000;\"><strong>\u00a0<\/strong><\/span><span style=\"color: #000000;\"><strong><span style=\"text-decoration: underline;\">Samedi 16 d\u00e9cembre,<\/span> <\/strong>confessions \u00e0 l\u2019\u00e9glise de Neuves-Maisons de 09h00 \u00e0 11h00.<br \/><\/span><span style=\"color: #000000;\"><span style=\"text-decoration: underline;\"><strong>Lundi 18 d\u00e9cembre, 14h00<\/strong>\u00a0:<\/span> C\u00e9l\u00e9bration du pardon\u00a0\u00e0 Neuves-Maisons<\/span><\/p>\n<p><span style=\"text-decoration: underline;\"><span style=\"color: #000000;\"><strong>Messes \u00e0 la Visitation<br \/><\/strong><\/span><\/span><span style=\"color: #000000;\">Samedi 16 d\u00e9cembre \u00e0 18h00\u00a0: Sexey aux Forges<br \/><\/span><span style=\"color: #000000;\"><strong>\u00a0 \u00a0 \u00a0 \u00a0 \u00a0 \u00a0 \u00a0 \u00a0Attention !<\/strong>\u00a0 En raison du concert de No\u00ebl :<br \/><\/span><span style=\"color: #000000;\">Dimanche 17 d\u00e9cembre: <strong>pas de messe \u00e0 Neuves-Maisons mais \u00e0 Bainville \u00e0 10h30<\/strong><\/span><\/p>\n<p><span style=\"color: #000000;\"><strong>\u00a0<\/strong><\/span><span style=\"text-decoration: underline;\"><span style=\"color: #000000;\"><strong>Messes de No\u00ebl<br \/><\/strong><\/span><\/span><span style=\"color: #000000;\">Dimanche 24 d\u00e9cembre, messe dominicale \u00e0 10h00 \u00e0 Pulligny<br \/><\/span><span style=\"color: #000000;\">Dimanche 24 d\u00e9cembre, messes de la nuit de No\u00ebl \u00e0 18h00 \u00e0 Maizi\u00e8res et \u00e0 Neuves-Maisons<br \/><\/span><span style=\"color: #000000;\">Lundi 25 d\u00e9cembre, jour de No\u00ebl, messe \u00e0 10h00 \u00e0 Xeuilley<\/span><\/p>\n<p><span style=\"color: #000000;\"><strong><u>Permanences \u00e0 la maison paroissiale :<\/u><\/strong> <\/span><br \/><span style=\"color: #000000;\">Mardi de 14h \u00e0 16h30 et Samedi de 9h30 \u00e0 11h30<\/span><br \/><span style=\"color: #000000;\">tel : 03 83 47 25 54 \u2013 <em><strong>adresse mail<\/strong><\/em><strong> : <\/strong><a style=\"color: #000000;\" href=\"mailto:visitationmm@orange.fr\">visitationmm@orange.fr<\/a>\u00a0 <\/span><br \/><span style=\"color: #000000;\">Horaires des messes :\u00a0 <a style=\"color: #000000;\" href=\"https:\/\/messes.info\/\">messesinfo<\/a><em> (cliquer sur le lien)<\/em><\/span><\/p>\n","protected":false},"excerpt":{"rendered":"<p>Mariage le 16 d\u00e9cembre en l\u2019\u00e9glise de Frolois de Trystan et M\u00e9lisandeNous nous r\u00e9jouissons et les portons dans nos pri\u00e8res Op\u00e9ration \u00abOranges\u00a0\u00bb de S\u0153ur Emmanuelle et de S\u0153ur Sara\u00a0: Les samedi 9 et dimanche 10 d\u00e9cembre: 1 orange = 1 euro. En faveur des enfants des rues du Soudan du sud (mais aussi \u00e9largissement des&hellip; <br \/> <a class=\"read-more\" href=\"https:\/\/paroisses-nancy-sud.fr\/HOME\/annonces-de-la-visitation-du-10-decembre\/\">Lire la suite<\/a><\/p>\n","protected":false},"author":5,"featured_media":472,"comment_status":"closed","ping_status":"open","sticky":false,"template":"","format":"standard","meta":[],"categories":[10],"tags":[],"acf":[],"_links":{"self":[{"href":"https:\/\/paroisses-nancy-sud.fr\/HOME\/wp-json\/wp\/v2\/posts\/3470"}],"collection":[{"href":"https:\/\/paroisses-nancy-sud.fr\/HOME\/wp-json\/wp\/v2\/posts"}],"about":[{"href":"https:\/\/paroisses-nancy-sud.fr\/HOME\/wp-json\/wp\/v2\/types\/post"}],"author":[{"embeddable":true,"href":"https:\/\/paroisses-nancy-sud.fr\/HOME\/wp-json\/wp\/v2\/users\/5"}],"replies":[{"embeddable":true,"href":"https:\/\/paroisses-nancy-sud.fr\/HOME\/wp-json\/wp\/v2\/comments?post=3470"}],"version-history":[{"count":1,"href":"https:\/\/paroisses-nancy-sud.fr\/HOME\/wp-json\/wp\/v2\/posts\/3470\/revisions"}],"predecessor-version":[{"id":3471,"href":"https:\/\/paroisses-nancy-sud.fr\/HOME\/wp-json\/wp\/v2\/posts\/3470\/revisions\/3471"}],"wp:featuredmedia":[{"embeddable":true,"href":"https:\/\/paroisses-nancy-sud.fr\/HOME\/wp-json\/wp\/v2\/media\/472"}],"wp:attachment":[{"href":"https:\/\/paroisses-nancy-sud.fr\/HOME\/wp-json\/wp\/v2\/media?parent=3470"}],"wp:term":[{"taxonomy":"category","embeddable":true,"href":"https:\/\/paroisses-nancy-sud.fr\/HOME\/wp-json\/wp\/v2\/categories?post=3470"},{"taxonomy":"post_tag","embeddable":true,"href":"https:\/\/paroisses-nancy-sud.fr\/HOME\/wp-json\/wp\/v2\/tags?post=3470"}],"curies":[{"name":"wp","href":"https:\/\/api.w.org\/{rel}","templated":true}]}}