{"id":3472,"date":"2023-12-10T20:02:14","date_gmt":"2023-12-10T19:02:14","guid":{"rendered":"https:\/\/paroisses-nancy-sud.fr\/HOME\/?p=3472"},"modified":"2023-12-10T20:04:07","modified_gmt":"2023-12-10T19:04:07","slug":"annonces-de-saint-francois-de-sales-et-sainte-jeanne-de-chantal-du-10-decembre","status":"publish","type":"post","link":"https:\/\/paroisses-nancy-sud.fr\/HOME\/annonces-de-saint-francois-de-sales-et-sainte-jeanne-de-chantal-du-10-decembre\/","title":{"rendered":"Annonces de Saint-Fran\u00e7ois-de-Sales et Sainte-Jeanne-de-Chantal du 10 d\u00e9cembre"},"content":{"rendered":"\n<p><span style=\"text-decoration: underline;\"><strong><span style=\"color: #000000; text-decoration: underline;\">Bapt\u00eames<br \/><\/span><\/strong><\/span><span style=\"color: #000000;\">Dimanche 10 d\u00e9cembre, \u00e0 Jarville, bapt\u00eame de Eug\u00e9nie Saver. <br \/>Le dimanche 17 d\u00e9cembre, \u00e0 Jarville, bapt\u00eame de Mathilde.<br \/>Prions pour eux et leurs familles.<\/span><\/p>\n<p><span style=\"text-decoration: underline;\"><span style=\"color: #000000; text-decoration: underline;\"><strong>Collecte au fond des \u00e9glises :<br \/><\/strong><\/span><\/span><span style=\"color: #000000;\">Tout le temps de l\u2019Avent, un panier plac\u00e9 au fond de l\u2019\u00e9glise recueillera vos dons, produits d\u2019hygi\u00e8ne, de pu\u00e9riculture (savon, gel douche, shampoing, cr\u00e8me \u00e0 raser, couches pour b\u00e9b\u00e9s), produits alimentaires non p\u00e9rissables (huile, farine, th\u00e9, caf\u00e9, cacao, conserves de poisson, p\u00e2tes, riz, sauce tomate) et des surprises ou g\u00e2teries de No\u00ebl\u00a0pour les personnes en difficult\u00e9, redistribu\u00e9s par les services de notre secteur. Un grand merci !<\/span><\/p>\n<p><span style=\"text-decoration: underline;\"><span style=\"color: #000000; text-decoration: underline;\"><strong>Lumi\u00e8re de Bethl\u00e9em avec les scouts<\/strong><br \/><\/span><\/span><span style=\"color: #000000;\">Ce dimanche 10 d\u00e9cembre \u00e0 la messe \u00e0 10h30 \u00e0 Jarville, les scouts de France du groupe Ludres-Jarville apporteront et partageront la lumi\u00e8re de Bethl\u00e9em.<\/span><\/p>\n<p><span style=\"text-decoration: underline;\"><span style=\"color: #000000; text-decoration: underline;\"><strong>Op\u00e9ration \u2018\u2019Oranges\u2019\u2019 de S\u0153ur Emmanuelle et de S\u0153ur Sara<\/strong> !<br \/><\/span><\/span><span style=\"color: #000000;\">Ce samedi 9 et dimanche 10 d\u00e9cembre (puis le 17 d\u00e9cembre \u00e0 Ludres)\u00a0: 1 orange = 1 euro<br \/><\/span><span style=\"color: #000000;\">Des oranges, pour rappeler la distribution d&rsquo;oranges op\u00e9r\u00e9e par s\u0153ur Emmanuelle aux enfants des rues du Soudan du sud\u00a0(mais aussi \u00e9largissement des aides au Liban et \u00e0 l\u2019Egypte): aide nutritionnelle, priorit\u00e9 \u00e0 l&rsquo;\u00e9ducation et plus particuli\u00e8rement des filles.<\/span><\/p>\n<p><span style=\"color: #000000;\"><span style=\"text-decoration: underline;\"><strong>Table ouverte du 2<sup>\u00e8me<\/sup> dimanche du mois \u00e0 Jarville<\/strong><\/span>.<br \/><\/span><span style=\"color: #000000;\"><strong>Ce dimanche 10 d\u00e9cembre \u00e0 partir de midi, \u00e0 Jarville,<\/strong> table ouverte. Chacun apporte de quoi partager, pour se retrouver en toute simplicit\u00e9, ne pas rester seul et partager un bon moment !<\/span><\/p>\n<p><span style=\"text-decoration: underline;\"><strong><span style=\"color: #000000; text-decoration: underline;\">Secours catholique<br \/><\/span><\/strong><\/span><span style=\"color: #000000;\">Ce dimanche 10 d\u00e9cembre \u00e0 Fl\u00e9ville, le samedi 16 \u00e0 Laneuveville et le dimanche 17 \u00e0 Jarville et \u00e0 Ludres, vous seront propos\u00e9s\u00a0des bougies, des petites cr\u00e8ches et le g\u00e2teau \u00ab\u00a0Le Fraternel\u00a0\u00bb (6 euros).\u00a0Merci de votre g\u00e9n\u00e9rosit\u00e9.<\/span><\/p>\n<p><strong><span style=\"text-decoration: underline;\"><span style=\"color: #000000; text-decoration: underline;\">Partage autour de la Parole de Dieu :<br \/><\/span><\/span><\/strong><span style=\"color: #000000;\">Lundi 11 d\u00e9cembre \u00e0 Ludres, \u00e0 9h le p\u00e8re Raj nous propose un partage d\u2019\u00e9vangile sur les textes de la nuit de No\u00ebl\u00a0: Isa\u00efe 9,1-6 et Luc 2,1-14.<\/span><\/p>\n<p><span style=\"text-decoration: underline;\"><span style=\"color: #000000; text-decoration: underline;\"><strong>March\u00e9 de No\u00ebl<br \/><\/strong><\/span><\/span><span style=\"color: #000000;\"><strong>Les samedi et dimanche 16 et 17 d\u00e9cembre \u00e0 Heillecourt, de 14h \u00e0 18h, march\u00e9 de No\u00ebl <\/strong>des \u2018\u2019Abeilles du lundi\u2019\u2019\u00a0: <em>salle des anciens<\/em>, \u00e0 c\u00f4t\u00e9 de l\u2019\u00e9glise\u00a0: vente d\u00e9cos de No\u00ebl et autres (couture, tricot ..).<\/span><\/p>\n<p><span style=\"color: #000000;\"><span style=\"text-decoration: underline;\"><strong>Parvis de No\u00ebl<br \/><\/strong><\/span><strong style=\"font-size: revert;\">&#8211; Les mardis 12 et 19 d\u00e9cembre sur le parvis et dans l\u2019\u00e9glise de Jarville de 16h \u00e0 18h<\/strong><span style=\"font-size: revert;\">\u00a0: accueil avec g\u00e2teaux, chocolat et vin chauds, marrons chauds, musique, visite de la cr\u00e8che&#8230; <\/span><strong style=\"font-size: revert;\">Le mardi 19 d\u00e9cembre \u00e0 16h30<\/strong><span style=\"font-size: revert;\">\u00a0 un groupe de <\/span><strong style=\"font-size: revert;\">\u2018Racont\u00e9es bibliques\u2019\u2019<\/strong><span style=\"font-size: revert;\">: vient nous \u00e9tonner, nous \u00e9merveiller par des passages de la bible racont\u00e9s et accompagn\u00e9s de chants et de musique.\u00a0\u00a0<\/span><\/span><\/p>\n<p><span style=\"color: #000000;\"><strong>&#8211;\u00a0 A Flavigny, le vendredi 15 d\u00e9cembre \u00e0 16h \u00e0 l\u2019\u00e9glise et sur le parvis : chants de No\u00ebl, chemin de lumi\u00e8re vers la cr\u00e8che, <\/strong>vin et chocolat chauds, marrons chauds autour des braseros avec l\u2019association \u2018\u2019Vivre ensemble\u2019\u2019<\/span><\/p>\n<p><span style=\"color: #000000;\"><strong>\u00a0&#8211; Eglises ouvertes et visite des cr\u00e8ches<\/strong><strong>: A Fl\u00e9ville<\/strong> l\u2019\u00e9glise sera ouverte les mercredi 20 et samedi 23 d\u00e9cembre entre 15h et 17h &#8211; <strong>A Richardm\u00e9nil<\/strong> tous les lundis avant la messe de 18h, <strong>A Ludres<\/strong> les mercredis et samedis matin de 10h \u00e0 midi, visite de la cr\u00e8che.<\/span><\/p>\n<p><span style=\"text-decoration: underline;\"><span style=\"color: #000000; text-decoration: underline;\"><strong>\u2018\u2019Entrez dans la pri\u00e8re \u2018\u2019<\/strong><br \/><\/span><\/span><span style=\"color: #000000;\">Un parcours gratuit en 4 s\u00e9ances\u00a0: <a style=\"color: #000000;\" href=\"http:\/\/www.priere.fr\">www.priere.fr<\/a>. Un cadeau pour l\u2019Avent\u00a0?<\/span><\/p>\n<p><span style=\"text-decoration: underline;\"><span style=\"color: #000000; text-decoration: underline;\"><strong>Horaires des messes dominicales des 16 et 17 d\u00e9cembre 2023\u00a0<br \/><\/strong><\/span><\/span><span style=\"color: #000000;\"><strong>Samedi 16 d\u00e9cembre : 18h <\/strong>Heillecourt, Laneuveville, Sexey<br \/><\/span><span style=\"color: #000000;\"><strong>Dimanche 17 d\u00e9cembre : 10h30 <\/strong>Jarville,<strong> Bainville\u00a0 \u00a0 \u00a0 \u00a0 <\/strong>\u00a0\u00a0\u00a0\u00a0\u00a0\u00a0<strong>11h<\/strong> Ludres<\/span><\/p>\n<p><span style=\"text-decoration: underline;\"><span style=\"color: #000000; text-decoration: underline;\"><strong>Horaires des messes de No\u00ebl, 24 et 25 d\u00e9cembre<br \/><\/strong><\/span><\/span><span style=\"color: #000000;\"><strong>\u00a0&#8211; Messes de la nuit de No\u00ebl, dimanche 24 d\u00e9cembre<\/strong><strong>:<\/strong> 18h \u00e0 Heillecourt (COSEC, parc de l\u2019Embanie), 18h \u00e0 Maizi\u00e8res et Neuves-Maisons, 21h \u00e0 Fl\u00e9ville, 22h15 \u00e0 Laneuveville.<\/span><\/p>\n<p><span style=\"color: #000000;\"><strong>\u00a0&#8211; Messes du jour de No\u00ebl, lundi 25 d\u00e9cembre : <\/strong>10h \u00e0 Xeuilley, 10h30 \u00e0 Jarville et \u00e0 Ludres<\/span><\/p>\n<p><span style=\"text-decoration: underline;\"><span style=\"color: #000000; text-decoration: underline;\"><strong>C\u00e9l\u00e9brations du pardon et confessions<br \/><\/strong><\/span><\/span><span style=\"color: #000000;\"><strong>Le lundi 18 d\u00e9cembre,\u00a0<\/strong><\/span><span style=\"color: #000000;\"><strong>\u00e0 14h \u00e0 Neuves-Maisons \u2013 \u00e0 16h \u00e0 Heillecourt et \u00e0 19h \u00e0 Jarville. <\/strong><\/span><\/p>\n<p><span style=\"text-decoration: underline;\"><span style=\"color: #000000; text-decoration: underline;\"><strong>Concerts de No\u00ebl<br \/><\/strong><\/span><\/span><span style=\"color: #000000;\"><strong>Le dimanche 10 d\u00e9cembre \u00e0 Jarville <\/strong>\u00e0\u00a015 h avec le groupe vocal <em>Faridol <\/em>de Laxou, son ch\u0153ur de femmes et son ch\u0153ur mixte, \u00e0<strong> Xeuilley <\/strong>\u00e0 16h00 avec le <em>Ch\u0153ur d\u2019hommes de Nancy<\/em>., <strong>\u00e0 Sexey<\/strong> \u00e0 16h avec les <em>petits chanteurs de Toul<\/em>, <strong>\u00e0 Autrey<\/strong> \u00e0 15h30 avec la <em>chorale de Bouxi\u00e8res aux Ch\u00eanes &#8211;<\/em><strong>Le vendredi 15 d\u00e9cembre<\/strong> \u00e0 Heillecourt, \u00e0 20h30, concert de <em>La Manonchante.<\/em> <strong>\u00a0<\/strong><\/span><\/p>\n<p><span style=\"text-decoration: underline;\"><span style=\"color: #000000; text-decoration: underline;\"><strong>Eveil \u00e0 la foi<br \/><\/strong><\/span><\/span><span style=\"color: #000000;\"><strong>Le dimanche 17 d\u00e9cembre \u00e0 Ludres, \u00e9veil \u00e0 la foi\u00a0: rendez-vous \u00e0 10h <\/strong>\u00e0 la Maison paroissiale de Ludres pour les enfants de 3 \u00e0 7 ans et leurs parents. Contact\u00a0: Sophie 06 83 29 75 95<\/span><\/p>\n<p><span style=\"color: #000000;\"><strong><span style=\"text-decoration: underline;\">Assembl\u00e9e g\u00e9n\u00e9rale de <em>l\u2019Association Kermesse paroissiale<\/em> de Jarville<\/span><br \/><\/strong><\/span><strong style=\"font-size: revert;\">Le samedi 16 d\u00e9cembre \u00e0 10h, <\/strong><span style=\"font-size: revert;\">dans les salles paroissiales de Jarville.<\/span><\/p>\n<p><span style=\"color: #000000;\"><strong>J<span style=\"text-decoration: underline;\">ourn\u00e9e MEJ, Mouvement eucharistique des jeunes<\/span> :\u00a0<br \/><\/strong><\/span><span style=\"color: #000000;\"><strong>Le dimanche 17 d\u00e9cembre, les jeunes du MEJ <\/strong>se retrouvent \u00e0 Ludres pour la messe et la journ\u00e9e \u00e0 la Maison paroissiale. Mgr Michel sera pr\u00e9sent et pr\u00e9sidera la messe.<\/span><\/p>\n<p><span style=\"color: #000000;\"><span style=\"text-decoration: underline;\"><strong>Parcours Alpha<br \/><\/strong><\/span><strong style=\"font-size: revert;\">Le mardi 16 janvier 2024 \u00e0 Jarville <\/strong><span style=\"font-size: revert;\">de 19h30 \u00e0 22h dans les salles \u00e0 droite de l\u2019\u00e9glise, <\/span><strong style=\"font-size: revert;\">vous \u00eates invit\u00e9s \u00e0 une rencontre sur le th\u00e8me\u00a0: \u2018\u2019Le Christianisme faux, ennuyeux, d\u00e9pass\u00e9\u2019\u2019. <\/strong><span style=\"font-size: revert;\">La rencontre d\u00e9bute par un moment convivial autour d\u2019un repas, suivi d\u2019un bref expos\u00e9 puis d\u2019un temps d\u2019\u00e9change. <\/span><strong style=\"font-size: revert;\">Ce parcours est ouvert \u00e0 tous.<\/strong><span style=\"font-size: revert;\"> Chacun est accueilli de mani\u00e8re d\u00e9contract\u00e9e pour \u00e9changer en petits groupes, d\u00e9couvrir ou red\u00e9couvrir la foi chr\u00e9tienne. Ensuite plusieurs rencontres sont pr\u00e9vues. <br \/>Contact\u00a0: Odile Bonmati 06 23 46 74 17.\u00a0<\/span><\/span><\/p>\n<p><span style=\"color: #000000;\"><strong><span style=\"text-decoration: underline;\">Autres Annonces\u00a0<\/span><\/strong><br \/><\/span><span style=\"color: #000000;\">\u00a0&#8211; Conf\u00e9rence : <em>les femmes remarquables<\/em> avec la Formation continue de la foi<br \/><\/span><span style=\"color: #000000;\"><strong>Le 12 d\u00e9cembre 2023<\/strong>, de 14h30 \u00e0 16h ou de 20h30 \u00e0 22h \u00ab\u00a0des femmes remarquables\u00a0\u00bb \u00e0 la Maison dioc\u00e9saine, domaine de l&rsquo;Asn\u00e9e, Villers les Nancy\u00a0: Judith, courageuse et audacieuse pour sauver son peuple, conf\u00e9rence donn\u00e9e par Odile Franiatte, historienne de l\u2019art, conf\u00e9renci\u00e8re du patrimoine<\/span><\/p>\n<p><span style=\"color: #000000;\"><strong>\u00a0&#8211; Messe et conf\u00e9rence pour soutenir les Chr\u00e9tiens d\u2019Orient :<br \/><\/strong><\/span><span style=\"color: #000000;\"><strong>Le mercredi 13 d\u00e9cembre, <\/strong>l\u2019association\u00a0<a style=\"color: #000000;\" href=\"https:\/\/oeuvre-orient.fr\/\"><u>L\u2019\u0152uvre d\u2019Orient<\/u><\/a>\u00a0vous invite \u00e0 une soir\u00e9e de soutien pour les\u00a0chr\u00e9tiens d\u2019Orient anim\u00e9e par\u00a0<a style=\"color: #000000;\" href=\"https:\/\/oeuvre-orient.fr\/monseigneur-pascal-gollnisch-directeur-de-loeuvre-dorient\/\"><u>Monseigneur Pascal Gollnisch<\/u><\/a>, directeur g\u00e9n\u00e9ral de L\u2019\u0152uvre d\u2019Orient. <strong>Messe \u00e0 17h30, \u00e0 l\u2019<\/strong><a style=\"color: #000000;\" href=\"https:\/\/www.catholique-nancy.fr\/sites\/eglise-saint-sebastien\/\"><strong><u>\u00e9glise Saint-S\u00e9bastien<\/u><\/strong><\/a><strong> &#8211;\u00a0\u00a0 Conf\u00e9rence \u00e0 20h30, 63 rue des Ponts \u00e0 Nancy<\/strong><\/span><\/p>\n","protected":false},"excerpt":{"rendered":"<p>Bapt\u00eamesDimanche 10 d\u00e9cembre, \u00e0 Jarville, bapt\u00eame de Eug\u00e9nie Saver. Le dimanche 17 d\u00e9cembre, \u00e0 Jarville, bapt\u00eame de Mathilde.Prions pour eux et leurs familles. Collecte au fond des \u00e9glises :Tout le temps de l\u2019Avent, un panier plac\u00e9 au fond de l\u2019\u00e9glise recueillera vos dons, produits d\u2019hygi\u00e8ne, de pu\u00e9riculture (savon, gel douche, shampoing, cr\u00e8me \u00e0 raser, couches&hellip; <br \/> <a class=\"read-more\" href=\"https:\/\/paroisses-nancy-sud.fr\/HOME\/annonces-de-saint-francois-de-sales-et-sainte-jeanne-de-chantal-du-10-decembre\/\">Lire la suite<\/a><\/p>\n","protected":false},"author":5,"featured_media":554,"comment_status":"closed","ping_status":"open","sticky":false,"template":"","format":"standard","meta":[],"categories":[7],"tags":[],"acf":[],"_links":{"self":[{"href":"https:\/\/paroisses-nancy-sud.fr\/HOME\/wp-json\/wp\/v2\/posts\/3472"}],"collection":[{"href":"https:\/\/paroisses-nancy-sud.fr\/HOME\/wp-json\/wp\/v2\/posts"}],"about":[{"href":"https:\/\/paroisses-nancy-sud.fr\/HOME\/wp-json\/wp\/v2\/types\/post"}],"author":[{"embeddable":true,"href":"https:\/\/paroisses-nancy-sud.fr\/HOME\/wp-json\/wp\/v2\/users\/5"}],"replies":[{"embeddable":true,"href":"https:\/\/paroisses-nancy-sud.fr\/HOME\/wp-json\/wp\/v2\/comments?post=3472"}],"version-history":[{"count":3,"href":"https:\/\/paroisses-nancy-sud.fr\/HOME\/wp-json\/wp\/v2\/posts\/3472\/revisions"}],"predecessor-version":[{"id":3475,"href":"https:\/\/paroisses-nancy-sud.fr\/HOME\/wp-json\/wp\/v2\/posts\/3472\/revisions\/3475"}],"wp:featuredmedia":[{"embeddable":true,"href":"https:\/\/paroisses-nancy-sud.fr\/HOME\/wp-json\/wp\/v2\/media\/554"}],"wp:attachment":[{"href":"https:\/\/paroisses-nancy-sud.fr\/HOME\/wp-json\/wp\/v2\/media?parent=3472"}],"wp:term":[{"taxonomy":"category","embeddable":true,"href":"https:\/\/paroisses-nancy-sud.fr\/HOME\/wp-json\/wp\/v2\/categories?post=3472"},{"taxonomy":"post_tag","embeddable":true,"href":"https:\/\/paroisses-nancy-sud.fr\/HOME\/wp-json\/wp\/v2\/tags?post=3472"}],"curies":[{"name":"wp","href":"https:\/\/api.w.org\/{rel}","templated":true}]}}