{"id":3476,"date":"2023-12-10T20:05:56","date_gmt":"2023-12-10T19:05:56","guid":{"rendered":"https:\/\/paroisses-nancy-sud.fr\/HOME\/?p=3476"},"modified":"2023-12-10T20:05:56","modified_gmt":"2023-12-10T19:05:56","slug":"louez-dieu","status":"publish","type":"post","link":"https:\/\/paroisses-nancy-sud.fr\/HOME\/louez-dieu\/","title":{"rendered":"<strong><u>Louez Dieu\u00a0!<\/u><\/strong>"},"content":{"rendered":"\n<p><strong>Louez Dieu !<\/strong><\/p>\n<p><span style=\"color: #000000;\">Dans l\u2019exhortation apostolique \u00ab LOUEZ DIEU \u00bb, le pape Fran\u00e7ois nous adresse une piq\u00fbre de rappel salutaire, huit ann\u00e9es apr\u00e8s la publication de l\u2019encyclique \u00ab LAUDATO SI \u00bb et s\u2019inqui\u00e8te de notre insuffisante mobilisation face \u00e0 l\u2019aggravation de la crise climatique, crise qui frappe encore plus durement les plus pauvres de la population mondiale.<\/span><\/p>\n<p><span style=\"color: #000000;\">\u00ab\u00a0Parce qu\u2019un \u00eatre humain qui pr\u00e9tend \u00eatre Dieu devient le pire danger pour lui-m\u00eame car il devient esclave de tous les caprices de l\u2019esprit humain, de sa capacit\u00e9 et de sa soif de puissance\u00a0\u00bb, le pape Fran\u00e7ois d\u00e9plore la persistance de la dynamique de domination, de la course au profit, de la surconsommation effr\u00e9n\u00e9e, du culte de l\u2019apparence, toutes choses qui rendent impossibles le souci sinc\u00e8re de pr\u00e9server la maison commune et toute pr\u00e9occupation pour la protection des laiss\u00e9s-pour-compte de la soci\u00e9t\u00e9.<\/span><\/p>\n<p><span style=\"color: #000000;\">Promoteur d\u2019une \u00e9cologie int\u00e9grale, le pape Fran\u00e7ois nous propose depuis plusieurs ann\u00e9es de vivre de mani\u00e8re plus sobre, plus simple et plus humble, de retrouver une harmonie sereine avec la cr\u00e9ation, de r\u00e9fl\u00e9chir \u00e0 notre mode de vie et \u00e0 nos id\u00e9aux, de contempler le cr\u00e9ateur qui vit parmi nous dans tout ce qui nous entoure et dont la pr\u00e9sence ne doit pas \u00eatre fabriqu\u00e9e mais d\u00e9couverte, d\u00e9voil\u00e9e. \u00ab Tout ce qui existe est un don de Dieu qu\u2019il faut appr\u00e9cier, prot\u00e9ger et ch\u00e9rir \u00bb.<\/span><\/p>\n<p><span style=\"color: #000000;\">\u00ab\u00a0Louer Dieu pour toutes ses cr\u00e9atures\u00a0\u00bb est une expression de Saint-Fran\u00e7ois exprimant sa gratitude \u00e0 l\u2019\u00e9gard de la tendresse de J\u00e9sus pour tous les \u00eatres qui nous accompagnent sur notre route.<\/span><\/p>\n<p><span style=\"color: #000000;\">D\u00e9fenseur infatigable de la dignit\u00e9 humaine, le pape Fran\u00e7ois nous exhorte \u00e0 mettre fin \u00e0 l\u2019id\u00e9e d\u2019un \u00eatre humain tout-puissant et illimit\u00e9, \u00e0 sortir de notre \u00e9go\u00efsme et de notre individualisme en nous rappelant que nous avons tous besoin les uns des autres y compris des plus petits et des plus vuln\u00e9rables de nos fr\u00e8res car \u00ab tout est li\u00e9 \u00bb et \u00ab personne ne se sauve tout seul \u00bb.<\/span><\/p>\n<p><span style=\"color: #000000;\">Il nous met devant nos responsabilit\u00e9s face \u00e0 l\u2019h\u00e9ritage que nous laisserons de notre passage en ce monde en posant \u00e0 chacun d\u2019entre nous cette question fondamentale : \u00ab quel est le sens de ma vie, quel est le sens de mon passage sur cette terre, quel est le sens en d\u00e9finitive de mon travail et de mes efforts\u00a0? \u00bb.<\/span><\/p>\n<p style=\"text-align: right;\"><em><span style=\"color: #000000;\">\u00c9quipe liturgique Saint-Fran\u00e7ois-de-Sales<\/span><\/em><\/p>\n","protected":false},"excerpt":{"rendered":"<p>Louez Dieu ! Dans l\u2019exhortation apostolique \u00ab LOUEZ DIEU \u00bb, le pape Fran\u00e7ois nous adresse une piq\u00fbre de rappel salutaire, huit ann\u00e9es apr\u00e8s la publication de l\u2019encyclique \u00ab LAUDATO SI \u00bb et s\u2019inqui\u00e8te de notre insuffisante mobilisation face \u00e0 l\u2019aggravation de la crise climatique, crise qui frappe encore plus durement les plus pauvres de la&hellip; <br \/> <a class=\"read-more\" href=\"https:\/\/paroisses-nancy-sud.fr\/HOME\/louez-dieu\/\">Lire la suite<\/a><\/p>\n","protected":false},"author":5,"featured_media":523,"comment_status":"closed","ping_status":"open","sticky":false,"template":"","format":"standard","meta":[],"categories":[6],"tags":[],"acf":[],"_links":{"self":[{"href":"https:\/\/paroisses-nancy-sud.fr\/HOME\/wp-json\/wp\/v2\/posts\/3476"}],"collection":[{"href":"https:\/\/paroisses-nancy-sud.fr\/HOME\/wp-json\/wp\/v2\/posts"}],"about":[{"href":"https:\/\/paroisses-nancy-sud.fr\/HOME\/wp-json\/wp\/v2\/types\/post"}],"author":[{"embeddable":true,"href":"https:\/\/paroisses-nancy-sud.fr\/HOME\/wp-json\/wp\/v2\/users\/5"}],"replies":[{"embeddable":true,"href":"https:\/\/paroisses-nancy-sud.fr\/HOME\/wp-json\/wp\/v2\/comments?post=3476"}],"version-history":[{"count":1,"href":"https:\/\/paroisses-nancy-sud.fr\/HOME\/wp-json\/wp\/v2\/posts\/3476\/revisions"}],"predecessor-version":[{"id":3477,"href":"https:\/\/paroisses-nancy-sud.fr\/HOME\/wp-json\/wp\/v2\/posts\/3476\/revisions\/3477"}],"wp:featuredmedia":[{"embeddable":true,"href":"https:\/\/paroisses-nancy-sud.fr\/HOME\/wp-json\/wp\/v2\/media\/523"}],"wp:attachment":[{"href":"https:\/\/paroisses-nancy-sud.fr\/HOME\/wp-json\/wp\/v2\/media?parent=3476"}],"wp:term":[{"taxonomy":"category","embeddable":true,"href":"https:\/\/paroisses-nancy-sud.fr\/HOME\/wp-json\/wp\/v2\/categories?post=3476"},{"taxonomy":"post_tag","embeddable":true,"href":"https:\/\/paroisses-nancy-sud.fr\/HOME\/wp-json\/wp\/v2\/tags?post=3476"}],"curies":[{"name":"wp","href":"https:\/\/api.w.org\/{rel}","templated":true}]}}