{"id":3478,"date":"2023-12-10T20:12:32","date_gmt":"2023-12-10T19:12:32","guid":{"rendered":"https:\/\/paroisses-nancy-sud.fr\/HOME\/?p=3478"},"modified":"2023-12-10T20:13:12","modified_gmt":"2023-12-10T19:13:12","slug":"nous-attendons-en-veillant-dans-la-foi","status":"publish","type":"post","link":"https:\/\/paroisses-nancy-sud.fr\/HOME\/nous-attendons-en-veillant-dans-la-foi\/","title":{"rendered":"<strong>Nous attendons en veillant dans la foi<\/strong>"},"content":{"rendered":"\n<p><span style=\"color: #000000;\"><strong>Nous attendons en veillant dans la foi<\/strong><\/span><\/p>\n<p><span style=\"color: #000000;\">Fr\u00e8res et s\u0153urs, je dois vous l&rsquo;avouer\u00a0: il m&rsquo;a \u00e9t\u00e9 tr\u00e8s difficile de trouver quelque chose \u00e0 vous dire ce matin. Le temps de l&rsquo;Avent nous met devant les yeux le Seigneur qui vient, celui devant qui seront d\u00e9nonc\u00e9es toutes les vanit\u00e9s, les hypocrisies et les rodomontades. \u00ab\u00a0Les cieux dispara\u00eetront avec fracas, nous avertissait Pierre dans la lecture,\u00a0 les \u00e9l\u00e9ments embras\u00e9s seront dissous, la terre, avec tout ce qu\u2019on a fait ici-bas, ne pourra y \u00e9chapper.\u00a0\u00bb<\/span><\/p>\n<p><span style=\"color: #000000;\">Nous pourrions tr\u00e8s bien pencher du c\u00f4t\u00e9 de la peur qui paralyse et qui emp\u00eache d&rsquo;agir, mais cela ne nous avancerait \u00e0 rien. Il serait m\u00eame encore plus facile de pencher de l&rsquo;autre c\u00f4t\u00e9, comme si Dieu parlait dans le vide, comme si nous n&rsquo;avions rien \u00e0 changer dans nos vies. Et pourtant, il faut bien pr\u00eacher&#8230;<\/span><\/p>\n<p><span style=\"color: #000000;\">Fr\u00e8res et s\u0153urs, le temps dans lequel nous sommes n&rsquo;a pas pour but de nous pr\u00e9parer \u00e0 la naissance de J\u00e9sus. Le Seigneur J\u00e9sus est d\u00e9j\u00e0 venu, homme parmi les hommes. L&rsquo;Avent est d&rsquo;abord ce temps qui nous tourne vers l&rsquo;avenir, vers son retour dans la gloire. Presque chaque jour de l&rsquo;Avent, avant la pri\u00e8re eucharistique, nous r\u00e9entendons la m\u00eame pr\u00e9face qui dit ceci\u00a0:<\/span><\/p>\n<p><span style=\"color: #000000;\">\u00ab\u00a0Il est d\u00e9j\u00e0 venu, en assumant l\u2019humble condition de notre chair, pour accomplir l\u2019\u00e9ternel dessein de ton amour et nous ouvrir \u00e0 jamais le chemin du salut ; il viendra de nouveau, rev\u00eatu de sa gloire, afin que nous poss\u00e9dions dans la pleine lumi\u00e8re les biens que tu nous as promis et que nous attendons en veillant dans la foi.\u00a0\u00bb<\/span><\/p>\n<p><span style=\"color: #000000;\">Nous attendons en veillant dans la foi\u00a0: voil\u00e0 l&rsquo;aspect de la vie chr\u00e9tienne sur lequel l&rsquo;Avent porte notre attention. Nous attendons en veillant dans la foi. Si, comme moi, vous vous dites que votre foi est bien fragile et tremblotante, alors soyez rassur\u00e9s\u00a0: la foi dont il s&rsquo;agit, ce n&rsquo;est pas d&rsquo;abord la n\u00f4tre, mais celle de l&rsquo;\u00c9glise.<\/span><\/p>\n<p><span style=\"color: #000000;\">Pour la plupart, nous avons \u00e9t\u00e9 baptis\u00e9s b\u00e9b\u00e9s. Juste avant notre bapt\u00eame, le pr\u00eatre a d&rsquo;abord demand\u00e9 \u00e0 nos parents, parrain et marraine de professer la foi de l&rsquo;\u00c9glise, dans laquelle tout enfant est baptis\u00e9. Ensuite, il leur a demand\u00e9 s&rsquo;ils voulaient que nous soyons baptis\u00e9s dans cette foi.<\/span><\/p>\n<p><span style=\"color: #000000;\">Ainsi, nous n&rsquo;avons pas \u00e9t\u00e9 baptis\u00e9s dans notre foi, ni dans la foi de nos parents, parrain et marraine, ni dans la foi du p\u00e8re Untel, mais bien dans la foi de l&rsquo;\u00c9glise. Bien s\u00fbr, normalement, la foi de l&rsquo;\u00c9glise, de nos parents et du p\u00e8re Untel, c&rsquo;est tout un. Il n&#8217;emp\u00eache que, m\u00eame si le c\u00e9l\u00e9brant n&rsquo;est pas tr\u00e8s concentr\u00e9, m\u00eame si les parents, parrain et marraine ne sont pas tr\u00e8s convaincus \u2013 cela arrive \u2013, lorsqu&rsquo;on demande \u00ab\u00a0Rejetez-vous le p\u00e9ch\u00e9\u00a0? Croyez-vous en Dieu le P\u00e8re tout-puissant\u00a0? En J\u00e9sus-Christ le Seigneur\u00a0? En l&rsquo;Esprit-Saint \u00e0 l&rsquo;\u0153uvre dans l&rsquo;\u00c9glise\u00a0?\u00a0\u00bb ce ne sont pas seulement les personnes pr\u00e9sentes qui r\u00e9pondent. La Vierge Marie et saint Joseph, les Ap\u00f4tres et tous les saints connus et inconnus joignent leurs voix pour r\u00e9pondre un grand \u00ab\u00a0Oui\u00a0!\u00a0\u00bb. C&rsquo;est dans ce \u00ab\u00a0Oui\u00a0!\u00a0\u00bb, dans cette foi, que nous avons \u00e9t\u00e9 baptis\u00e9s. Les hommes et les femmes qui se rendaient aupr\u00e8s de Jean le Baptiste \u00e9taient baptis\u00e9s dans l&rsquo;eau\u00a0; nous, nous avons \u00e9t\u00e9 baptis\u00e9s dans l&rsquo;Esprit Saint et dans la foi de l&rsquo;\u00c9glise. N&rsquo;ayons pas peur, car tout un peuple de croyants veille avec nous et nous soutient tandis que nous attendons en veillant dans la foi.<\/span><\/p>\n<p><span style=\"color: #000000;\">Fr\u00e8res et s\u0153urs, nous attendons en veillant dans la foi\u00a0; qu&rsquo;attendons-nous exactement\u00a0? Chaque jour, \u00e0 la messe, apr\u00e8s le Notre P\u00e8re, nous nous souvenons que nous attendons d&rsquo;\u00eatre un jour et pour toujours lib\u00e9r\u00e9s de tout p\u00e9ch\u00e9, \u00e0 l&rsquo;abri de toute \u00e9preuve, que nous attendons la r\u00e9alisation de notre esp\u00e9rance et l&rsquo;av\u00e8nement du Seigneur. Saint Pierre le dit autrement dans la deuxi\u00e8me lecture\u00a0: nous attendons l&rsquo;av\u00e8nement du jour de Dieu, nous attendons un ciel nouveau et une terre nouvelle o\u00f9 r\u00e9sidera la justice\u00a0; nous attendons que Dieu vienne achever sa victoire sur le mal.<\/span><\/p>\n<p><span style=\"color: #000000;\">Chaque ann\u00e9e lorsque revient le temps de l&rsquo;Avent, nous nous souvenons que le Seigneur est d\u00e9j\u00e0 venu il y a 2000 ans, qu&rsquo;il s&rsquo;est laiss\u00e9 voir, entendre et toucher\u00a0; et aussi qu&rsquo;il reviendra un jour comme il l&rsquo;a promis, que nous pourrons le voir, l&rsquo;entendre, le toucher.<\/span><\/p>\n<p><span style=\"color: #000000;\">Cela veut-il dire que le Seigneur est totalement absent de nos vies aujourd&rsquo;hui\u00a0? Absolument pas. Le sens de l&rsquo;Avent, comme le rappelait le pape Beno\u00eet\u00a0XVI en 2009, c&rsquo;est que le Seigneur est ici. M\u00eame si, aujourd&rsquo;hui, nous ne pouvons pas le voir, l&rsquo;entendre ou le toucher, il n&rsquo;est pas absent, il ne nous a pas laiss\u00e9s seuls. Il est venu hier, il reviendra demain, et aujourd&rsquo;hui il ne cesse de venir, de nous rendre visite.<\/span><\/p>\n<p><span style=\"color: #000000;\">Fr\u00e8res et s\u0153urs, tout \u00e9v\u00e9nement est un av\u00e8nement. Tout ce qui se produit dans notre quotidien est une visite du Seigneur qui vient frapper \u00e0 la porte de notre vie. Lorsque nous nous sommes habitu\u00e9s \u00e0 faire silence, \u00e0 m\u00e9diter la parole de Dieu, \u00e0 prier le rosaire, \u00e0 faire relecture de nos journ\u00e9es et de nos semaines, bref\u00a0! lorsque nous avons pris les moyens de nous rendre attentifs au Seigneur qui ne cesse de venir, nous apprenons \u00e0 le reconna\u00eetre.<\/span><\/p>\n<p><span style=\"color: #000000;\">Nous attendons en veillant dans la foi. Attente et attention vont ensemble. Il s&rsquo;agit d&rsquo;une attente attentive \u00e0 discerner les traces du Seigneur qui me visite. Ce que je d\u00e9sire de tout c\u0153ur pour chacune et chacun de nous, c&rsquo;est que ce temps de l&rsquo;Avent nous permette de donner une place au silence, de creuser en nous la disponibilit\u00e9, d&rsquo;attiser le d\u00e9sir de rencontrer le Seigneur qui ne cesse de venir.<\/span><\/p>\n<p><span style=\"color: #000000;\">Je vous demande de prier pour moi, et que nous priions les uns pour les autres\u00a0: demandons au Seigneur de nous garder vigilants, afin que nous ne soyons pas des gens habitu\u00e9s, blas\u00e9s, indiff\u00e9rents, mais au contraire toujours \u00e9merveill\u00e9s et consol\u00e9s par cette grande nouvelle\u00a0: le Seigneur est venu, il reviendra, il ne cesse de venir.<\/span><\/p>\n<p style=\"text-align: right;\"><span style=\"color: #000000;\"><em>P\u00e8re Alexandre-Marie Valder<\/em><\/span><\/p>\n","protected":false},"excerpt":{"rendered":"<p>Nous attendons en veillant dans la foi Fr\u00e8res et s\u0153urs, je dois vous l&rsquo;avouer\u00a0: il m&rsquo;a \u00e9t\u00e9 tr\u00e8s difficile de trouver quelque chose \u00e0 vous dire ce matin. Le temps de l&rsquo;Avent nous met devant les yeux le Seigneur qui vient, celui devant qui seront d\u00e9nonc\u00e9es toutes les vanit\u00e9s, les hypocrisies et les rodomontades. \u00ab\u00a0Les&hellip; <br \/> <a class=\"read-more\" href=\"https:\/\/paroisses-nancy-sud.fr\/HOME\/nous-attendons-en-veillant-dans-la-foi\/\">Lire la suite<\/a><\/p>\n","protected":false},"author":5,"featured_media":290,"comment_status":"closed","ping_status":"open","sticky":false,"template":"","format":"standard","meta":[],"categories":[9],"tags":[],"acf":[],"_links":{"self":[{"href":"https:\/\/paroisses-nancy-sud.fr\/HOME\/wp-json\/wp\/v2\/posts\/3478"}],"collection":[{"href":"https:\/\/paroisses-nancy-sud.fr\/HOME\/wp-json\/wp\/v2\/posts"}],"about":[{"href":"https:\/\/paroisses-nancy-sud.fr\/HOME\/wp-json\/wp\/v2\/types\/post"}],"author":[{"embeddable":true,"href":"https:\/\/paroisses-nancy-sud.fr\/HOME\/wp-json\/wp\/v2\/users\/5"}],"replies":[{"embeddable":true,"href":"https:\/\/paroisses-nancy-sud.fr\/HOME\/wp-json\/wp\/v2\/comments?post=3478"}],"version-history":[{"count":2,"href":"https:\/\/paroisses-nancy-sud.fr\/HOME\/wp-json\/wp\/v2\/posts\/3478\/revisions"}],"predecessor-version":[{"id":3480,"href":"https:\/\/paroisses-nancy-sud.fr\/HOME\/wp-json\/wp\/v2\/posts\/3478\/revisions\/3480"}],"wp:featuredmedia":[{"embeddable":true,"href":"https:\/\/paroisses-nancy-sud.fr\/HOME\/wp-json\/wp\/v2\/media\/290"}],"wp:attachment":[{"href":"https:\/\/paroisses-nancy-sud.fr\/HOME\/wp-json\/wp\/v2\/media?parent=3478"}],"wp:term":[{"taxonomy":"category","embeddable":true,"href":"https:\/\/paroisses-nancy-sud.fr\/HOME\/wp-json\/wp\/v2\/categories?post=3478"},{"taxonomy":"post_tag","embeddable":true,"href":"https:\/\/paroisses-nancy-sud.fr\/HOME\/wp-json\/wp\/v2\/tags?post=3478"}],"curies":[{"name":"wp","href":"https:\/\/api.w.org\/{rel}","templated":true}]}}