{"id":3481,"date":"2023-12-15T15:28:33","date_gmt":"2023-12-15T14:28:33","guid":{"rendered":"https:\/\/paroisses-nancy-sud.fr\/HOME\/?p=3481"},"modified":"2023-12-18T20:39:50","modified_gmt":"2023-12-18T19:39:50","slug":"annonces-de-la-paroisse-de-la-visitation-du-17-decembre","status":"publish","type":"post","link":"https:\/\/paroisses-nancy-sud.fr\/HOME\/annonces-de-la-paroisse-de-la-visitation-du-17-decembre\/","title":{"rendered":"Annonces de la paroisse de la Visitation du 17 d\u00e9cembre"},"content":{"rendered":"\n<p><span style=\"color: #000000;\"><strong><span style=\"text-decoration: underline;\">Bapt\u00eame<\/span> le dimanche 24 d\u00e9cembre<\/strong> \u00e0 l\u2019\u00e9glise de Pulligny de Ronan<br \/><\/span><span style=\"color: #000000;\">R\u00e9jouissons-nous et portons-le dans nos pri\u00e8res<\/span><\/p>\n<p><span style=\"color: #000000;\"><strong><span style=\"text-decoration: underline;\">\u00c9glises ouvertes et visite des cr\u00e8ches<\/span>:<br \/><\/strong><\/span><span style=\"font-size: revert;\">Bainville, Pulligny, Parey Saint C\u00e9saire, tous les jours de d\u00e9cembre<br \/><\/span><span style=\"color: #000000;\">Xeuilley, le dimanche 17 de 14h \u00e0 16h et le mercredi 20 de 14h \u00e0 16h<br \/><\/span><span style=\"color: #000000;\">Neuves-Maisons tous les matins de 9h00\u00a0 \u00e0 11h30<\/span><\/p>\n<p><span style=\"color: #000000;\"><span style=\"text-decoration: underline;\"><strong>La qu\u00eate du 3e dimanche de d\u00e9cembre <\/strong><\/span>est r\u00e9alis\u00e9e au b\u00e9n\u00e9fice de\u00a0<a style=\"color: #000000;\" href=\"https:\/\/www.paxchristi.fr\/\">Pax Christi France<\/a>. Par ses activit\u00e9s aupr\u00e8s des jeunes et des adultes, par la pri\u00e8re, l\u2019action et la r\u00e9flexion, ce mouvement international catholique cherche \u00e0 promouvoir une pastorale et une culture de la paix.<\/span><\/p>\n<p><span style=\"color: #000000;\"><span style=\"text-decoration: underline;\"><strong>Collecte de No\u00ebl\u00a0 tout le temps de l\u2019Avent<\/strong><\/span>, et jusqu\u2019au dimanche 31 d\u00e9cembre, un panier sera plac\u00e9 au fond de l\u2019\u00e9glise et recueillera vos dons\u00a0: produits d\u2019hygi\u00e8ne, de pu\u00e9riculture et produits alimentaires non p\u00e9rissables, destin\u00e9s \u00e0 des familles via les \u0153uvres caritatives du secteur.\u00a0 Un grand merci\u00a0!<\/span><\/p>\n<p><span style=\"color: #000000;\"><strong>*** Quelques calendriers sont encore disponibles au prix de 4 \u20ac***<br \/><\/strong><\/span><span style=\"color: #000000;\"><strong>Vente au fond de l\u2019\u00e9glise par Jeannette<\/strong><\/span><\/p>\n<p><span style=\"text-decoration: underline;\"><span style=\"color: #000000; text-decoration: underline;\"><strong>\u00a0<\/strong><\/span><\/span><span style=\"color: #000000;\"><strong><span style=\"text-decoration: underline;\">F\u00eate de Saint Vincent<\/span>, <\/strong>le dimanche 21 janvier, apr\u00e8s la messe, un repas dansant interg\u00e9n\u00e9rationnel organis\u00e9 par l\u2019Union Saint Vincent \u00a0se tiendra dans la bonne humeur au centre Jean L\u2019H\u00f4te. Le prix du repas et de l\u2019animation musicale est fix\u00e9 \u00e0 37 \u20ac.<br \/><\/span><span style=\"color: #000000;\">S\u2019inscrire aupr\u00e8s de Monique No\u00ebl au 03 83 47 10 53 ou 06 79 24 16 79.<\/span><\/p>\n<p><span style=\"text-decoration: underline;\"><span style=\"color: #000000; text-decoration: underline;\"><strong>\u00a0<\/strong><\/span><\/span><span style=\"color: #000000;\"><strong><span style=\"text-decoration: underline;\">Messes en semaine :<br \/><\/span><\/strong><\/span><span style=\"color: #000000;\">Jeudi\u00a0: adoration \u00e0 16h00 et messe \u00e0 16h30 \u00e0 la chapelle.<br \/><\/span><span style=\"color: #000000;\">Vendredi\u00a0: messe \u00e0 08h20 chez les s\u0153urs \u00e0 Bainville, 67 rue Jacques Callot.<\/span><\/p>\n<p><span style=\"color: #000000;\"><strong>\u00a0<\/strong><\/span><strong><span style=\"color: #000000;\">Lundi 18 d\u00e9cembre, 14h00\u00a0: C\u00e9l\u00e9bration du pardon\u00a0\u00e0 Neuves-Maisons<\/span><\/strong><\/p>\n<p><span style=\"color: #000000;\"><strong>Pas de messe le samedi 23 d\u00e9cembre<\/strong> dans les \u00e9glises de la Visitation<\/span><\/p>\n<p><span style=\"text-decoration: underline;\"><span style=\"color: #000000; text-decoration: underline;\"><strong>\u00a0<\/strong><\/span><span style=\"color: #000000; text-decoration: underline;\"><strong>Messes de No\u00ebl \u00e0 la Visitation<br \/><\/strong><\/span><\/span><span style=\"color: #000000;\">Dimanche 24 d\u00e9cembre, messe dominicale \u00e0 10h00 \u00e0 Pulligny<br \/><\/span><span style=\"color: #000000;\">Dimanche 24 d\u00e9cembre\u00a0 \u00e0 18h00, messes de la nuit de No\u00ebl\u00a0 \u00e0 Maizi\u00e8res (<strong>salle polyvalente<\/strong>) et Neuves-Maisons<br \/><\/span><span style=\"color: #000000;\">Lundi 25 d\u00e9cembre, jour de No\u00ebl, messe \u00e0 10h00 \u00e0 Xeuilley<\/span><\/p>\n","protected":false},"excerpt":{"rendered":"<p>Bapt\u00eame le dimanche 24 d\u00e9cembre \u00e0 l\u2019\u00e9glise de Pulligny de RonanR\u00e9jouissons-nous et portons-le dans nos pri\u00e8res \u00c9glises ouvertes et visite des cr\u00e8ches:Bainville, Pulligny, Parey Saint C\u00e9saire, tous les jours de d\u00e9cembreXeuilley, le dimanche 17 de 14h \u00e0 16h et le mercredi 20 de 14h \u00e0 16hNeuves-Maisons tous les matins de 9h00\u00a0 \u00e0 11h30 La qu\u00eate&hellip; <br \/> <a class=\"read-more\" href=\"https:\/\/paroisses-nancy-sud.fr\/HOME\/annonces-de-la-paroisse-de-la-visitation-du-17-decembre\/\">Lire la suite<\/a><\/p>\n","protected":false},"author":5,"featured_media":472,"comment_status":"closed","ping_status":"open","sticky":false,"template":"","format":"standard","meta":[],"categories":[10],"tags":[],"acf":[],"_links":{"self":[{"href":"https:\/\/paroisses-nancy-sud.fr\/HOME\/wp-json\/wp\/v2\/posts\/3481"}],"collection":[{"href":"https:\/\/paroisses-nancy-sud.fr\/HOME\/wp-json\/wp\/v2\/posts"}],"about":[{"href":"https:\/\/paroisses-nancy-sud.fr\/HOME\/wp-json\/wp\/v2\/types\/post"}],"author":[{"embeddable":true,"href":"https:\/\/paroisses-nancy-sud.fr\/HOME\/wp-json\/wp\/v2\/users\/5"}],"replies":[{"embeddable":true,"href":"https:\/\/paroisses-nancy-sud.fr\/HOME\/wp-json\/wp\/v2\/comments?post=3481"}],"version-history":[{"count":3,"href":"https:\/\/paroisses-nancy-sud.fr\/HOME\/wp-json\/wp\/v2\/posts\/3481\/revisions"}],"predecessor-version":[{"id":3497,"href":"https:\/\/paroisses-nancy-sud.fr\/HOME\/wp-json\/wp\/v2\/posts\/3481\/revisions\/3497"}],"wp:featuredmedia":[{"embeddable":true,"href":"https:\/\/paroisses-nancy-sud.fr\/HOME\/wp-json\/wp\/v2\/media\/472"}],"wp:attachment":[{"href":"https:\/\/paroisses-nancy-sud.fr\/HOME\/wp-json\/wp\/v2\/media?parent=3481"}],"wp:term":[{"taxonomy":"category","embeddable":true,"href":"https:\/\/paroisses-nancy-sud.fr\/HOME\/wp-json\/wp\/v2\/categories?post=3481"},{"taxonomy":"post_tag","embeddable":true,"href":"https:\/\/paroisses-nancy-sud.fr\/HOME\/wp-json\/wp\/v2\/tags?post=3481"}],"curies":[{"name":"wp","href":"https:\/\/api.w.org\/{rel}","templated":true}]}}