{"id":3485,"date":"2023-12-15T15:57:11","date_gmt":"2023-12-15T14:57:11","guid":{"rendered":"https:\/\/paroisses-nancy-sud.fr\/HOME\/?p=3485"},"modified":"2023-12-15T15:59:56","modified_gmt":"2023-12-15T14:59:56","slug":"annonces-de-saint-francois-de-sales-et-sainte-jeanne-de-chantal-du-17-decembre","status":"publish","type":"post","link":"https:\/\/paroisses-nancy-sud.fr\/HOME\/annonces-de-saint-francois-de-sales-et-sainte-jeanne-de-chantal-du-17-decembre\/","title":{"rendered":"Annonces de Saint-Fran\u00e7ois-de-Sales et Sainte-Jeanne-de-Chantal du 17 d\u00e9cembre"},"content":{"rendered":"\n<p><strong><span style=\"text-decoration: underline;\"><span style=\"color: #000000; text-decoration: underline;\">Bapt\u00eame<br \/><\/span><\/span><\/strong><span style=\"color: #000000;\">Dimanche 17 d\u00e9cembre, \u00e0 Jarville, bapt\u00eame de Mathilde Manzoni. Prions pour elle et sa famille.<\/span><\/p>\n<p style=\"text-align: center;\"><span style=\"text-decoration: underline;\"><strong><span style=\"color: #000000; text-decoration: underline;\">Temps de l\u2019Avent<\/span><\/strong><\/span><\/p>\n<table width=\"706\">\n<tbody>\n<tr>\n<td style=\"width: 831.6px;\">\n<p><span style=\"text-decoration: underline;\"><span style=\"color: #000000;\"><strong>C\u00e9l\u00e9brations du pardon et confessions<br \/><\/strong><\/span><\/span><span style=\"color: #000000;\"><strong>Le lundi 18 d\u00e9cembre :\u00a0 <\/strong><\/span><strong style=\"font-size: revert; font-family: inherit;\">\u00e0 14h \u00e0 Neuves-Maisons \u2013 \u00e0 16h \u00e0 Heillecourt et \u00e0 19h \u00e0 Jarville.<\/strong><\/p>\n<p><span style=\"text-decoration: underline;\"><span style=\"color: #000000;\"><strong>Parvis de No\u00ebl :<br \/><\/strong><\/span><\/span><span style=\"color: #000000;\"><strong>Mardi 19 d\u00e9cembre sur le parvis et dans l\u2019\u00e9glise de Jarville de 16h \u00e0 18h<\/strong>\u00a0: accueil avec g\u00e2teaux, ch ocolat et vin chauds, marrons chauds, musique, visite de la cr\u00e8che.<br \/><\/span><span style=\"color: #000000;\">Un groupe de \u2018<strong>\u2018Racont\u00e9es bibliques\u2019\u2019<\/strong> vient nous \u00e9tonner, nous \u00e9merveiller par des passages de la bible racont\u00e9s et accompagn\u00e9s de chants et de musique.\u00a0 <strong>Venez les \u00e9couter \u00e0 partir de 16h30\u00a0!<\/strong><\/span><\/p>\n<p><span style=\"color: #000000;\"><strong><span style=\"text-decoration: underline;\">Eglises ouvertes et visite des cr\u00e8ches\u00a0<\/span>:<br \/><\/strong><\/span><span style=\"color: #000000;\"><strong>\u00a0&#8211; A Fl\u00e9ville<\/strong> l\u2019\u00e9glise sera ouverte les mercredi 20 et samedi 23 d\u00e9cembre entre 15h et 17h<br \/><\/span><span style=\"color: #000000;\"><strong>\u00a0&#8211; A Ludres<\/strong> les mercredis et samedis matin de 10h \u00e0 midi, visite de la cr\u00e8che.<br \/><\/span><span style=\"color: #000000;\"><strong>\u00a0&#8211; A Heillecourt<\/strong> les jeudis et vendredis de 16h \u00e0 17h.<br \/><\/span><span style=\"color: #000000;\">\u00a0&#8211; <strong>A Jarville<\/strong> tous les jours de 8h \u00e0 19h.<\/span><\/p>\n<p><span style=\"text-decoration: underline;\"><strong><span style=\"color: #000000; text-decoration: underline;\">Secours catholique :<br \/><\/span><\/strong><\/span><span style=\"color: #000000;\">Ce samedi 16 \u00e0 Laneuveville et dimanche 17 \u00e0 Jarville et \u00e0 Ludres, vous seront propos\u00e9s\u00a0des bougies, des petites cr\u00e8ches et le g\u00e2teau \u00ab\u00a0Le Fraternel\u00a0\u00bb (6 euros).\u00a0Merci de votre g\u00e9n\u00e9rosit\u00e9.<\/span><\/p>\n<p><span style=\"text-decoration: underline;\"><span style=\"color: #000000;\"><strong>March\u00e9 de No\u00ebl<br \/><\/strong><\/span><\/span><span style=\"color: #000000;\"><strong>Ce samedi 16 et dimanche 17 d\u00e9cembre \u00e0 Heillecourt, de 14h \u00e0 18h, march\u00e9 de No\u00ebl <\/strong>des \u2018\u2019Abeilles du lundi\u2019\u2019\u00a0: <em>salle des anciens<\/em>, \u00e0 c\u00f4t\u00e9 de l\u2019\u00e9glise\u00a0: vente d\u00e9cos de No\u00ebl et autres (couture, tricot).<\/span><\/p>\n<p><span style=\"color: #000000;\"><strong><span style=\"text-decoration: underline;\">Collecte au fond des \u00e9glises :<\/span><br \/><\/strong><\/span><span style=\"color: #000000;\">Tout le temps de l\u2019Avent, un panier plac\u00e9 au fond de l\u2019\u00e9glise recueillera vos dons, produits d\u2019hygi\u00e8ne, de pu\u00e9riculture (savon, gel douche, shampoing, cr\u00e8me \u00e0 raser, couches pour b\u00e9b\u00e9s), produits alimentaires non p\u00e9rissables (huile, farine, th\u00e9, caf\u00e9, cacao, conserves de poisson, p\u00e2tes, riz, sauce tomate) et des surprises ou g\u00e2teries de No\u00ebl\u00a0pour les personnes en difficult\u00e9, redistribu\u00e9s par les services de notre secteur. Un grand merci !<\/span><\/p>\n<p><span style=\"text-decoration: underline;\"><span style=\"color: #000000;\"><strong>Horaires des messes du 4<sup>\u00e8me<\/sup> dimanche de l\u2019Avent, 23 et 24 d\u00e9cembre 2023 :<br \/><\/strong><\/span><\/span><span style=\"color: #000000;\"><strong>Samedi 23 d\u00e9cembre : 18h <\/strong>Heillecourt, Laneuveville<br \/><\/span><span style=\"color: #000000;\"><strong>Dimanche 24 d\u00e9cembre : 10h <\/strong>Pulligny, Fl\u00e9ville, Flavigny<strong>\u00a0\u00a0\u00a0\u00a0\u00a0\u00a0\u00a0\u00a0\u00a0\u00a0\u00a0\u00a0\u00a0\u00a0\u00a0\u00a0\u00a0\u00a0\u00a0\u00a0 10h30 <\/strong>Jarville<\/span><\/p>\n<\/td>\n<\/tr>\n<\/tbody>\n<\/table>\n<p style=\"text-align: center;\"><span style=\"text-decoration: underline;\"><span style=\"color: #000000;\"><strong>Temps de NO\u00cbL : Horaires des messes des 24 et 25 d\u00e9cembre<\/strong><\/span><\/span><\/p>\n<p><span style=\"color: #000000;\"><strong>Messes de la nuit de No\u00ebl, dimanche 24 d\u00e9cembre :<br \/><\/strong><\/span><span style=\"color: #000000;\"><strong>\u00a0&#8211; 18h<\/strong> \u00e0 Heillecourt (COSEC, parc de l\u2019Embanie), <strong>18h<\/strong> \u00e0 Maizi\u00e8res et Neuves-Maisons,<br \/><\/span><span style=\"color: #000000;\"><strong>\u00a0&#8211; 21h<\/strong> \u00e0 Fl\u00e9ville,<br \/><\/span><span style=\"color: #000000;\"><strong>\u00a0&#8211; 22h15 <\/strong>\u00e0 Laneuveville.<\/span><\/p>\n<p><span style=\"color: #000000;\"><strong>Messes du jour de No\u00ebl, lundi 25 d\u00e9cembre :<br \/><\/strong><\/span><strong style=\"font-size: revert;\">\u00a0&#8211; <span style=\"color: #000000;\">10h<\/span><\/strong><span style=\"font-size: revert;\"><span style=\"color: #000000;\"> \u00e0 Xeuilley<\/span><br \/><\/span><span style=\"color: #000000;\"><strong>\u00a0&#8211; 10h30<\/strong> \u00e0 Jarville et \u00e0 Ludres<\/span><\/p>\n<p><span style=\"text-decoration: underline;\"><span style=\"color: #000000; text-decoration: underline;\"><strong>\u00a0<\/strong><\/span><span style=\"color: #000000; text-decoration: underline;\"><strong>Eveil \u00e0 la foi :\u00a0<br \/><\/strong><\/span><\/span><span style=\"color: #000000;\"><strong>Le dimanche 17 d\u00e9cembre \u00e0 Ludres, \u00e9veil \u00e0 la foi\u00a0: rendez-vous \u00e0 10h <\/strong>\u00e0 la Maison paroissiale de Ludres pour les enfants de 3 \u00e0 7 ans et leurs parents. Contact\u00a0: Sophie 06 83 29 75 95<\/span><\/p>\n<p><span style=\"text-decoration: underline;\"><span style=\"color: #000000;\"><strong>Parcours Alpha :<br \/><\/strong><\/span><\/span><span style=\"color: #000000;\"><strong>Le mardi 16 janvier 2024 \u00e0 Jarville <\/strong>de 19h30 \u00e0 22h dans les salles \u00e0 droite de l\u2019\u00e9glise, <strong>vous \u00eates invit\u00e9s \u00e0 une rencontre sur le th\u00e8me\u00a0: \u2018\u2019Le Christianisme faux, ennuyeux, d\u00e9pass\u00e9\u2019\u2019. <\/strong>La rencontre d\u00e9bute par un moment convivial autour d\u2019un repas, suivi d\u2019un bref expos\u00e9 puis d\u2019un temps d\u2019\u00e9change. <strong>Ce parcours est ouvert \u00e0 tous.<\/strong> Chacun est accueilli de mani\u00e8re d\u00e9contract\u00e9e pour \u00e9changer en petits groupes, d\u00e9couvrir ou red\u00e9couvrir la foi chr\u00e9tienne. Ensuite plusieurs rencontres sont pr\u00e9vues. Contact\u00a0: Odile Bonmati 06 23 46 74 17.\u00a0<\/span><\/p>\n<p><span style=\"text-decoration: underline;\"><span style=\"color: #000000;\"><strong>Repas de nos paroisses :\u00a0<br \/><\/strong><\/span><\/span><span style=\"color: #000000;\"><strong>Le dimanche 21 janvier, <\/strong>\u00e0 la Maison du temps libre de Heillecourt, repas paroissial pour nos deux paroisses Saint-Fran\u00e7ois-de-Sales et Sainte-Jeanne-de-Chantal. Voir le tract avec talon d\u2019inscription \u00e0 la sortie des \u00e9glises.<\/span><\/p>\n<p><strong><span style=\"text-decoration: underline;\"><span style=\"color: #000000; text-decoration: underline;\">AUTRES ANNONCES<\/span><\/span><\/strong><\/p>\n<p><span style=\"text-decoration: underline;\"><span style=\"color: #000000;\"><strong>Ann\u00e9e de la pri\u00e8re<br \/><\/strong><\/span><\/span><span style=\"color: #000000;\">Le pape Fran\u00e7ois a annonc\u00e9 que <strong>l\u2019ann\u00e9e 2024 serait une ann\u00e9e de la pri\u00e8re<\/strong>. Notre \u00e9v\u00eaque\u00a0 souhaite qu\u2019un livret nous accompagne. Ce livret proposera chaque mois une double page consacr\u00e9e \u00e0 une forme de pri\u00e8re diff\u00e9rente. Gr\u00e2ce \u00e0 diverses entr\u00e9es (extraits de la Bible, textes de pri\u00e8re, photos d\u2019\u0153uvre d\u2019art, zooms sur des figures de saintet\u00e9, etc.), il a pour objectif de nous aider \u00e0 approfondir leur pri\u00e8re. Ce livret nous sera propos\u00e9 pour le d\u00e9but de l\u2019ann\u00e9e.<\/span><\/p>\n<p><span style=\"color: #000000;\"><strong>\u00a0<\/strong><\/span><span style=\"text-decoration: underline;\"><span style=\"color: #000000;\"><strong>Voyageurs Chr\u00e9tiens<br \/><\/strong><\/span><\/span><span style=\"color: #000000;\"><strong>Samedi 20 avril 2024,<\/strong> com\u00e9die musicale \u00ab\u00a0Bernadette de Lourdes\u00a0\u00bb \u00e0 Amn\u00e9ville. Sortie en car PMR au d\u00e9part de Laneuveville-devant-Nancy (ramassage possible \u00e0 Neufch\u00e2teau). Renseignements et <strong>inscriptions avant fin d\u00e9cembre<\/strong>. Madame CHAMBON Bernadette et son fils Jean-Fran\u00e7ois : 06 83 50 66 49.<strong> \u00a0<\/strong><\/span><\/p>\n<p><span style=\"text-decoration: underline;\"><span style=\"color: #000000;\"><strong>Maison Familya :<br \/><\/strong><\/span><\/span><span style=\"color: #000000;\">Au printemps prochain, <strong>une maison Familya ouvrira ses portes au 26 rue Saint-L\u00e9on, \u00e0 Nancy.<\/strong> Lanc\u00e9e \u00e0 l\u2019initiative de notre dioc\u00e8se, cette maison s\u2019adresse \u00e0 tous les habitants de Meurthe-et-Moselle. Une maison Familya, c\u2019est quoi ? Un lieu ressource d\u2019\u00e9ducation \u00e0 la relation. La maison accueillera et accompagnera toutes les personnes qui souhaitent construire, renforcer ou restaurer des liens durables et de qualit\u00e9 avec leur conjoint, leurs enfants, leur entourage. Sa vocation est d\u2019aider chacun \u00e0 d\u00e9velopper des relations durables avec ses plus proches parce que dans la recherche de coh\u00e9sion sociale, la famille est le premier lieu de solidarit\u00e9.<\/span><\/p>\n<p><span style=\"color: #000000;\"><span style=\"text-decoration: underline;\"><strong>Le Denier : derni\u00e8re ligne droite !<br \/><\/strong><\/span><span style=\"font-size: revert;\">Vos dons permettent de subvenir aux besoins des pr\u00eatres actifs et en retraite, de r\u00e9mun\u00e9rer les la\u00efcs salari\u00e9s et de former un s\u00e9minariste qui se pr\u00e9parent \u00e0 devenir pr\u00eatre. Merci pour votre g\u00e9n\u00e9rosit\u00e9 ! (<em>Enveloppes au fond des \u00e9glises<\/em>)<\/span><\/span><\/p>\n<p style=\"text-align: center;\"><span style=\"color: #000000;\"><strong><em>\u00a0\u2018\u2019La joie emplit le c\u0153ur lorsque on a rencontr\u00e9 la certitude que la vie n\u2019est pas un chemin qui va vers rien\u00a0 \u2018\u2019<br \/><\/em><em>Abb\u00e9 Pierre<\/em><\/strong><\/span><\/p>\n","protected":false},"excerpt":{"rendered":"<p>Bapt\u00eameDimanche 17 d\u00e9cembre, \u00e0 Jarville, bapt\u00eame de Mathilde Manzoni. Prions pour elle et sa famille. Temps de l\u2019Avent C\u00e9l\u00e9brations du pardon et confessionsLe lundi 18 d\u00e9cembre :\u00a0 \u00e0 14h \u00e0 Neuves-Maisons \u2013 \u00e0 16h \u00e0 Heillecourt et \u00e0 19h \u00e0 Jarville. Parvis de No\u00ebl :Mardi 19 d\u00e9cembre sur le parvis et dans l\u2019\u00e9glise de Jarville&hellip; <br \/> <a class=\"read-more\" href=\"https:\/\/paroisses-nancy-sud.fr\/HOME\/annonces-de-saint-francois-de-sales-et-sainte-jeanne-de-chantal-du-17-decembre\/\">Lire la suite<\/a><\/p>\n","protected":false},"author":5,"featured_media":2464,"comment_status":"closed","ping_status":"open","sticky":false,"template":"","format":"standard","meta":[],"categories":[7],"tags":[],"acf":[],"_links":{"self":[{"href":"https:\/\/paroisses-nancy-sud.fr\/HOME\/wp-json\/wp\/v2\/posts\/3485"}],"collection":[{"href":"https:\/\/paroisses-nancy-sud.fr\/HOME\/wp-json\/wp\/v2\/posts"}],"about":[{"href":"https:\/\/paroisses-nancy-sud.fr\/HOME\/wp-json\/wp\/v2\/types\/post"}],"author":[{"embeddable":true,"href":"https:\/\/paroisses-nancy-sud.fr\/HOME\/wp-json\/wp\/v2\/users\/5"}],"replies":[{"embeddable":true,"href":"https:\/\/paroisses-nancy-sud.fr\/HOME\/wp-json\/wp\/v2\/comments?post=3485"}],"version-history":[{"count":3,"href":"https:\/\/paroisses-nancy-sud.fr\/HOME\/wp-json\/wp\/v2\/posts\/3485\/revisions"}],"predecessor-version":[{"id":3489,"href":"https:\/\/paroisses-nancy-sud.fr\/HOME\/wp-json\/wp\/v2\/posts\/3485\/revisions\/3489"}],"wp:featuredmedia":[{"embeddable":true,"href":"https:\/\/paroisses-nancy-sud.fr\/HOME\/wp-json\/wp\/v2\/media\/2464"}],"wp:attachment":[{"href":"https:\/\/paroisses-nancy-sud.fr\/HOME\/wp-json\/wp\/v2\/media?parent=3485"}],"wp:term":[{"taxonomy":"category","embeddable":true,"href":"https:\/\/paroisses-nancy-sud.fr\/HOME\/wp-json\/wp\/v2\/categories?post=3485"},{"taxonomy":"post_tag","embeddable":true,"href":"https:\/\/paroisses-nancy-sud.fr\/HOME\/wp-json\/wp\/v2\/tags?post=3485"}],"curies":[{"name":"wp","href":"https:\/\/api.w.org\/{rel}","templated":true}]}}