{"id":3565,"date":"2024-01-20T18:31:03","date_gmt":"2024-01-20T17:31:03","guid":{"rendered":"https:\/\/paroisses-nancy-sud.fr\/HOME\/?p=3565"},"modified":"2024-01-20T18:35:16","modified_gmt":"2024-01-20T17:35:16","slug":"annonces-de-la-visitation-du-21-janvier","status":"publish","type":"post","link":"https:\/\/paroisses-nancy-sud.fr\/HOME\/annonces-de-la-visitation-du-21-janvier\/","title":{"rendered":"Annonces de la Visitation du 21 janvier"},"content":{"rendered":"\n<p><span style=\"color: #000000;\"><a style=\"color: #000000;\" href=\"https:\/\/www.calameo.com\/books\/005469738896704a36375\"><strong>Livret de la pri\u00e8re 2024<\/strong><\/a>. (<em>cliquer sur le lien<\/em>):<\/span><br \/><span style=\"color: #000000;\">Pour pr\u00e9parer les fid\u00e8les au <a style=\"color: #000000;\" href=\"https:\/\/www.iubilaeum2025.va\/fr\/giubileo-2025.html\"><em>jubil\u00e9 2025<\/em><\/a>, (<em>cliquer sur le lien<\/em>) ,le Pape Fran\u00e7ois nous invite \u00e0 consacrer l\u2019ann\u00e9e 2024 \u00e0 la pri\u00e8re. Afin de nous guider mois apr\u00e8s mois, notre \u00e9v\u00eaque, Monseigneur Pierre-Yves Michel, a souhait\u00e9 mettre \u00e0 notre disposition un livret d\u2019accompagnement con\u00e7u pour d\u00e9couvrir et approfondir la pri\u00e8re.<\/span><\/p>\n<p><span style=\"color: #000000;\"><strong><span style=\"text-decoration: underline;\">\u00a0Rencontre propos\u00e9e par l\u2019\u00e9quipe dioc\u00e9saine de formation spirituelle<\/span> : <\/strong>\u00a0<\/span><br \/><span style=\"color: #000000;\"><strong>Le jeudi 8 f\u00e9vrier de 20h \u00e0 22h \u00e0 Ludres<\/strong>, l\u2019\u00e9quipe dioc\u00e9saine de formation spirituelle nous rejoint dans notre secteur pastoral pour une rencontre de deux heures. Elle s\u2019adresse \u00e0 tous les curieux de la pri\u00e8re et \u00e0 ceux qui veulent renouveler leur fa\u00e7on de prier, en bref, \u00e0 tous. Deux heures pour des questions, des rep\u00e8res, une exp\u00e9rience personnelle de la pri\u00e8re, un partage.\u00a0<\/span><\/p>\n<p><span style=\"color: #000000;\"><strong>\u00a0<\/strong><span style=\"text-decoration: underline;\"><strong>Les 27 et 28 janvier,<\/strong> <strong>qu\u00eate pour les malades de la l\u00e8pre.<\/strong><\/span> <\/span><br \/><span style=\"color: #000000;\">La Fondation Raoul Follereau lutte contre toute exclusion caus\u00e9e par la maladie, l\u2019ignorance et la pauvret\u00e9. Elle cherche \u00e0 poursuivre l\u2019\u0153uvre de son fondateur par ses champs d\u2019actions qui sont : soigner, \u00e9duquer\u00a0et r\u00e9ins\u00e9rer. Aujourd\u2019hui, elle est pr\u00e9sente en France, en Afrique, au Moyen Orient et en Asie.<\/span><\/p>\n<p><span style=\"color: #000000;\"><strong>La messe du 10 f\u00e9vrier <\/strong>\u00e0 Maizi\u00e8res est supprim\u00e9e pour des raisons de s\u00e9curit\u00e9,<\/span><br \/><span style=\"color: #000000;\">Une messe unique \u00e0 Neuves-Maisons le 11 f\u00e9vrier qui sera le dimanche de la sant\u00e9.<\/span><\/p>\n<p><span style=\"color: #000000;\"><span style=\"text-decoration: underline;\"><strong>Ce dimanche 10 f\u00e9vrier, le sacrement des malades<\/strong><\/span> est propos\u00e9 et sera donn\u00e9\u00a0; Merci aux personnes int\u00e9ress\u00e9es de se faire conna\u00eetre par les moyens indiqu\u00e9s ci-dessous\u00a0:<\/span><br \/><span style=\"color: #000000;\">\u00a0&#8211; Aux permanences \u00e0 la maison paroissiale : Mardi de 14h \u00e0 16h30 et samedi de 9h30 \u00e0 11h30<\/span><br \/><span style=\"color: #000000;\">\u00a0&#8211; Ou par t\u00e9l\u00e9phone ou messagerie : 03 83 47 25 54 \u2013 <a style=\"color: #000000;\" href=\"mailto:visitationmm@orange.fr\">visitationmm@orange.fr<\/a><\/span><\/p>\n<p><span style=\"color: #000000;\"><span style=\"text-decoration: underline;\"><strong>Du\u00a018 janvier\u00a0au\u00a025 janvier 2024<\/strong><\/span>\u00a0:<\/span><br \/><span style=\"color: #000000;\">Semaine de pri\u00e8re pour l\u2019unit\u00e9 des chr\u00e9tiens, partout dans le monde\u00a0; C\u2019est en apprenant \u00e0 s\u2019aimer les uns les autres au-del\u00e0 de leurs diff\u00e9rences que les chr\u00e9tiens peuvent devenir des \u00ab prochains \u00bb, comme le Samaritain de l\u2019\u00c9vangile.<\/span><\/p>\n<p><span style=\"color: #000000;\"><strong><span style=\"text-decoration: underline;\">\u00a0Samedi 10 f\u00e9vrier 2024<\/span>.<br \/><\/strong>L\u2019\u00e9quipe du\u00a0<a style=\"color: #000000;\" href=\"http:\/\/www.catholique-nancy.fr\/pls\">service dioc\u00e9sain de la pastorale liturgique et sacramentelle<\/a> (<em>cliquer sur le lien<\/em>) , organise une journ\u00e9e de formation autour de la lecture de cette lettre apostolique destin\u00e9e \u00e0 toute personne int\u00e9ress\u00e9e par la th\u00e9matique liturgique, en particulier les acteurs pastoraux. Inscriptions avant le 26 janvier , Renseignements au secr\u00e9tariat de la maison paroissiale.<\/span><\/p>\n<p><span style=\"color: #000000;\"><span style=\"text-decoration: underline;\"><strong>Messes en semaine.<em>\u00a0<br \/><\/em><\/strong><\/span>Jeudi\u00a0: adoration \u00e0 16h00 et messe \u00e0 16h30 \u00e0 la chapelle.<\/span><br \/><span style=\"color: #000000;\">Vendredi\u00a0: messe \u00e0 08h20 chez les s\u0153urs \u00e0 Bainville, 67 rue Jacques Callot.<\/span><\/p>\n<p><span style=\"color: #000000;\"><strong><span style=\"text-decoration: underline;\">Messes \u00e0 la Visitation<\/span> :<br \/><\/strong>Samedi 27 janvier, messe \u00e0 18h00 \u00e0 Pierreville<\/span><br \/><span style=\"color: #000000;\">Dimanche 28 janvier, messe \u00e0 10h30 \u00e0 Neuves-Maisons<\/span><\/p>\n<p><span style=\"color: #000000;\"><u>Permanences \u00e0 la maison paroissiale :<\/u> <\/span><br \/><span style=\"color: #000000;\">Mardi de 14h \u00e0 16h30 et Samedi de 9h30 \u00e0 11h30<\/span><br \/><span style=\"color: #000000;\">tel : 03 83 47 25 54 \u2013 <em><strong>adresse mail<\/strong><\/em><strong> : <\/strong><a style=\"color: #000000;\" href=\"mailto:visitationmm@orange.fr\">visitationmm@orange.fr<\/a>\u00a0 <\/span><br \/><span style=\"color: #000000;\">Horaires des messes :\u00a0 <a style=\"color: #000000;\" href=\"https:\/\/messes.info\/\">messesinfo<\/a><em> (cliquer sur le lien)<\/em><\/span><\/p>\n","protected":false},"excerpt":{"rendered":"<p>Livret de la pri\u00e8re 2024. (cliquer sur le lien):Pour pr\u00e9parer les fid\u00e8les au jubil\u00e9 2025, (cliquer sur le lien) ,le Pape Fran\u00e7ois nous invite \u00e0 consacrer l\u2019ann\u00e9e 2024 \u00e0 la pri\u00e8re. Afin de nous guider mois apr\u00e8s mois, notre \u00e9v\u00eaque, Monseigneur Pierre-Yves Michel, a souhait\u00e9 mettre \u00e0 notre disposition un livret d\u2019accompagnement con\u00e7u pour d\u00e9couvrir&hellip; <br \/> <a class=\"read-more\" href=\"https:\/\/paroisses-nancy-sud.fr\/HOME\/annonces-de-la-visitation-du-21-janvier\/\">Lire la suite<\/a><\/p>\n","protected":false},"author":5,"featured_media":472,"comment_status":"closed","ping_status":"open","sticky":false,"template":"","format":"standard","meta":[],"categories":[10],"tags":[],"acf":[],"_links":{"self":[{"href":"https:\/\/paroisses-nancy-sud.fr\/HOME\/wp-json\/wp\/v2\/posts\/3565"}],"collection":[{"href":"https:\/\/paroisses-nancy-sud.fr\/HOME\/wp-json\/wp\/v2\/posts"}],"about":[{"href":"https:\/\/paroisses-nancy-sud.fr\/HOME\/wp-json\/wp\/v2\/types\/post"}],"author":[{"embeddable":true,"href":"https:\/\/paroisses-nancy-sud.fr\/HOME\/wp-json\/wp\/v2\/users\/5"}],"replies":[{"embeddable":true,"href":"https:\/\/paroisses-nancy-sud.fr\/HOME\/wp-json\/wp\/v2\/comments?post=3565"}],"version-history":[{"count":3,"href":"https:\/\/paroisses-nancy-sud.fr\/HOME\/wp-json\/wp\/v2\/posts\/3565\/revisions"}],"predecessor-version":[{"id":3568,"href":"https:\/\/paroisses-nancy-sud.fr\/HOME\/wp-json\/wp\/v2\/posts\/3565\/revisions\/3568"}],"wp:featuredmedia":[{"embeddable":true,"href":"https:\/\/paroisses-nancy-sud.fr\/HOME\/wp-json\/wp\/v2\/media\/472"}],"wp:attachment":[{"href":"https:\/\/paroisses-nancy-sud.fr\/HOME\/wp-json\/wp\/v2\/media?parent=3565"}],"wp:term":[{"taxonomy":"category","embeddable":true,"href":"https:\/\/paroisses-nancy-sud.fr\/HOME\/wp-json\/wp\/v2\/categories?post=3565"},{"taxonomy":"post_tag","embeddable":true,"href":"https:\/\/paroisses-nancy-sud.fr\/HOME\/wp-json\/wp\/v2\/tags?post=3565"}],"curies":[{"name":"wp","href":"https:\/\/api.w.org\/{rel}","templated":true}]}}