{"id":3569,"date":"2024-01-20T18:55:40","date_gmt":"2024-01-20T17:55:40","guid":{"rendered":"https:\/\/paroisses-nancy-sud.fr\/HOME\/?p=3569"},"modified":"2024-01-20T19:25:55","modified_gmt":"2024-01-20T18:25:55","slug":"annonces-de-saint-francois-de-sales-et-sainte-jeanne-de-chantal-du-21-janvier","status":"publish","type":"post","link":"https:\/\/paroisses-nancy-sud.fr\/HOME\/annonces-de-saint-francois-de-sales-et-sainte-jeanne-de-chantal-du-21-janvier\/","title":{"rendered":"Annonces de Saint-Fran\u00e7ois-de-Sales et Sainte-Jeanne-de-Chantal du 21 janvier"},"content":{"rendered":"\n<p><span style=\"color: #000000;\"><span style=\"text-decoration: underline;\"><strong>Confirmation<\/strong><\/span> :<\/span><br \/><span style=\"color: #000000;\"><strong>Les jeunes de notre secteur <\/strong>se pr\u00e9parant \u00e0 la confirmation se retrouvent<strong> le samedi 20 janvier pour leur premier temps fort. <\/strong>Ils seront au coll\u00e8ge de la Malgrange avec les jeunes du secteur Nancy-Ouest et ceux du Coll\u00e8ge. <strong>Les parents sont invit\u00e9s \u00e0 les rejoindre \u00e0 18h pour la messe<\/strong>. Contact\u00a0: Alexandre-Marie Valder\u00a0: amvalder@lilo.org.<\/span><\/p>\n<p><span style=\"color: #000000;\"><strong><span style=\"text-decoration: underline;\">Repas de nos paroisses<\/span><br \/><\/strong>Le dimanche 21 janvier, \u00e0 midi \u00e0 la Maison du Temps Libre de Heillecourt, 135 personnes sont inscrites pour le repas paroissial de nos paroisses St-Fran\u00e7ois-de-Sales et Ste-Jeanne-de-Chantal. Une belle journ\u00e9e en perspective\u00a0!<\/span><\/p>\n<p><span style=\"color: #000000;\"><strong><span style=\"text-decoration: underline;\">Parcours Alpha<\/span><\/strong>\u00a0<\/span><br \/><span style=\"color: #000000;\">Le mardi 23 janvier 2024 \u00e0 Jarville de 19h30 \u00e0 22h dans les salles \u00e0 droite de l\u2019\u00e9glise, vous \u00eates invit\u00e9s \u00e0 la 2<sup>\u00e8me<\/sup> rencontre : \u2018\u2019Qui est J\u00e9sus\u00a0?\u2019\u2019. La rencontre d\u00e9bute par un moment convivial autour d\u2019un repas, suivi d\u2019un bref expos\u00e9 puis d\u2019un temps d\u2019\u00e9change. Ce parcours est ouvert \u00e0 tous. Accueil d\u00e9contract\u00e9, \u00e9changer en petits groupes, d\u00e9couvrir ou red\u00e9couvrir la foi chr\u00e9tienne. Plusieurs rencontres sont pr\u00e9vues apr\u00e8s. Merci de vous inscrire aupr\u00e8s d\u2019Odile Bonmati au 06 23 46 74 17.\u00a0La pr\u00e9paration du repas sera plus simple\u00a0!<\/span><\/p>\n<p><span style=\"color: #000000;\"><span style=\"text-decoration: underline;\"><strong>Rencontre des Equipes d\u2019Animation Pastorale:<br \/><\/strong><\/span><strong>L\u2019EAP de Sainte-Jeanne-de-Chantal se r\u00e9unit ce mardi 23 janvier \u00e0 Ludres \u00e0 14h30.<br \/><\/strong><strong>L\u2019EAP de Saint-Fran\u00e7ois-de-Sales se r\u00e9unit le mercredi 31 mars \u00e0 20h \u00e0 Jarville.<br \/><\/strong><span style=\"font-size: revert;\">N\u2019h\u00e9sitez pas \u00e0 contacter les membres des EAP, les coordinateurs ou les pr\u00eatres pour poser vos questions ou faire des propositions.<\/span><\/span><\/p>\n<p><span style=\"color: #000000;\"><strong><span style=\"text-decoration: underline;\">R\u00e9union de l\u2019\u00e9quipe Passerelle<\/span> :<br \/><\/strong><strong>Ce<\/strong> <strong>mardi 23 janvier<\/strong> \u00e0 10h L\u2019\u00e9quipe de pr\u00e9paration du num\u00e9ro Passerelle de P\u00e2ques se r\u00e9unira \u00e0 la maison paroissiale de Ludres.<\/span><\/p>\n<p><span style=\"color: #000000;\"><strong><span style=\"text-decoration: underline;\">R\u00e9union de l\u2019\u00e9quipe du SEM (Service de l\u2019Evangile pour les Malades<\/span>) :<br \/><\/strong><strong>Ce<\/strong> <strong>mercredi 24 janvier \u00e0 10h <\/strong>L\u2019\u00e9quipe des personnes allant visiter les personnes isol\u00e9es ou leur porter la communion se r\u00e9unit <strong>\u00e0 Ludres<\/strong> pour pr\u00e9parer la journ\u00e9e des malades qui aura lieu le dimanche 11 f\u00e9vier.<\/span><\/p>\n<p><span style=\"color: #000000;\"><span style=\"text-decoration: underline;\"><strong>Pr\u00e9paration au mariage :<br \/><\/strong><\/span>Les jeunes couples de notre secteur (13 couples pour ce premier cycle) se pr\u00e9parant au mariage, se <strong>retrouvent le samedi 27 janvier \u00e0 Ludres<\/strong> <strong>\u00e0 14h<\/strong> puis les samedi 10 et dimanche 11 f\u00e9vrier \u00e0 Jarville. Plusieurs couples de nos paroisses les accompagnent avec Marc Haeussler, pr\u00eatre r\u00e9f\u00e9rent et Antoine M\u00e9riaux, diacre.<\/span><\/p>\n<p><span style=\"color: #000000;\"><span style=\"text-decoration: underline;\"><strong>Qu\u2019est-ce que prier ? Comment prier ? Pourquoi prier ?<br \/><\/strong><\/span><strong>Une rencontre nous est propos\u00e9e <\/strong>par l\u2019\u00e9quipe dioc\u00e9saine de formation spirituelle\u00a0comme dans chaque secteur pastoral<strong> : <\/strong><strong>le jeudi 8 f\u00e9vrier de 20h \u00e0 22h \u00e0 Ludres<\/strong> <strong>p<\/strong><strong>our notre secteur Nancy-sud.<\/strong> Elle s\u2019adresse \u00e0 tous les curieux de la pri\u00e8re et \u00e0 ceux qui veulent renouveler leur fa\u00e7on de prier, en bref, \u00e0 tous. <strong>Deux heures pour des questions, des rep\u00e8res, une exp\u00e9rience personnelle de la pri\u00e8re, un partage<\/strong>.<\/span><\/p>\n<p><span style=\"color: #000000;\"><strong><a style=\"color: #000000;\" href=\"https:\/\/www.catholique-nancy.fr\/accueil\/58847-2024-annee-de-la-priere-decouvrez-le-livret\/\">Le livret <\/a><\/strong><em>(cliquer sur le lien), <\/em>propos\u00e9 par notre \u00e9v\u00eaque et l\u2019\u00e9quipe dioc\u00e9saine nous accompagne pour cette ann\u00e9e de la pri\u00e8re. Chaque mois, une double page est consacr\u00e9e \u00e0 une forme de pri\u00e8re diff\u00e9rente et diverses entr\u00e9es\u00a0sont propos\u00e9es par th\u00e8me : extraits de la Bible, textes de pri\u00e8re, photos d\u2019\u0153uvre d\u2019art, zooms sur des figures de saintet\u00e9, etc.. Un document sera disponible chaque mois pour la compr\u00e9hension de l\u2019\u0153uvre d\u2019art, sur <a style=\"color: #000000;\" href=\"https:\/\/paroisses-nancy-sud.fr\/HOME\/prier-avec-loeuvre-dart-de-janvier\/\">le site de nos paroisses Nancy-Sud <\/a>ou <a style=\"color: #000000;\" href=\"https:\/\/www.catholique-nancy.fr\/accueil\/59845-livret-de-la-priere-decouvrez-loeuvre-dart-de-janvier\/\">celui du dioc\u00e8se.\u00a0<\/a><\/span><\/p>\n<p><span style=\"color: #000000;\">Vous pouvez participer au financement du livret (1\u20ac ou plus).<\/span><\/p>\n<p><span style=\"color: #000000;\"><strong><span style=\"text-decoration: underline;\">Horaires des messes dominicales des 27 et 28 janvier 2024<\/span><br \/><\/strong><strong>Samedi 27 janvier : 18h <\/strong>Heillecourt, Laneuveville, Pierreville<\/span><br \/><span style=\"color: #000000;\"><strong>Dimanche 28 janvier : 10h <\/strong>Flavigny, Fl\u00e9ville<strong> 10h30 <\/strong>Jarville, Neuves-Maisons<\/span><\/p>\n<p><span style=\"color: #000000;\"><span style=\"text-decoration: underline;\"><strong>Journ\u00e9e mariale organis\u00e9e par les \u00ab\u00a0Voyageurs chr\u00e9tiens\u00a0\u00bb<br \/><\/strong><\/span><strong>Le samedi 24 f\u00e9vrier en l&rsquo;\u00e9glise de Laneuveville, \u00e0 10h<\/strong>, accueil et messe solennelle en l&rsquo;honneur de Notre-Dame de Lourdes, pr\u00e9sid\u00e9e par Monseigneur Michel. C\u00e9r\u00e9monie suivie d&rsquo;un d\u00e9jeuner au restaurant\u00a0; \u00e0 Ferri\u00e8res, avec t\u00e9moignage de Monseigneur Michel et animation par Isabelle Didion qui pr\u00e9sentera ses derni\u00e8res cr\u00e9ations musicales tout en \u00e9voquant les sites de p\u00e8lerinages travers\u00e9s par les \u00ab\u00a0Voyageurs Chr\u00e9tiens\u00a0\u00bb. <strong>Inscriptions pour le d\u00e9jeuner avant le 1<sup>er<\/sup> f\u00e9vrier.<\/strong> Madame CHAMBON et Jean-Fran\u00e7ois au 03 83 56 34 31.<\/span><\/p>\n<p><span style=\"color: #000000;\"><span style=\"text-decoration: underline;\"><strong>Un appel du secours catholique<br \/><\/strong><\/span>Le Secours Catholique de Jarville cherche un nouveau local pour ses permanences et son vestiaire. Merci de contacter Marc Haeussler au 06 43 10 46 44 .<\/span><\/p>\n<p><span style=\"color: #000000;\"><strong><span style=\"text-decoration: underline;\">AUTRES ANNONCES<br \/><\/span><span style=\"text-decoration: underline;\">Semaine de pri\u00e8re pour l\u2019unit\u00e9 des chr\u00e9tiens<\/span><\/strong><\/span><br \/><span style=\"color: #000000;\">Le th\u00e8me choisi est : <em>\u00ab Tu aimeras ton Seigneur Dieu\u2026 et ton prochain comme toi-m\u00eame<\/em> \u00bb (Luc 10,27). Deux c\u00e9l\u00e9brations sont pr\u00e9vues dans notre dioc\u00e8se\u00a0:<\/span><br \/><span style=\"color: #000000;\">&#8211; Lundi 22 janvier \u00e020h \u00e0 l\u2019\u00e9glise St-Etienne de Bl\u00e9nod-les-Pont-\u00e0-Mousson<\/span><br \/><span style=\"color: #000000;\">&#8211; Mercredi 24 janvier \u00e0 20h \u00e0 la chapelle Ste-Jeanne-d\u2019Arc d\u2019Ecrouves<\/span><\/p>\n<p><span style=\"color: #000000;\"><span style=\"text-decoration: underline;\"><strong>71<sup>\u00e8me<\/sup> Journ\u00e9e mondiale des malades de la l\u00e8pre, le 28 janvier<br \/><\/strong><\/span><strong style=\"font-size: revert;\"><em>Parce que la l\u00e8pre d\u00e9chire encore des vies<br \/><\/em><\/strong>Depuis 71 ans, la Fondation Raoul Follereau \u0153uvre contre l\u2019exclusion caus\u00e9e par la l\u00e8pre. Aujourd\u2019hui, la Fondation consacre une partie de ses moyens dans 4 pays prioritaires\u00a0: le B\u00e9nin, le Tchad, la C\u00f4te d\u2019Ivoire et Madagascar. <strong>A la sortie des messes des<\/strong> <strong>27 et 28 janvier 2024, des qu\u00eateurs nous solliciteront.<\/strong><\/span><\/p>\n<p><span style=\"color: #000000;\"><span style=\"text-decoration: underline;\"><strong>Retraite franciscaine au Centre spirituel dioc\u00e9sain :<br \/><\/strong><\/span><strong>Du vendredi 26 janvier \u00e0 18h au dimanche 28 janvier \u00e0 16h, un retraite franciscaine <\/strong><em>\u2018\u2019Suivre J\u00e9sus avec Saint Fran\u00e7ois d\u2019Assise et Padre Pio\u2019\u2019 <\/em>anim\u00e9e par le p\u00e8re Jean-Micha\u00ebl Munier. Contact Elisabeth Chaumont 07 83 31 18 99.<\/span><\/p>\n<p><span style=\"color: #000000;\"><span style=\"text-decoration: underline;\"><strong>Conf\u00e9rence sur Sainte Odile et ses moniales :<br \/><\/strong><\/span><strong>Le samedi 27 janvier de 10h \u00e0 midi<\/strong> au Centre Spirituel dioc\u00e9sain par Martine Boich\u00e9.<\/span><\/p>\n<p><span style=\"color: #000000;\"><span style=\"text-decoration: underline;\"><strong>Spectacle : <em>Le cur\u00e9 fait sa crise\u00a0!<br \/><\/em><\/strong><\/span><strong>Le vendredi 9 f\u00e9vrier de 20h \u00e0 21h30 \u00e0 l\u2019Eglise Saint S\u00e9bastien de Nancy<\/strong>, spectacle propos\u00e9 par le service dioc\u00e9sain des vocations. Le spectacle\u00a0est une adaptation du roman par Jean Mercier en 2016. Cette histoire interpelle avec humour les personnes investies de pr\u00e8s ou de loin dans la vie d\u2019une paroisse. Une fable passionnante, dr\u00f4le et qui fait du bien, o\u00f9 on rit, o\u00f9 on se retrouve, o\u00f9 on \u00e9veille subtilement les consciences sur les r\u00e9alit\u00e9s de la vie d\u2019un pr\u00eatre en paroisse. R\u00e9server sa place aupr\u00e8s du p\u00e8re Etienne d\u2018Hausen.(15 euros) ou sur le site du dioc\u00e8se.<\/span><\/p>\n<p><span style=\"color: #000000;\"><span style=\"text-decoration: underline;\"><strong>Spectacle musical\u00a0: Bernadette de Lourdes<br \/><\/strong><\/span><strong>Samedi 20 avril \u00e0 20h<\/strong> : Spectacle musical de \u00ab Bernadette de Lourdes \u00bb Galaxie d\u2019Amn\u00e9ville, propos\u00e9 par le service dioc\u00e9sain des p\u00e8lerinages de Nancy. Tarif : Forfait (transport + billet en cat\u00e9gorie 2) \u00e0 65 \u20acuros. Deux circuits. <strong>Inscrivez-vous rapidement (si possible avant le 04 f\u00e9vrier<\/strong>), le nombre de places \u00e9tant limit\u00e9 \u00e0 55 places par circuit. Plus de d\u00e9tails au secr\u00e9tariat et pour s\u2019inscrire : Se connecter sur le site du dioc\u00e8se.<\/span><\/p>\n<p>\u00a0<\/p>\n<p>\u00a0<\/p>\n<p>\u00a0<\/p>\n<p>\u00a0<\/p>\n","protected":false},"excerpt":{"rendered":"<p>Confirmation :Les jeunes de notre secteur se pr\u00e9parant \u00e0 la confirmation se retrouvent le samedi 20 janvier pour leur premier temps fort. Ils seront au coll\u00e8ge de la Malgrange avec les jeunes du secteur Nancy-Ouest et ceux du Coll\u00e8ge. Les parents sont invit\u00e9s \u00e0 les rejoindre \u00e0 18h pour la messe. Contact\u00a0: Alexandre-Marie Valder\u00a0: amvalder@lilo.org.&hellip; <br \/> <a class=\"read-more\" href=\"https:\/\/paroisses-nancy-sud.fr\/HOME\/annonces-de-saint-francois-de-sales-et-sainte-jeanne-de-chantal-du-21-janvier\/\">Lire la suite<\/a><\/p>\n","protected":false},"author":5,"featured_media":2464,"comment_status":"closed","ping_status":"open","sticky":false,"template":"","format":"standard","meta":[],"categories":[7],"tags":[],"acf":[],"_links":{"self":[{"href":"https:\/\/paroisses-nancy-sud.fr\/HOME\/wp-json\/wp\/v2\/posts\/3569"}],"collection":[{"href":"https:\/\/paroisses-nancy-sud.fr\/HOME\/wp-json\/wp\/v2\/posts"}],"about":[{"href":"https:\/\/paroisses-nancy-sud.fr\/HOME\/wp-json\/wp\/v2\/types\/post"}],"author":[{"embeddable":true,"href":"https:\/\/paroisses-nancy-sud.fr\/HOME\/wp-json\/wp\/v2\/users\/5"}],"replies":[{"embeddable":true,"href":"https:\/\/paroisses-nancy-sud.fr\/HOME\/wp-json\/wp\/v2\/comments?post=3569"}],"version-history":[{"count":3,"href":"https:\/\/paroisses-nancy-sud.fr\/HOME\/wp-json\/wp\/v2\/posts\/3569\/revisions"}],"predecessor-version":[{"id":3589,"href":"https:\/\/paroisses-nancy-sud.fr\/HOME\/wp-json\/wp\/v2\/posts\/3569\/revisions\/3589"}],"wp:featuredmedia":[{"embeddable":true,"href":"https:\/\/paroisses-nancy-sud.fr\/HOME\/wp-json\/wp\/v2\/media\/2464"}],"wp:attachment":[{"href":"https:\/\/paroisses-nancy-sud.fr\/HOME\/wp-json\/wp\/v2\/media?parent=3569"}],"wp:term":[{"taxonomy":"category","embeddable":true,"href":"https:\/\/paroisses-nancy-sud.fr\/HOME\/wp-json\/wp\/v2\/categories?post=3569"},{"taxonomy":"post_tag","embeddable":true,"href":"https:\/\/paroisses-nancy-sud.fr\/HOME\/wp-json\/wp\/v2\/tags?post=3569"}],"curies":[{"name":"wp","href":"https:\/\/api.w.org\/{rel}","templated":true}]}}