{"id":3571,"date":"2024-01-20T18:58:32","date_gmt":"2024-01-20T17:58:32","guid":{"rendered":"https:\/\/paroisses-nancy-sud.fr\/HOME\/?p=3571"},"modified":"2024-01-20T18:58:32","modified_gmt":"2024-01-20T17:58:32","slug":"tous-uniques-confirmes-ensemble","status":"publish","type":"post","link":"https:\/\/paroisses-nancy-sud.fr\/HOME\/tous-uniques-confirmes-ensemble\/","title":{"rendered":"Tous uniques, confirm\u00e9s ensemble"},"content":{"rendered":"\n<p><span style=\"color: #000000;\">Des adolescents de nos paroisses d\u00e9butent leur parcours vers la confirmation, et ils vont le faire ensemble. Pour des raisons pratiques, bien s\u00fbr\u00a0: c&rsquo;est plus facile et plus ludique. Ce n&rsquo;est pas la raison la plus fondamentale. Aucun sacrement n&rsquo;est une aventure personnelle. On ne se baptise pas tout seul, on ne se confesse pas tout seul, et surtout on ne le fait pas uniquement pour soi. Celui qui re\u00e7oit le bapt\u00eame devient une pierre vivante qui entre dans la construction du peuple de Dieu. Lorsqu&rsquo;une personne re\u00e7oit le pardon de ses p\u00e9ch\u00e9s, toute l&rsquo;\u00c9glise se porte mieux. Lorsque quelqu&rsquo;un est confirm\u00e9, la foi de tous est renouvel\u00e9e. Pour nous, disciples de J\u00e9sus, \u00ab\u00a0un\u00a0\u00bb est ins\u00e9parable de \u00ab\u00a0tous\u00a0\u00bb.<\/span><\/p>\n<p><span style=\"color: #000000;\">Le 16 novembre, jour de la confirmation, ce ne sera pas n&rsquo;importe quel rassemblement. Sous la pr\u00e9sidence de l&rsquo;\u00e9v\u00eaque, successeur des ap\u00f4tres, ce sera une assembl\u00e9e d&rsquo;\u00c9glise autour du Christ. Chacun y viendra avec son histoire personnelle pour rejoindre le grand fleuve des croyants\u00a0: Abraham, Mo\u00efse, Elie et tant d&rsquo;autres, ces saints et ces saintes dont les jeunes portent le pr\u00e9nom.<\/span><\/p>\n<p><span style=\"color: #000000;\">Ce sera d&rsquo;abord une assembl\u00e9e qui \u00e9coute et qui re\u00e7oit. Sa \u00ab\u00a0parole \u00e0 Dieu\u00a0\u00bb, ses d\u00e9sirs, ses craintes, ses projets, chaque confirmand l&rsquo;aura d\u00e9j\u00e0 exprim\u00e9e dans sa lettre de demande. Le jour de la confirmation, c&rsquo;est ensemble que tous \u00e9couteront la parole de Dieu, parole d&rsquo;hommes et de femmes o\u00f9 Dieu fait entendre sa propre voix, son propre projet pour les hommes et les femmes qu&rsquo;il aime.<\/span><\/p>\n<p><span style=\"color: #000000;\">Chaque confirmand, unique, connu et aim\u00e9 personnellement, sera appel\u00e9 par son pr\u00e9nom et r\u00e9pondra\u00a0: \u00ab\u00a0Me voici\u00a0!\u00a0\u00bb Tous uniques, c&rsquo;est la m\u00eame foi, la foi du bapt\u00eame, qu&rsquo;ils confesseront, interrog\u00e9s par l&rsquo;\u00e9v\u00eaque\u00a0: \u00ab\u00a0Croyez-vous&#8230;\u00a0? Je crois\u00a0!\u00a0\u00bb Ensemble toujours, ils vivront l&rsquo;imposition des mains, ce geste antique, d\u00e9j\u00e0 v\u00e9cu au bapt\u00eame, par lequel est transmis l&rsquo;Esprit Saint, le don de Dieu. En s&rsquo;approchant de l&rsquo;\u00e9v\u00eaque, chacun entendra pour lui-m\u00eame cette parole\u00a0: \u00ab\u00a0\u2026, sois marqu\u00e9(e) de l&rsquo;Esprit Saint, le don de Dieu\u00a0\u00bb.<\/span><\/p>\n<p><span style=\"color: #000000;\">Le 16 novembre prochain, ils seront confirm\u00e9s ensemble dans la m\u00eame foi, recevront ensemble le m\u00eame Esprit Saint. Chacun \u00e9tant unique, ce sera \u00e0 chacun de d\u00e9couvrir comment mettre en \u0153uvre concr\u00e8tement, personnellement, dans sa propre vie, l&rsquo;onction re\u00e7ue, la grande et belle mission d&rsquo;\u00eatre disciple de J\u00e9sus, consacr\u00e9 pour \u00eatre pr\u00eatre, proph\u00e8te et roi.<\/span><\/p>\n<p><span style=\"color: #000000;\">D\u00e8s aujourd&rsquo;hui, prions tous pour chacun.<\/span><\/p>\n<p style=\"text-align: right;\"><span style=\"color: #000000;\"><em>Alexandre-Marie Valder, pr\u00eatre.<\/em><\/span><\/p>\n","protected":false},"excerpt":{"rendered":"<p>Des adolescents de nos paroisses d\u00e9butent leur parcours vers la confirmation, et ils vont le faire ensemble. Pour des raisons pratiques, bien s\u00fbr\u00a0: c&rsquo;est plus facile et plus ludique. Ce n&rsquo;est pas la raison la plus fondamentale. Aucun sacrement n&rsquo;est une aventure personnelle. On ne se baptise pas tout seul, on ne se confesse pas&hellip; <br \/> <a class=\"read-more\" href=\"https:\/\/paroisses-nancy-sud.fr\/HOME\/tous-uniques-confirmes-ensemble\/\">Lire la suite<\/a><\/p>\n","protected":false},"author":9,"featured_media":529,"comment_status":"closed","ping_status":"open","sticky":false,"template":"","format":"standard","meta":[],"categories":[6],"tags":[],"acf":[],"_links":{"self":[{"href":"https:\/\/paroisses-nancy-sud.fr\/HOME\/wp-json\/wp\/v2\/posts\/3571"}],"collection":[{"href":"https:\/\/paroisses-nancy-sud.fr\/HOME\/wp-json\/wp\/v2\/posts"}],"about":[{"href":"https:\/\/paroisses-nancy-sud.fr\/HOME\/wp-json\/wp\/v2\/types\/post"}],"author":[{"embeddable":true,"href":"https:\/\/paroisses-nancy-sud.fr\/HOME\/wp-json\/wp\/v2\/users\/9"}],"replies":[{"embeddable":true,"href":"https:\/\/paroisses-nancy-sud.fr\/HOME\/wp-json\/wp\/v2\/comments?post=3571"}],"version-history":[{"count":1,"href":"https:\/\/paroisses-nancy-sud.fr\/HOME\/wp-json\/wp\/v2\/posts\/3571\/revisions"}],"predecessor-version":[{"id":3572,"href":"https:\/\/paroisses-nancy-sud.fr\/HOME\/wp-json\/wp\/v2\/posts\/3571\/revisions\/3572"}],"wp:featuredmedia":[{"embeddable":true,"href":"https:\/\/paroisses-nancy-sud.fr\/HOME\/wp-json\/wp\/v2\/media\/529"}],"wp:attachment":[{"href":"https:\/\/paroisses-nancy-sud.fr\/HOME\/wp-json\/wp\/v2\/media?parent=3571"}],"wp:term":[{"taxonomy":"category","embeddable":true,"href":"https:\/\/paroisses-nancy-sud.fr\/HOME\/wp-json\/wp\/v2\/categories?post=3571"},{"taxonomy":"post_tag","embeddable":true,"href":"https:\/\/paroisses-nancy-sud.fr\/HOME\/wp-json\/wp\/v2\/tags?post=3571"}],"curies":[{"name":"wp","href":"https:\/\/api.w.org\/{rel}","templated":true}]}}