{"id":3582,"date":"2024-01-18T19:18:02","date_gmt":"2024-01-18T18:18:02","guid":{"rendered":"https:\/\/paroisses-nancy-sud.fr\/HOME\/?p=3582"},"modified":"2024-01-24T13:41:54","modified_gmt":"2024-01-24T12:41:54","slug":"prier-avec-loeuvre-dart-de-janvier","status":"publish","type":"post","link":"https:\/\/paroisses-nancy-sud.fr\/HOME\/prier-avec-loeuvre-dart-de-janvier\/","title":{"rendered":"Prier avec l&rsquo;\u0153uvre d&rsquo;art de Janvier"},"content":{"rendered":"\n<p style=\"text-align: center;\"><span style=\"color: #000000;\"><strong><em>Ic\u00f4ne repr\u00e9sentant le bapt\u00eame de J\u00e9sus<\/em><\/strong><\/span><\/p>\n<p><span style=\"color: #000000;\"><strong>En ces jours-l\u00e0, J\u00e9sus vint de Nazareth, ville de Galil\u00e9e, et il fut baptis\u00e9 par Jean dans le Jourdain. Et aussit\u00f4t, en remontant de l\u2019eau, il vit les cieux se d\u00e9chirer et l\u2019Esprit descendre sur lui comme une colombe. Il y eut une voix venant des cieux : \u00ab Tu es mon Fils bien-aim\u00e9 ; en toi, je trouve ma joie.<\/strong><\/span><\/p>\n<p><span style=\"color: #000000;\"><strong>Marc 1, 9-11<\/strong><\/span><\/p>\n<p><span style=\"color: #000000;\">\u00c0 la fin du temps de No\u00ebl, l\u2019\u00c9glise c\u00e9l\u00e8bre le bapt\u00eame du Seigneur, un \u00e9v\u00e9nement qui eut lieu bien des ann\u00e9es apr\u00e8s la naissance de J\u00e9sus, au tout d\u00e9but de sa pr\u00e9dication. C\u2019est comme s\u2019il s\u2019agissait de nous rappeler, avant d\u2019entrer dans le temps ordinaire, qui est celui qui est n\u00e9 \u00e0 Bethl\u00e9em.<\/span><\/p>\n<p><span style=\"color: #000000;\">J\u00e9sus n\u2019a pas \u00e9t\u00e9 adopt\u00e9 par Dieu le jour de son bapt\u00eame. Lors qu\u2019il fut baptis\u00e9 par son cousin Jean le Baptiste, que nous voyons sur le c\u00f4t\u00e9, alors fut manifest\u00e9, pour quelques instants, ce qui \u00e9tait d\u00e9j\u00e0 depuis toute \u00e9ternit\u00e9\u00a0: celui-ci est le Fils bien-aim\u00e9 du P\u00e8re des cieux, celui sur qui repose en pl\u00e9nitude l\u2019Esprit Saint. Nous retrouverons les m\u00eames signes et les m\u00eames paroles au moment de la transfiguration.<\/span><\/p>\n<p><span style=\"color: #000000;\">J\u00e9sus de Nazareth, un homme semblable \u00e0 nous, n\u00e9 d\u2019une femme, peut en toute v\u00e9rit\u00e9 appeler Dieu son P\u00e8re. Ce n\u2019est pas juste une image pour dire que Dieu est le cr\u00e9ateur et l\u2019origine de tout \u00eatre. J\u00e9sus est le Fils unique, le premier-n\u00e9 d\u2019une multitude de fr\u00e8res et de s\u0153urs.\u00a0<em>\u00ab Va trouver mes fr\u00e8res, dit J\u00e9sus ressuscit\u00e9 \u00e0 Marie-Madeleine, pour leur dire que je monte vers mon P\u00e8re et votre P\u00e8re, vers mon Dieu et votre Dieu. \u00bb<\/em>\u00a0(Jean 20, 17)<\/span><\/p>\n<p><span style=\"color: #000000;\">En effet, cette relation absolument unique que J\u00e9sus a avec Dieu, il l\u2019ouvre \u00e0 toute personne qui croit :\u00a0<em>\u00ab \u00c0 tous ceux qui l\u2019ont re\u00e7u, il a donn\u00e9 de pouvoir devenir enfants de Dieu, eux qui croient en son nom \u00bb<\/em>\u00a0(Jean 1, 12). Depuis le jour de son propre bapt\u00eame, tout chr\u00e9tien peut parler \u00e0 Dieu et lui dire en toute v\u00e9rit\u00e9 \u00ab Notre P\u00e8re \u00bb. C\u2019est bien pourquoi le bapt\u00eame d\u2019un petit enfant se conclut par la pri\u00e8re du Notre P\u00e8re que ses parents, parrain et marraine s\u2019engagent ainsi \u00e0 lui transmettre.<\/span><\/p>\n<p><span style=\"color: #000000;\">Le bapt\u00eame de J\u00e9sus nous renvoie donc \u00e0 notre propre bapt\u00eame. Par sa parole puissante, la m\u00eame parole qui a cr\u00e9\u00e9 toute chose, Dieu a fait de tout baptis\u00e9 son fils ou sa fille. R\u00e9jouissons-nous de pouvoir r\u00e9pondre \u00e0 cette parole par ces paroles que nous avons re\u00e7ues de nos anc\u00eatres dans la foi\u00a0:\u00a0<em>\u00ab\u00a0Notre P\u00e8re\u2026\u00a0\u00bb<\/em><\/span><\/p>\n<p style=\"text-align: center;\">\u00a0<\/p>\n<p>\u00a0<\/p>\n","protected":false},"excerpt":{"rendered":"<p>Ic\u00f4ne repr\u00e9sentant le bapt\u00eame de J\u00e9sus En ces jours-l\u00e0, J\u00e9sus vint de Nazareth, ville de Galil\u00e9e, et il fut baptis\u00e9 par Jean dans le Jourdain. Et aussit\u00f4t, en remontant de l\u2019eau, il vit les cieux se d\u00e9chirer et l\u2019Esprit descendre sur lui comme une colombe. Il y eut une voix venant des cieux : \u00ab&hellip; <br \/> <a class=\"read-more\" href=\"https:\/\/paroisses-nancy-sud.fr\/HOME\/prier-avec-loeuvre-dart-de-janvier\/\">Lire la suite<\/a><\/p>\n","protected":false},"author":5,"featured_media":3580,"comment_status":"closed","ping_status":"open","sticky":false,"template":"","format":"standard","meta":[],"categories":[1],"tags":[],"acf":[],"_links":{"self":[{"href":"https:\/\/paroisses-nancy-sud.fr\/HOME\/wp-json\/wp\/v2\/posts\/3582"}],"collection":[{"href":"https:\/\/paroisses-nancy-sud.fr\/HOME\/wp-json\/wp\/v2\/posts"}],"about":[{"href":"https:\/\/paroisses-nancy-sud.fr\/HOME\/wp-json\/wp\/v2\/types\/post"}],"author":[{"embeddable":true,"href":"https:\/\/paroisses-nancy-sud.fr\/HOME\/wp-json\/wp\/v2\/users\/5"}],"replies":[{"embeddable":true,"href":"https:\/\/paroisses-nancy-sud.fr\/HOME\/wp-json\/wp\/v2\/comments?post=3582"}],"version-history":[{"count":2,"href":"https:\/\/paroisses-nancy-sud.fr\/HOME\/wp-json\/wp\/v2\/posts\/3582\/revisions"}],"predecessor-version":[{"id":3587,"href":"https:\/\/paroisses-nancy-sud.fr\/HOME\/wp-json\/wp\/v2\/posts\/3582\/revisions\/3587"}],"wp:featuredmedia":[{"embeddable":true,"href":"https:\/\/paroisses-nancy-sud.fr\/HOME\/wp-json\/wp\/v2\/media\/3580"}],"wp:attachment":[{"href":"https:\/\/paroisses-nancy-sud.fr\/HOME\/wp-json\/wp\/v2\/media?parent=3582"}],"wp:term":[{"taxonomy":"category","embeddable":true,"href":"https:\/\/paroisses-nancy-sud.fr\/HOME\/wp-json\/wp\/v2\/categories?post=3582"},{"taxonomy":"post_tag","embeddable":true,"href":"https:\/\/paroisses-nancy-sud.fr\/HOME\/wp-json\/wp\/v2\/tags?post=3582"}],"curies":[{"name":"wp","href":"https:\/\/api.w.org\/{rel}","templated":true}]}}