{"id":3600,"date":"2024-01-28T10:00:00","date_gmt":"2024-01-28T09:00:00","guid":{"rendered":"https:\/\/paroisses-nancy-sud.fr\/HOME\/?p=3600"},"modified":"2024-01-27T19:28:06","modified_gmt":"2024-01-27T18:28:06","slug":"aujourdhui-ecouterez-vous-sa-parole","status":"publish","type":"post","link":"https:\/\/paroisses-nancy-sud.fr\/HOME\/aujourdhui-ecouterez-vous-sa-parole\/","title":{"rendered":"<strong>\u00ab\u00a0Aujourd&rsquo;hui \u00e9couterez-vous sa parole\u00a0?\u00a0\u00bb<\/strong>"},"content":{"rendered":"\n<p><span style=\"color: #000000;\">\u00ab\u00a0Aujourd&rsquo;hui \u00e9couterez-vous sa parole\u00a0?\u00a0\u00bb Chaque matin, les diacres, les pr\u00eatres et les \u00e9v\u00eaques, les vierges consacr\u00e9es, les religieuses et les religieux, toutes les personnes qui prient la liturgie des heures commencent leur journ\u00e9e en priant le psaume 94 et en r\u00e9entendant ces mots\u00a0: \u00ab\u00a0Aujourd&rsquo;hui \u00e9couterez-vous sa parole\u00a0?\u00a0\u00bb<\/span><\/p>\n<p><span style=\"color: #000000;\">Ce matin, dans la synagogue de Capharna\u00fcm, le Seigneur J\u00e9sus enseigne en homme qui a autorit\u00e9, et non pas comme les scribes. La parole de J\u00e9sus n&rsquo;est pas seulement une information sur Dieu. D&rsquo;ailleurs, nous ne savons m\u00eame pas ce qu&rsquo;il a dit ce jour-l\u00e0. Ce n&rsquo;est pas ce qui est dit qui compte\u00a0; ce qui compte, c&rsquo;est la personne qui parle et ceux \u00e0 qui elle s&rsquo;adresse.<\/span><\/p>\n<p><span style=\"color: #000000;\">Vous l&rsquo;avez peut-\u00eatre remarqu\u00e9\u00a0: le psaume 94 que nous avons lu joue avec la premi\u00e8re et la deuxi\u00e8me personne du pluriel\u00a0: \u00ab\u00a0Venez&#8230; crions de joie&#8230; acclamons&#8230; entrez&#8230; inclinez-vous&#8230; prosternez-vous&#8230; adorons&#8230;\u00a0\u00bb Quelqu&rsquo;un s&rsquo;adresse \u00e0 nous\u00a0; tant\u00f4t il nous exhorte \u00e0 c\u00e9l\u00e9brer le Seigneur, tant\u00f4t il ne fait qu&rsquo;un avec nous pour le faire.<\/span><\/p>\n<p><span style=\"color: #000000;\">Nous pouvons reconna\u00eetre ici la voix du Seigneur J\u00e9sus, homme comme nous et Dieu pour nous. Cela peut aussi \u00eatre la voix de n&rsquo;importe quel porte-parole de Dieu, n&rsquo;importe quel proph\u00e8te comme celui dont parle Dieu dans la premi\u00e8re lecture\u00a0: \u00ab\u00a0Je ferai se lever au milieu de leurs fr\u00e8res un proph\u00e8te comme toi\u00a0; je mettrai dans sa bouche mes paroles, et il leur dira tout ce que je lui prescrirai.\u00a0\u00bb<\/span><\/p>\n<p><span style=\"color: #000000;\">Nous ne savons donc pas ce qu&rsquo;a dit J\u00e9sus ce jour-l\u00e0. Ce que nous savons, c&rsquo;est que sa seule pr\u00e9sence a boulevers\u00e9 ses auditeurs\u00a0; ceux qui l&rsquo;\u00e9coutent sont frapp\u00e9s par son enseignement et l&rsquo;esprit mauvais qui tourmentait un homme ne peut supporter cette pr\u00e9sence et cette parole. Aussit\u00f4t, il se manifeste comme quelqu&rsquo;un que la parole d\u00e9range\u00a0: \u00ab\u00a0Es-tu venu pour nous perdre\u00a0?\u00a0\u00bb<\/span><\/p>\n<p><span style=\"color: #000000;\">La parole de Dieu nous interpelle\u00a0; elle nous provoque. Provoquer appartient \u00e0 la m\u00eame famille de mots qu&rsquo;invoquer, convoquer ou vocation\u00a0: il est toujours question d&rsquo;une voix qui appelle et qui exige une r\u00e9ponse concr\u00e8te. Lorsque le Seigneur parle, il faut r\u00e9pondre d&rsquo;une mani\u00e8re ou d&rsquo;une autre. Il n&rsquo;y a pas de neutralit\u00e9 possible. Choisir de faire comme si Dieu ne parlait pas, choisir de ne pas tenir compte de la parole, choisir l&rsquo;indiff\u00e9rence, c&rsquo;est d\u00e9j\u00e0 choisir.<\/span><\/p>\n<p><span style=\"color: #000000;\">\u00ab\u00a0Aujourd&rsquo;hui \u00e9couterez-vous sa parole\u00a0?\u00a0\u00bb interroge le psaume 94. Une fois encore, la parole de Dieu n&rsquo;est pas l\u00e0 pour nous informer, mais pour nous transformer. Ecouter, pour les gens de la Bible, pour les amis de Dieu, c&rsquo;est toujours en m\u00eame temps pratiquer, mettre en \u0153uvre, ob\u00e9ir. D&rsquo;ailleurs, ob\u00e9ir signifie avant tout \u00e9couter une parole qui vient de plus grand que soi.<\/span><\/p>\n<p><span style=\"color: #000000;\">\u00c0 propos du proph\u00e8te, Dieu disait aussi ceci dans la premi\u00e8re lecture\u00a0: \u00ab\u00a0Si quelqu\u2019un n\u2019\u00e9coute pas les paroles que ce proph\u00e8te prononcera en mon nom, moi-m\u00eame je lui en demanderai compte.\u00a0\u00bb La parole que Dieu nous adresse nous provoque\u00a0: allons-nous l&rsquo;\u00e9couter ou pas\u00a0?<\/span><\/p>\n<p><span style=\"color: #000000;\">\u00ab\u00a0C\u2019est dans votre int\u00e9r\u00eat que je dis cela, \u00e9crit saint Paul aux Corinthiens. Ce n\u2019est pas pour vous tendre un pi\u00e8ge, mais pour vous proposer ce qui est bien, afin que vous soyez attach\u00e9s au Seigneur sans partage.\u00a0\u00bb Ecouter la parole de Dieu, l&rsquo;\u00e9couter vraiment et la mettre en pratique, c&rsquo;est bien autre chose qu&rsquo;appliquer des r\u00e8gles qui prescrivent ce qui est obligatoire, permis ou d\u00e9fendu, pur ou impur\u00a0; ce qui compte vraiment, c&rsquo;est d&rsquo;\u00eatre attach\u00e9 au Seigneur.<\/span><\/p>\n<p><span style=\"color: #000000;\">Lorsque je rencontre quelqu&rsquo;un pour la premi\u00e8re fois et que je dis quelque chose comme\u00a0: \u00ab\u00a0Il fait beau aujourd&rsquo;hui, mais le fond de l&rsquo;air est un peu frais\u00a0\u00bb, ou tout simplement \u00ab\u00a0Bonjour\u00a0\u00bb, ce qui compte vraiment, c&rsquo;est que la personne me r\u00e9ponde, qu&rsquo;elle entre en relation avec moi. Lorsqu&rsquo;un papa ou une maman dit \u00e0 ses enfants\u00a0: \u00abVenez, allons ensemble \u2013 encore le jeu du vous et du nous \u2013 jusqu&rsquo;\u00e0 la boulangerie pour acheter du pain\u00a0\u00bb, ce qui compte vraiment, ce n&rsquo;est pas le pain \u00e0 acheter, mais le fait d&rsquo;\u00eatre ensemble.<\/span><\/p>\n<p><span style=\"color: #000000;\">De m\u00eame, lorsque J\u00e9sus nous disait dimanche dernier\u00a0: \u00ab\u00a0Convertissez-vous et croyez \u00e0 l&rsquo;\u00c9vangile&#8230; Venez \u00e0 ma suite&#8230;\u00a0\u00bb il nous parle de relation et non pas de soumission.<\/span><\/p>\n<p><span style=\"color: #000000;\">\u00ab\u00a0Aujourd&rsquo;hui \u00e9couterez-vous sa parole\u00a0?\u00a0\u00bb redisons-nous chaque matin dans la liturgie des heures. Ce simple verset est une bonne nouvelle, comme toute parole de Dieu est une bonne nouvelle.<\/span><\/p>\n<p><span style=\"color: #000000;\">Chaque matin, chaque jour, chaque fois que nous entendons proclamer la parole\u00a0 de Dieu, chaque fois que nous ouvrons la Bible afin de la lire dans un esprit de pri\u00e8re, aujourd&rsquo;hui, c&rsquo;est toujours un jour nouveau. C&rsquo;est \u00e0 chaque fois le Seigneur J\u00e9sus qui se rend \u00e0 la synagogue de Capharna\u00fcm et qui enseigne avec autorit\u00e9. \u00c0 chaque fois.<\/span><\/p>\n<p><span style=\"color: #000000;\">M\u00eame si nous avons n\u00e9glig\u00e9 mille occasions d&rsquo;\u00e9couter sa parole hier, m\u00eame si nous avons v\u00e9cu cinquante ans sans \u00e9couter sa parole, aujourd&rsquo;hui peut toujours \u00eatre diff\u00e9rent. Hier, j&rsquo;ai peut-\u00eatre \u00e9t\u00e9 comme le peuple de la premi\u00e8re lecture qui criait\u00a0: \u00ab\u00a0Je ne veux plus entendre la voix du Seigneur mon Dieu\u00a0!\u00a0\u00bb\u00a0; j&rsquo;ai peut-\u00eatre ferm\u00e9 mon c\u0153ur comme au d\u00e9sert\u00a0; la question m&rsquo;est \u00e0 nouveau pos\u00e9e\u00a0: \u00ab\u00a0Aujourd&rsquo;hui, \u00e9couteras-tu sa parole\u00a0?\u00a0\u00bb<\/span><\/p>\n<p><span style=\"color: #000000;\">M\u00eame si j&rsquo;ai fait la sourde oreille hier, aujourd&rsquo;hui il m&rsquo;est \u00e0 nouveau propos\u00e9 d&rsquo;\u00e9couter sa parole \u00e0 neuf. Avec le Seigneur, avec sa parole, aujourd&rsquo;hui je peux toujours reprendre le bon chemin, aujourd&rsquo;hui je peux toujours \u00e9couter, m&rsquo;approcher, adorer, bref\u00a0! aujourd&rsquo;hui est toujours un bon jour pour commencer.<\/span><\/p>\n<p style=\"text-align: right;\"><span style=\"color: #000000;\"><em>P\u00e8re Alexandre-Marie Valder,<\/em><\/span><\/p>\n\n\n\n<p>\u00a0<\/p>\n<p>\u00a0<\/p>\n<p style=\"text-align: right;\">\u00a0<\/p>\n","protected":false},"excerpt":{"rendered":"<p>\u00ab\u00a0Aujourd&rsquo;hui \u00e9couterez-vous sa parole\u00a0?\u00a0\u00bb Chaque matin, les diacres, les pr\u00eatres et les \u00e9v\u00eaques, les vierges consacr\u00e9es, les religieuses et les religieux, toutes les personnes qui prient la liturgie des heures commencent leur journ\u00e9e en priant le psaume 94 et en r\u00e9entendant ces mots\u00a0: \u00ab\u00a0Aujourd&rsquo;hui \u00e9couterez-vous sa parole\u00a0?\u00a0\u00bb Ce matin, dans la synagogue de Capharna\u00fcm, le&hellip; <br \/> <a class=\"read-more\" href=\"https:\/\/paroisses-nancy-sud.fr\/HOME\/aujourdhui-ecouterez-vous-sa-parole\/\">Lire la suite<\/a><\/p>\n","protected":false},"author":9,"featured_media":290,"comment_status":"closed","ping_status":"open","sticky":false,"template":"","format":"standard","meta":[],"categories":[9],"tags":[],"acf":[],"_links":{"self":[{"href":"https:\/\/paroisses-nancy-sud.fr\/HOME\/wp-json\/wp\/v2\/posts\/3600"}],"collection":[{"href":"https:\/\/paroisses-nancy-sud.fr\/HOME\/wp-json\/wp\/v2\/posts"}],"about":[{"href":"https:\/\/paroisses-nancy-sud.fr\/HOME\/wp-json\/wp\/v2\/types\/post"}],"author":[{"embeddable":true,"href":"https:\/\/paroisses-nancy-sud.fr\/HOME\/wp-json\/wp\/v2\/users\/9"}],"replies":[{"embeddable":true,"href":"https:\/\/paroisses-nancy-sud.fr\/HOME\/wp-json\/wp\/v2\/comments?post=3600"}],"version-history":[{"count":3,"href":"https:\/\/paroisses-nancy-sud.fr\/HOME\/wp-json\/wp\/v2\/posts\/3600\/revisions"}],"predecessor-version":[{"id":3603,"href":"https:\/\/paroisses-nancy-sud.fr\/HOME\/wp-json\/wp\/v2\/posts\/3600\/revisions\/3603"}],"wp:featuredmedia":[{"embeddable":true,"href":"https:\/\/paroisses-nancy-sud.fr\/HOME\/wp-json\/wp\/v2\/media\/290"}],"wp:attachment":[{"href":"https:\/\/paroisses-nancy-sud.fr\/HOME\/wp-json\/wp\/v2\/media?parent=3600"}],"wp:term":[{"taxonomy":"category","embeddable":true,"href":"https:\/\/paroisses-nancy-sud.fr\/HOME\/wp-json\/wp\/v2\/categories?post=3600"},{"taxonomy":"post_tag","embeddable":true,"href":"https:\/\/paroisses-nancy-sud.fr\/HOME\/wp-json\/wp\/v2\/tags?post=3600"}],"curies":[{"name":"wp","href":"https:\/\/api.w.org\/{rel}","templated":true}]}}