{"id":3605,"date":"2024-02-04T17:01:30","date_gmt":"2024-02-04T16:01:30","guid":{"rendered":"https:\/\/paroisses-nancy-sud.fr\/HOME\/?p=3605"},"modified":"2024-02-04T17:01:30","modified_gmt":"2024-02-04T16:01:30","slug":"annonces-de-la-paroisse-de-la-visitation-du-4-fevrier","status":"publish","type":"post","link":"https:\/\/paroisses-nancy-sud.fr\/HOME\/annonces-de-la-paroisse-de-la-visitation-du-4-fevrier\/","title":{"rendered":"Annonces de la paroisse de la Visitation du 4 f\u00e9vrier"},"content":{"rendered":"\n<p><span style=\"color: #000000;\"><a style=\"color: #000000;\" href=\"https:\/\/www.calameo.com\/books\/005469738896704a36375\"><strong>Livret de la pri\u00e8re 2024<\/strong><\/a>. Pour pr\u00e9parer les fid\u00e8les au\u00a0<a style=\"color: #000000;\" href=\"https:\/\/www.iubilaeum2025.va\/fr\/giubileo-2025.html\">jubil\u00e9 2025<\/a>, le Pape Fran\u00e7ois nous invite \u00e0 consacrer l\u2019ann\u00e9e 2024 \u00e0 la pri\u00e8re. Afin de nous guider mois apr\u00e8s mois, notre \u00e9v\u00eaque, Monseigneur Pierre-Yves Michel, a souhait\u00e9 mettre \u00e0 notre disposition un livret d\u2019accompagnement con\u00e7u pour d\u00e9couvrir et approfondir la pri\u00e8re.<\/span><\/p>\n<p><span style=\"color: #000000;\"><strong><span style=\"text-decoration: underline;\">Rencontre propos\u00e9e par l\u2019\u00e9quipe dioc\u00e9saine de formation spirituelle<\/span> : <\/strong>\u00a0<\/span><br \/><span style=\"color: #000000;\"><strong>Le jeudi 8 f\u00e9vrier de 20h \u00e0 22h \u00e0 Ludres<\/strong>, l\u2019\u00e9quipe dioc\u00e9saine de formation spirituelle nous rejoint dans notre secteur pastoral pour une rencontre de deux heures. Elle s\u2019adresse \u00e0 tous les curieux de la pri\u00e8re et \u00e0 ceux qui veulent renouveler leur fa\u00e7on de prier, en bref, \u00e0 tous. Deux heures pour des questions, des rep\u00e8res, une exp\u00e9rience personnelle de la pri\u00e8re, un partage.\u00a0<\/span><\/p>\n<p><span style=\"color: #000000;\"><strong>\u00a0<\/strong><strong>La messe du 10 f\u00e9vrier <\/strong>\u00e0 Maizi\u00e8res est supprim\u00e9e pour des raisons de s\u00e9curit\u00e9,<\/span><br \/><span style=\"text-decoration: underline;\"><strong><span style=\"color: #000000; text-decoration: underline;\">Une messe unique \u00e0 Neuves-Maisons le 11 f\u00e9vrier qui sera le dimanche de la sant\u00e9.<\/span><\/strong><\/span><\/p>\n<p><span style=\"color: #000000;\"><strong>Ce dimanche 11 f\u00e9vrier, le sacrement des malades<\/strong> est propos\u00e9 et sera donn\u00e9\u00a0; Merci aux personnes int\u00e9ress\u00e9es de se faire conna\u00eetre par les moyens indiqu\u00e9s ci-dessous\u00a0:<\/span><br \/><span style=\"color: #000000;\">Aux permanences \u00e0 la maison paroissiale\u00a0:<\/span><br \/><span style=\"color: #000000;\">Mardi de 14h \u00e0 16h30 et samedi de 9h30 \u00e0 11h30<\/span><br \/><span style=\"color: #000000;\">Ou par t\u00e9l\u00e9phone ou messagerie\u00a0: 03 83 47 25 54 \u2013 <a style=\"color: #000000;\" href=\"mailto:visitationmm@orange.fr\">visitationmm@orange.fr<\/a><\/span><\/p>\n<p><span style=\"color: #000000;\"><span style=\"text-decoration: underline;\"><strong>Qu\u00eate charges paroissiales<\/strong><\/span>\u00a0: Le 04 f\u00e9vrier, comme tous les premiers dimanches du mois, une qu\u00eate est assur\u00e9e pour une participation aux charges paroissiales. Elle est valable pour toute la paroisse de la Visitation. Merci pour votre don\u00a0!<\/span><\/p>\n<p><span style=\"color: #000000;\"><span style=\"text-decoration: underline;\"><strong>Le 18 f\u00e9vrier 2024\u00a0\u00e0 15h00\u00a0;<\/strong> \u00a0<\/span>Appel d\u00e9cisif des 63 cat\u00e9chum\u00e8nes de notre dioc\u00e8se\u00a0;<\/span><br \/><span style=\"color: #000000;\">Notre \u00e9v\u00eaque et les futurs baptis\u00e9s de P\u00e2ques vous invitent \u00e0 la c\u00e9l\u00e9bration de l\u2019appel d\u00e9cisif.<\/span><br \/><span style=\"color: #000000;\">Elle aura lieu le dimanche\u00a018 f\u00e9vrier\u00a0\u00e0 15h \u00e0 la\u00a0<a style=\"color: #000000;\" href=\"https:\/\/www.catholique-nancy.fr\/sites\/notre-dame-de-bonne-nouvelle\/\">cath\u00e9drale de Nancy<\/a>, et sera pr\u00e9sid\u00e9e par notre \u00e9v\u00eaque, Monseigneur Pierre-Yves Michel.<\/span><\/p>\n<p><span style=\"color: #000000;\"><strong><span style=\"text-decoration: underline;\">Le 18 f\u00e9vrier, messe des familles \u00e0 l\u2019\u00e9glise de Neuves-Maisons,<\/span> premier dimanche de Car\u00eame<\/strong>\u00a0: Entr\u00e9e en cat\u00e9chum\u00e9nat de Lo\u00efs Tritz, Louna Spagnoli, Aurore Maire, Nina Veinhard, Charlotte Kunze, Cynthia Lefevre.<\/span><\/p>\n<p><span style=\"color: #000000;\"><strong><span style=\"text-decoration: underline;\">Messes en semaine.<\/span><em><span style=\"text-decoration: underline;\">\u00a0<\/span><br \/><\/em><\/strong>Jeudi\u00a0: adoration \u00e0 16h00 et messe \u00e0 16h30 \u00e0 la chapelle.<\/span><br \/><span style=\"color: #000000;\">Vendredi\u00a0: messe \u00e0 08h20 chez les s\u0153urs \u00e0 Bainville, 67 rue Jacques Callot.<\/span><\/p>\n<p><span style=\"color: #000000;\"><span style=\"text-decoration: underline;\"><strong>\u00a0<\/strong><\/span><strong><span style=\"text-decoration: underline;\">Messes \u00e0 la Visitation<\/span><br \/><\/strong>Samedi 10 f\u00e9vrier\u00a0: pas de messe, messe unique le dimanche 11 f\u00e9vrier<\/span><br \/><span style=\"color: #000000;\">Dimanche 11 f\u00e9vrier\u00a0: 10h30 \u00e0 Neuves-Maisons, dimanche de la sant\u00e9 et sacrement des malades<\/span><\/p>\n<p><span style=\"color: #000000;\"><u><strong>Permanences \u00e0 la maison paroissiale<\/strong> :<\/u> <\/span><br \/><span style=\"color: #000000;\">Mardi de 14h \u00e0 16h30 et Samedi de 9h30 \u00e0 11h30<\/span><br \/><span style=\"color: #000000;\">tel : 03 83 47 25 54 \u2013 <em><strong>adresse mail<\/strong><\/em><strong> : <\/strong><a style=\"color: #000000;\" href=\"mailto:visitationmm@orange.fr\">visitationmm@orange.fr<\/a>\u00a0 <\/span><br \/><span style=\"color: #000000;\">Horaires des messes :\u00a0 <a style=\"color: #000000;\" href=\"https:\/\/messes.info\/\">messesinfo<\/a><em> (cliquer sur le lien)<\/em><\/span><\/p>\n","protected":false},"excerpt":{"rendered":"<p>Livret de la pri\u00e8re 2024. Pour pr\u00e9parer les fid\u00e8les au\u00a0jubil\u00e9 2025, le Pape Fran\u00e7ois nous invite \u00e0 consacrer l\u2019ann\u00e9e 2024 \u00e0 la pri\u00e8re. Afin de nous guider mois apr\u00e8s mois, notre \u00e9v\u00eaque, Monseigneur Pierre-Yves Michel, a souhait\u00e9 mettre \u00e0 notre disposition un livret d\u2019accompagnement con\u00e7u pour d\u00e9couvrir et approfondir la pri\u00e8re. Rencontre propos\u00e9e par l\u2019\u00e9quipe&hellip; <br \/> <a class=\"read-more\" href=\"https:\/\/paroisses-nancy-sud.fr\/HOME\/annonces-de-la-paroisse-de-la-visitation-du-4-fevrier\/\">Lire la suite<\/a><\/p>\n","protected":false},"author":5,"featured_media":472,"comment_status":"closed","ping_status":"open","sticky":false,"template":"","format":"standard","meta":[],"categories":[10],"tags":[],"acf":[],"_links":{"self":[{"href":"https:\/\/paroisses-nancy-sud.fr\/HOME\/wp-json\/wp\/v2\/posts\/3605"}],"collection":[{"href":"https:\/\/paroisses-nancy-sud.fr\/HOME\/wp-json\/wp\/v2\/posts"}],"about":[{"href":"https:\/\/paroisses-nancy-sud.fr\/HOME\/wp-json\/wp\/v2\/types\/post"}],"author":[{"embeddable":true,"href":"https:\/\/paroisses-nancy-sud.fr\/HOME\/wp-json\/wp\/v2\/users\/5"}],"replies":[{"embeddable":true,"href":"https:\/\/paroisses-nancy-sud.fr\/HOME\/wp-json\/wp\/v2\/comments?post=3605"}],"version-history":[{"count":1,"href":"https:\/\/paroisses-nancy-sud.fr\/HOME\/wp-json\/wp\/v2\/posts\/3605\/revisions"}],"predecessor-version":[{"id":3606,"href":"https:\/\/paroisses-nancy-sud.fr\/HOME\/wp-json\/wp\/v2\/posts\/3605\/revisions\/3606"}],"wp:featuredmedia":[{"embeddable":true,"href":"https:\/\/paroisses-nancy-sud.fr\/HOME\/wp-json\/wp\/v2\/media\/472"}],"wp:attachment":[{"href":"https:\/\/paroisses-nancy-sud.fr\/HOME\/wp-json\/wp\/v2\/media?parent=3605"}],"wp:term":[{"taxonomy":"category","embeddable":true,"href":"https:\/\/paroisses-nancy-sud.fr\/HOME\/wp-json\/wp\/v2\/categories?post=3605"},{"taxonomy":"post_tag","embeddable":true,"href":"https:\/\/paroisses-nancy-sud.fr\/HOME\/wp-json\/wp\/v2\/tags?post=3605"}],"curies":[{"name":"wp","href":"https:\/\/api.w.org\/{rel}","templated":true}]}}