{"id":3607,"date":"2024-02-04T17:17:07","date_gmt":"2024-02-04T16:17:07","guid":{"rendered":"https:\/\/paroisses-nancy-sud.fr\/HOME\/?p=3607"},"modified":"2024-02-04T17:42:12","modified_gmt":"2024-02-04T16:42:12","slug":"annonces-de-sainte-jeanne-de-chantal-et-de-saint-francois-de-sales","status":"publish","type":"post","link":"https:\/\/paroisses-nancy-sud.fr\/HOME\/annonces-de-sainte-jeanne-de-chantal-et-de-saint-francois-de-sales\/","title":{"rendered":"Annonces de Sainte-Jeanne-de-Chantal et de Saint-Fran\u00e7ois-de-Sales du 4 f\u00e9vrier"},"content":{"rendered":"\n<p><span style=\"color: #000000;\"><strong><span style=\"text-decoration: underline;\">Bapt\u00eame\u00a0<\/span><\/strong><\/span><br \/><span style=\"color: #000000;\"><strong>Ce dimanche 4 f\u00e9vrier \u00e0 Jarville<\/strong>, bapt\u00eame de Serge Antoine. Prions pour lui et sa famille.<\/span><\/p>\n<p><span style=\"color: #000000;\"><strong><span style=\"text-decoration: underline;\">Qu\u00eate du premier dimanche du mois<\/span><br \/><\/strong><strong>Ce samedi 3 f\u00e9vrier et le dimanche 4 f\u00e9vrier, la qu\u00eate <\/strong>sera faite \u00e0 la sortie des messes. Ces qu\u00eates aident \u00e0 couvrir les frais pastoraux ou de fonctionnement de nos paroisses. Merci de votre participation.<\/span><\/p>\n<p><span style=\"color: #000000;\"><strong><span style=\"text-decoration: underline;\">Parcours Alpha<\/span><\/strong><\/span><br \/><span style=\"color: #000000;\">Le mardi 6 f\u00e9vrier \u00e0 Jarville de 19h30 \u00e0 22h dans les salles \u00e0 droite de l\u2019\u00e9glise, ce sera la 4<sup>\u00e8me<\/sup> rencontre :\u00a0\u00ab\u00a0Comment savoir si j\u2019ai la foi\u00a0?\u00a0\u00bb. Il n\u2019est pas trop tard pour venir \u00e0 ce parcours\u00a0: la rencontre d\u00e9bute par un moment convivial autour d\u2019un repas, suivi d\u2019un bref expos\u00e9 puis d\u2019un temps d\u2019\u00e9change. Contact\u00a0: Odile Bonmati au 06 23 46 74 17.\u00a0<\/span><br \/><span style=\"color: #000000;\">Les 17 et 18 f\u00e9vrier les participants passeront le WE au Centre spirituel dioc\u00e9sain.<\/span><\/p>\n<p><span style=\"color: #000000;\"><strong>\u2018\u2019Seigneur, apprends-nous \u00e0 prier car nous ne savons pas prier comme il faut.\u2019\u2019<\/strong> <strong><em>Luc, 11, 1<br \/><\/em><\/strong><span style=\"text-decoration: underline;\"><strong>Ce jeudi 8 f\u00e9vrier \u00e0 Ludres, rendez-vous de 20h \u00e0 22h, <\/strong><\/span>dans les salles paroissiales,\u00a0109 rue de l\u2019\u00e9glise<strong>\u00a0<\/strong> <strong>: <\/strong>2 heures pour des <strong>questions, des rep\u00e8res, une exp\u00e9rience personnelle de la pri\u00e8re, un partage<\/strong>. Rencontre anim\u00e9e par l\u2019\u00e9quipe dioc\u00e9saine de formation spirituelle, pour tous les curieux de la pri\u00e8re et ceux qui veulent renouveler leur fa\u00e7on de prier, en bref, \u00e0 tous.<\/span><\/p>\n<p><span style=\"color: #000000;\"><span style=\"text-decoration: underline;\"><strong>Le livret de pri\u00e8res pour l&rsquo;ann\u00e9e 2024 <\/strong><\/span>propos\u00e9 par notre \u00e9v\u00eaque et l\u2019\u00e9quipe dioc\u00e9saine<strong> est toujours disponible. <\/strong>Il nous accompagne pour cette ann\u00e9e de la pri\u00e8re\u00a0: chaque mois, une double page consacr\u00e9e \u00e0 une forme de pri\u00e8re diff\u00e9rente et diverses entr\u00e9es\u00a0propos\u00e9es par th\u00e8me <em>: extraits de la Bible, textes de pri\u00e8re, photos d\u2019\u0153uvre d\u2019art, zooms sur des figures de saintet\u00e9, etc.<\/em> Un document est disponible chaque mois pour la compr\u00e9hension de l\u2019\u0153uvre d\u2019art, sur le site de nos paroisses Nancy-Sud ou celui du dioc\u00e8se.<\/span><\/p>\n<p><span style=\"color: #000000;\">N\u2019h\u00e9sitez pas \u00e0 vous le procurer. Vous pouvez participer au financement du livret (1\u20ac ou plus).<\/span><\/p>\n<p><span style=\"color: #000000;\"><span style=\"text-decoration: underline;\"><strong>Temps de pri\u00e8re dans nos paroisses<\/strong><\/span><strong><span style=\"text-decoration: underline;\">\u00a0<\/span>:<br \/><\/strong><strong>\u00a0&#8211; Pri\u00e8re des m\u00e8res<br \/><\/strong><strong style=\"font-size: revert;\">Le jeudi 8 f\u00e9vrier \u00e0 17h15 \u00e0 Jarville, <\/strong><span style=\"font-size: revert;\">pri\u00e8re des m\u00e8res dans les salles paroissiales<\/span><strong style=\"font-size: revert;\">.<\/strong><\/span><\/p>\n<p><span style=\"color: #000000;\"><strong>\u00a0 &#8211; <\/strong><strong>Pri\u00e8re du soir\u00a0: attention, pour f\u00e9vrier, 3<sup>\u00e8me<\/sup> vendredi du mois :<br \/><\/strong><strong>Le vendredi 16 f\u00e9vrier \u00e0 20h30, rendez-vous \u00e0 l\u2019\u00e9glise de Jarville\u00a0:<\/strong> La pri\u00e8re rythme notre temps. Matin, midi et soir, le chr\u00e9tien est appel\u00e9 \u00e0 se tourner vers le Dieu vivant, son Seigneur. Ainsi, \u00e0 la tomb\u00e9e du jour, <strong>\u00e0 20h30 <\/strong>: <strong><em>un quart d\u2019heure pour louer Dieu \u2013 un quart d\u2019heure pour recevoir sa Parole dans la paix \u2013 un quart d\u2019heure pour lui confier notre repos de la nuit (Complies).<\/em><\/strong><\/span><\/p>\n<p><span style=\"color: #000000;\"><strong><span style=\"text-decoration: underline;\">Horaires des messes dominicales des 10 et 11 f\u00e9vrier 2024<\/span><br \/><\/strong><strong>Samedi 10 f\u00e9vrier : 18h <\/strong>Heillecourt, Laneuveville.<\/span><br \/><span style=\"color: #000000;\"><strong>Dimanche 11 f\u00e9vrier : 10h <\/strong>Fl\u00e9ville, Flavigny<strong> \u00a0\u00a0\u00a0\u00a0\u00a0\u00a0\u00a0\u00a0\u00a0\u00a0\u00a0\u00a010h30 <\/strong>Jarville, Neuves-Maisons<strong>\u00a0\u00a0\u00a0\u00a0 <\/strong><\/span><\/p>\n<p><span style=\"color: #000000;\"><span style=\"text-decoration: underline;\"><strong>Dimanche de la sant\u00e9 \u2018<em>\u2019De partout on venait \u00e0 lui \u2019<\/em><\/strong><strong>\u2019Mc 1,45<br \/><\/strong><\/span><strong>Le dimanche 11 f\u00e9vrier 2024<\/strong>, <strong>f\u00eate de Notre-Dame de Lourdes<\/strong>, on c\u00e9l\u00e8bre en m\u00eame temps <strong>la journ\u00e9e mondiale des malades et le dimanche de la sant\u00e9.<br \/><\/strong><span style=\"font-size: revert;\">La vocation du dimanche de la sant\u00e9 est de rendre visible dans les communaut\u00e9s chr\u00e9tiennes, les soignants, les aidants, les visiteurs de malades, les \u00e9quipes d\u2019aum\u00f4nerie, le Service de l\u2019Evangile pour les Malades (SEM)\u2026tous ceux qui \u0153uvrent (parfois dans l\u2019ombre) et qui sont tellement importants, tellement essentiels pour la prise en charge des personnes malades, \u00e2g\u00e9es, handicap\u00e9es<\/span><strong style=\"font-size: revert;\">. Pensons \u00e0 proposer aux aidants, soignants, malades, ce moment de pri\u00e8re.<\/strong><\/span><\/p>\n<p><span style=\"color: #000000;\"><strong><span style=\"text-decoration: underline;\">Dimanche 11 f\u00e9vrier, table ouverte \u00e0 Jarville<\/span><br \/><\/strong><strong>Le dimanche 11 f\u00e9vrier \u00e0 Jarville, \u00e0 partir de midi, dans les salles paroissiales : <\/strong>chacun apporte de quoi partager et on fait connaissance. N\u2019h\u00e9sitez pas \u00e0 faire conna\u00eetre ce temps fraternel \u00e0 un voisin, \u00e0 un ami.<\/span><\/p>\n<p><span style=\"color: #000000;\"><span style=\"text-decoration: underline;\"><strong>Horaires du mercredi <\/strong><strong>14 f\u00e9vrier 2024\u00a0: mercredi <\/strong><\/span><strong><span style=\"text-decoration: underline;\">des Cendres<\/span> , messes avec imposition des cendres<br \/><\/strong><strong>9h \u00e0 Ludres \u2013 10h \u00e0 Viterne &#8211; 18h \u00e0 Heillecourt \u2013 18h30 \u00e0 Neuves-Maisons \u2013 19 h \u00e0 Jarville<\/strong><\/span><\/p>\n<p><span style=\"color: #000000;\"><span style=\"text-decoration: underline;\"><strong>Les temps forts des enfants et des jeunes<br \/><\/strong><\/span><strong style=\"font-size: revert;\">\u00a0&#8211; Messe des familles et temps fort cat\u00e9, l<\/strong><strong>e dimanche 18 f\u00e9vrier \u00e0 10h30, <\/strong>les enfants et leurs familles se retrouvent<strong> \u00e0 Neuves-Maisons <\/strong>pour la messe suivie du pique-nique et de leur 2<sup>\u00e8me<\/sup> temps fort.<\/span><br \/><span style=\"color: #000000;\"><strong>Un temps sp\u00e9cial-parents est pr\u00e9vu \u00e0 14h30<\/strong><\/span><\/p>\n<p><span style=\"color: #000000;\"><strong>\u00a0&#8211; Temps fort confirmation<br \/><\/strong><strong>Le samedi 17 f\u00e9vrier \u00e0 13h45 \u00e0 Jarville <\/strong>se retrouveront les confirmands (\u00e0 partir de la 4<sup>\u00e8me<\/sup>) de notre secteur Nancy-Sud et du coll\u00e8ge de la Malgrange, de Nancy-Ouest, sur le th\u00e8me de l\u2019Esprit Saint. La rencontre se terminera par la messe. <strong>Les parents sont invit\u00e9s \u00e0 rejoindre les jeunes \u00e0 18h \u00e0 l\u2019\u00e9glise de Jarville. <\/strong>Contact\u00a0: Alexandre-Marie Valder\u00a0: amvalder@lilo.org<\/span><\/p>\n<p><span style=\"color: #000000;\"><strong>&#8211; L\u2019\u00e9veil \u00e0 la foi<br \/><\/strong><strong>Le dimanche 25 f\u00e9vrier, les enfants de 3 \u00e0 7 ans et leurs parents <\/strong>se retrouveront <strong>\u00e0 9h30 \u00e0 Jarville<\/strong>, dans les salles \u00e0 droite de l\u2019\u00e9glise<\/span><\/p>\n<p><span style=\"color: #000000;\"><strong>\u00a0&#8211; Des couples se pr\u00e9parent au mariage<br \/><\/strong><strong style=\"font-size: revert;\">Les samedi et dimanche 10 et 11 f\u00e9vrier<\/strong><span style=\"font-size: revert;\"> les 13 couples du premier groupe ach\u00e8vent leur cyclede pr\u00e9paration ensemble, <\/span><strong style=\"font-size: revert;\">\u00e0 Jarville<\/strong><span style=\"font-size: revert;\">. &#8211;<\/span><strong style=\"font-size: revert;\">D\u00e8s le samedi 17 f\u00e9vrier, \u00e0 14h, le deuxi\u00e8me groupe de couples <\/strong><span style=\"font-size: revert;\">commence le cycle de pr\u00e9paration au mariage \u00e0 la maison paroissiale de<\/span><\/span><\/p>\n<p><span style=\"color: #000000;\"><span style=\"text-decoration: underline;\"><strong>AUTRES ANNONCES<br \/><\/strong><\/span><strong>\u00a0&#8211; Conf\u00e9rence \u00e0 l\u2019espace ADA : <em>\u00ab\u00a0la France d\u2019apr\u00e8s<\/em>\u00a0\u00bb.<br \/><\/strong><strong>Mardi 6 f\u00e9vrier, au domaine de l\u2019Asn\u00e9e, <\/strong><strong>conf\u00e9rence de J\u00e9r\u00f4me Fourquet, <\/strong>auteur de <em>L\u2019Archipel fran\u00e7ais<\/em> (2019) et de <em>La France sous nos yeux<\/em> (avec Jean-Laurent Cassely, 2021), analyste politique, expert en g\u00e9ographie \u00e9lectorale, directeur du d\u00e9partement Opinion \u00e0 l\u2019IFOP.<\/span><\/p>\n<p><span style=\"color: #000000;\"><strong>\u00a0&#8211; Spectacle : \u2018\u2019<em>Le cur\u00e9 fait sa crise\u00a0!\u2019\u2019<br \/><\/em><\/strong><strong>Le vendredi 9 f\u00e9vrier de 20h \u00e0 21h30 \u00e0 l\u2019Eglise Saint S\u00e9bastien de Nancy<\/strong>, spectacle propos\u00e9 par le service dioc\u00e9sain des vocations. Le spectacle\u00a0est une adaptation du roman par Jean Mercier en 2016. Cette histoire interpelle avec humour les personnes investies dans la vie d\u2019une paroisse. Une fable passionnante, dr\u00f4le et qui fait du bien, o\u00f9 on rit, o\u00f9 on se retrouve, o\u00f9 on \u00e9veille subtilement les consciences sur les r\u00e9alit\u00e9s de la vie d\u2019un pr\u00eatre en paroisse. <strong>R\u00e9server sa place aupr\u00e8s du p\u00e8re Etienne d\u2018Hausen au 06 95 39 19 74 (15 euros) ou sur <a style=\"color: #000000;\" href=\"https:\/\/www.catholique-nancy.fr\/agenda\/59561-\/\">le site du dioc\u00e8se<\/a><\/strong><strong>. <\/strong><\/span><\/p>\n<p><span style=\"color: #000000;\"><strong>\u00a0&#8211; Parcours Revivre<\/strong><strong>,<\/strong><strong>\u00a0parcours en 8 soir\u00e9es pour les personnes s\u00e9par\u00e9es<br \/><\/strong>Un chemin de reconstruction apr\u00e8s un divorce fond\u00e9 sur l\u2019accueil, la convivialit\u00e9 et la bienveillance, en toute confidentialit\u00e9.\u00a0<strong>A partir du lundi 5 f\u00e9vrier de 19h45 \u00e0 22h15<\/strong>, salle Notre-Dame des Anges, 26 rue Saint-L\u00e9on \u00e0 Nancy. Contact\u00a0: Marion Philippot 07 49 76 13 43<\/span><\/p>\n<p><span style=\"color: #000000;\"><strong>\u00a0&#8211; Spectacle musical : Bernadette de Lourdes<br \/><\/strong><strong>Samedi 20 avril \u00e0 20h<\/strong> : Spectacle musical de \u00ab Bernadette de Lourdes \u00bb Galaxie d\u2019Amn\u00e9ville, avec le service dioc\u00e9sain des p\u00e8lerinages de Nancy. Tarif : Forfait (transport + billet en cat\u00e9gorie 2) \u00e0 65 \u20acuros.. <strong>Inscrivez-vous rapidement (si possible avant le 04 f\u00e9vrier<\/strong>) Se connecter sur <a style=\"color: #000000;\" href=\"https:\/\/www.catholique-nancy.fr\/sites\/service-diocesain-des-pelerinages\/agenda\/58862-\/\">le site du dioc\u00e8se.<\/a><\/span><\/p>\n","protected":false},"excerpt":{"rendered":"<p>Bapt\u00eame\u00a0Ce dimanche 4 f\u00e9vrier \u00e0 Jarville, bapt\u00eame de Serge Antoine. Prions pour lui et sa famille. Qu\u00eate du premier dimanche du moisCe samedi 3 f\u00e9vrier et le dimanche 4 f\u00e9vrier, la qu\u00eate sera faite \u00e0 la sortie des messes. Ces qu\u00eates aident \u00e0 couvrir les frais pastoraux ou de fonctionnement de nos paroisses. Merci de&hellip; <br \/> <a class=\"read-more\" href=\"https:\/\/paroisses-nancy-sud.fr\/HOME\/annonces-de-sainte-jeanne-de-chantal-et-de-saint-francois-de-sales\/\">Lire la suite<\/a><\/p>\n","protected":false},"author":5,"featured_media":554,"comment_status":"closed","ping_status":"open","sticky":false,"template":"","format":"standard","meta":[],"categories":[7],"tags":[],"acf":[],"_links":{"self":[{"href":"https:\/\/paroisses-nancy-sud.fr\/HOME\/wp-json\/wp\/v2\/posts\/3607"}],"collection":[{"href":"https:\/\/paroisses-nancy-sud.fr\/HOME\/wp-json\/wp\/v2\/posts"}],"about":[{"href":"https:\/\/paroisses-nancy-sud.fr\/HOME\/wp-json\/wp\/v2\/types\/post"}],"author":[{"embeddable":true,"href":"https:\/\/paroisses-nancy-sud.fr\/HOME\/wp-json\/wp\/v2\/users\/5"}],"replies":[{"embeddable":true,"href":"https:\/\/paroisses-nancy-sud.fr\/HOME\/wp-json\/wp\/v2\/comments?post=3607"}],"version-history":[{"count":2,"href":"https:\/\/paroisses-nancy-sud.fr\/HOME\/wp-json\/wp\/v2\/posts\/3607\/revisions"}],"predecessor-version":[{"id":3614,"href":"https:\/\/paroisses-nancy-sud.fr\/HOME\/wp-json\/wp\/v2\/posts\/3607\/revisions\/3614"}],"wp:featuredmedia":[{"embeddable":true,"href":"https:\/\/paroisses-nancy-sud.fr\/HOME\/wp-json\/wp\/v2\/media\/554"}],"wp:attachment":[{"href":"https:\/\/paroisses-nancy-sud.fr\/HOME\/wp-json\/wp\/v2\/media?parent=3607"}],"wp:term":[{"taxonomy":"category","embeddable":true,"href":"https:\/\/paroisses-nancy-sud.fr\/HOME\/wp-json\/wp\/v2\/categories?post=3607"},{"taxonomy":"post_tag","embeddable":true,"href":"https:\/\/paroisses-nancy-sud.fr\/HOME\/wp-json\/wp\/v2\/tags?post=3607"}],"curies":[{"name":"wp","href":"https:\/\/api.w.org\/{rel}","templated":true}]}}