{"id":3609,"date":"2024-02-04T17:21:19","date_gmt":"2024-02-04T16:21:19","guid":{"rendered":"https:\/\/paroisses-nancy-sud.fr\/HOME\/?p=3609"},"modified":"2024-02-04T17:22:09","modified_gmt":"2024-02-04T16:22:09","slug":"quand-dois-je-prier","status":"publish","type":"post","link":"https:\/\/paroisses-nancy-sud.fr\/HOME\/quand-dois-je-prier\/","title":{"rendered":"<strong>Quand dois-je prier\u00a0?<\/strong>"},"content":{"rendered":"\n<p><span style=\"color: #000000;\"><em>Quand j&rsquo;en ai envie\u00a0?<\/em> <br \/>Oui, il est bon de prier quand j&rsquo;en ai envie et quand j&rsquo;en ai besoin. Il n&rsquo;y a pas de honte \u00e0 suivre ce bon mouvement du c\u0153ur\u00a0: transfigurer le simple contentement en une pri\u00e8re d&rsquo;action de gr\u00e2ce, transfigurer l&rsquo;inqui\u00e9tude en pri\u00e8re de demande. La pri\u00e8re me fait du bien. \u00ab\u00a0La pri\u00e8re est un avant-go\u00fbt du ciel, un \u00e9coulement du paradis, disait le cur\u00e9 d&rsquo;Ars \u00e0 ses paroissiens. Elle ne nous laisse jamais sans douceur. C\u2019est un miel qui descend dans l\u2019\u00e2me et adoucit tout. Les peines se fondent devant une pri\u00e8re bien faite, comme la neige devant le soleil.\u00a0\u00bb<\/span><\/p>\n<p><span style=\"color: #000000;\"><em>Quand je n&rsquo;en ai pas envie\u00a0?<\/em> <br \/>Oui, et aussi quand je n&rsquo;en ai pas besoin. Si je ne prie que quand j&rsquo;en ai envie ou besoin, c&rsquo;est que j&rsquo;ai une dr\u00f4le d&rsquo;image de Dieu. Aimerais-je \u00eatre \u00e0 la place de celui \u00e0 qui on ne parle que parce qu&rsquo;on y trouve son int\u00e9r\u00eat\u00a0? Que c&rsquo;est beau, au contraire, lorsque notre pri\u00e8re d\u00e9passe le niveau du \u00ab\u00a0j&rsquo;ai envie\u00a0\u00bb et arrive au \u00ab\u00a0je veux, parce que c&rsquo;est important\u00a0\u00bb.<\/span><\/p>\n<p><span style=\"color: #000000;\"><em>Plut\u00f4t le matin\u00a0? Plut\u00f4t le soir\u00a0?<\/em> <br \/>Plut\u00f4t les deux, si c&rsquo;est possible\u00a0! Il est beau de confier ma journ\u00e9e au Seigneur. Le matin est comme une image de la r\u00e9surrection. Aujourd&rsquo;hui, je peux toujours repartir \u00e0 neuf. Et le soir, je remets mes joies et mes peines au Seigneur avec grande confiance\u00a0: le pass\u00e9 \u00e0 la mis\u00e9ricorde, l&rsquo;avenir \u00e0 la providence, le pr\u00e9sent \u00e0 l&rsquo;accueil de la gr\u00e2ce de Dieu, selon le mot de saint Fran\u00e7ois de Sales.<\/span><\/p>\n<p><span style=\"color: #000000;\"><em>La nuit\u00a0?<\/em> <br \/>Et pourquoi pas\u00a0? Je ne peux pas veiller comme les moines qui prient pour nous tandis que nous dormons\u00a0; cependant, lorsque le sommeil me fuit, pourquoi ne pas pr\u00e9f\u00e9rer le chapelet \u00e0 la t\u00e9l\u00e9vision\u00a0? Prier la nuit, c&rsquo;est aussi prier au c\u0153ur de l&rsquo;\u00e9preuve\u00a0; lorsque je n&rsquo;y vois plus rien, je continue \u00e0 tenir la main de Celui qui me veut du bien.<\/span><\/p>\n<p><span style=\"color: #000000;\"><em>En tout temps\u00a0?<\/em> <br \/>\u00ab Restez \u00e9veill\u00e9s et priez en tout temps (Lc 21,36) \u00bb, nous recommande J\u00e9sus. En effet, si j&rsquo;ai pris l&rsquo;habitude de prier quand j&rsquo;en ai envie ou besoin, et aussi quand je n&rsquo;en ai pas envie ni besoin ; si je prie le matin et le soir, si je prie dans la nuit de l&rsquo;\u00e9preuve, toute ma vie ne sera qu&rsquo;une suite de mots et de regards lanc\u00e9s vers le Seigneur, \u00e0 l&rsquo;image de sainte Th\u00e9r\u00e8se de Lisieux qui \u00e9crivait : \u00ab Pour moi, la pri\u00e8re, c\u2019est un \u00e9lan du c\u0153ur, c\u2019est un simple regard jet\u00e9 vers le Ciel, c\u2019est un cri de reconnaissance et d\u2019amour au sein de l\u2019\u00e9preuve comme au sein de la joie ; enfin c\u2019est quelque chose de grand, de surnaturel, qui me dilate l\u2019\u00e2me et m\u2019unit \u00e0 J\u00e9sus. \u00bb\u00a0\u00a0<\/span><\/p>\n<p style=\"text-align: right;\"><em><span style=\"color: #000000;\">Alexandre-Marie Valder, pr\u00eatre.<\/span><\/em><\/p>\n","protected":false},"excerpt":{"rendered":"<p>Quand j&rsquo;en ai envie\u00a0? Oui, il est bon de prier quand j&rsquo;en ai envie et quand j&rsquo;en ai besoin. Il n&rsquo;y a pas de honte \u00e0 suivre ce bon mouvement du c\u0153ur\u00a0: transfigurer le simple contentement en une pri\u00e8re d&rsquo;action de gr\u00e2ce, transfigurer l&rsquo;inqui\u00e9tude en pri\u00e8re de demande. La pri\u00e8re me fait du bien. \u00ab\u00a0La&hellip; <br \/> <a class=\"read-more\" href=\"https:\/\/paroisses-nancy-sud.fr\/HOME\/quand-dois-je-prier\/\">Lire la suite<\/a><\/p>\n","protected":false},"author":9,"featured_media":529,"comment_status":"closed","ping_status":"open","sticky":false,"template":"","format":"standard","meta":[],"categories":[6],"tags":[],"acf":[],"_links":{"self":[{"href":"https:\/\/paroisses-nancy-sud.fr\/HOME\/wp-json\/wp\/v2\/posts\/3609"}],"collection":[{"href":"https:\/\/paroisses-nancy-sud.fr\/HOME\/wp-json\/wp\/v2\/posts"}],"about":[{"href":"https:\/\/paroisses-nancy-sud.fr\/HOME\/wp-json\/wp\/v2\/types\/post"}],"author":[{"embeddable":true,"href":"https:\/\/paroisses-nancy-sud.fr\/HOME\/wp-json\/wp\/v2\/users\/9"}],"replies":[{"embeddable":true,"href":"https:\/\/paroisses-nancy-sud.fr\/HOME\/wp-json\/wp\/v2\/comments?post=3609"}],"version-history":[{"count":2,"href":"https:\/\/paroisses-nancy-sud.fr\/HOME\/wp-json\/wp\/v2\/posts\/3609\/revisions"}],"predecessor-version":[{"id":3611,"href":"https:\/\/paroisses-nancy-sud.fr\/HOME\/wp-json\/wp\/v2\/posts\/3609\/revisions\/3611"}],"wp:featuredmedia":[{"embeddable":true,"href":"https:\/\/paroisses-nancy-sud.fr\/HOME\/wp-json\/wp\/v2\/media\/529"}],"wp:attachment":[{"href":"https:\/\/paroisses-nancy-sud.fr\/HOME\/wp-json\/wp\/v2\/media?parent=3609"}],"wp:term":[{"taxonomy":"category","embeddable":true,"href":"https:\/\/paroisses-nancy-sud.fr\/HOME\/wp-json\/wp\/v2\/categories?post=3609"},{"taxonomy":"post_tag","embeddable":true,"href":"https:\/\/paroisses-nancy-sud.fr\/HOME\/wp-json\/wp\/v2\/tags?post=3609"}],"curies":[{"name":"wp","href":"https:\/\/api.w.org\/{rel}","templated":true}]}}