{"id":3615,"date":"2024-02-09T18:27:59","date_gmt":"2024-02-09T17:27:59","guid":{"rendered":"https:\/\/paroisses-nancy-sud.fr\/HOME\/?p=3615"},"modified":"2024-02-09T18:27:59","modified_gmt":"2024-02-09T17:27:59","slug":"annonces-de-la-visitation-du-11-fevrier-2024","status":"publish","type":"post","link":"https:\/\/paroisses-nancy-sud.fr\/HOME\/annonces-de-la-visitation-du-11-fevrier-2024\/","title":{"rendered":"Annonces de la Visitation du 11 f\u00e9vrier 2024"},"content":{"rendered":"\n<p><span style=\"color: #000000;\"><span style=\"text-decoration: underline;\"><strong>Lundi 12 f\u00e9vrier,<\/strong> <\/span>Rencontre de lecture suivie de la lettre de Saint Paul aux Eph\u00e9siens, de 14h \u00e0 16h,\u00a0dans les salles au rez de chauss\u00e9e du presbyt\u00e8re.<\/span><\/p>\n<p><span style=\"color: #000000;\"><span style=\"text-decoration: underline;\"><strong>Pour l\u2019entr\u00e9e en Car\u00eame,<\/strong><\/span> le centre spirituel dioc\u00e9sain propose du samedi 17\/02 \u00e0 16h30 au dimanche 18\/02 \u00e0 16h30, de vivre une exp\u00e9rience de pri\u00e8re personnelle et communautaire autour de la Parole de Dieu. Inscriptions avant le 12\/02\u00a0; Notices d\u00e9taill\u00e9es disponibles au fond de l\u2019\u00e9glise.<\/span><\/p>\n<p><span style=\"color: #000000;\"><span style=\"text-decoration: underline;\"><strong>Les cinq rencontres de Car\u00eame <\/strong><\/span>pour notre paroisse auront lieu cinq jeudis de suite \u00e0 15h00,\u00a0\u00e0\u00a0 la salle paroissiale de Neuves-Maisons, elles pourront \u00eatre suivies par la messe \u00e0 16h30.<\/span><br \/><span style=\"color: #000000;\">L\u2019animation sera assur\u00e9e par Mr. Patrice Kelche.<\/span><br \/><span style=\"color: #000000;\"><strong>22 f\u00e9vrier :<\/strong> Quelle est notre attitude face \u00e0 la pri\u00e8re ? Quels sont nos probl\u00e8mes, \u00e9ventuellement ? <\/span><br \/><span style=\"color: #000000;\"><strong>29 f\u00e9vrier<\/strong> : Quelle utilit\u00e9, pour nous chr\u00e9tiens, \u00e0 la lumi\u00e8re des Psaumes de I \u2018Ancien Testament ?<\/span><br \/><span style=\"color: #000000;\"><strong>07 mars<\/strong> : Comment J\u00e9sus nous aide-t-il par sa pri\u00e8re et par les conseils qu\u2019il nous donne ?<\/span><br \/><span style=\"color: #000000;\"><strong>14 mars<\/strong> : QueIIe aide obtenir de I \u2018Esprit Saint et des saints ?<\/span><br \/><span style=\"color: #000000;\"><strong>21 mars<\/strong> : Quels tr\u00e9sors d\u00e9couvre-t-on dans la pri\u00e8re du Notre P\u00e8re et celle du Magnificat ?<\/span><\/p>\n<p><span style=\"color: #000000;\"><strong>\u00a0<\/strong><span style=\"text-decoration: underline;\"><strong>Vendredi 15 mars, \u00e0 19H00,<\/strong><\/span> \u00e0 la salle paroissiale de Neuves-Maisons, le CCFD propose de visionner le t\u00e9moignage d\u2019un partenaire du CCFD\u00a0 repr\u00e9sentant l\u2019ADEPA au S\u00e9n\u00e9gal\u00a0: <em>d\u00e9fense des artisans p\u00eacheurs du S\u00e9n\u00e9gal menac\u00e9s par la surp\u00eache industrielle.<\/em><\/span><\/p>\n<p><span style=\"color: #000000;\"><strong><span style=\"text-decoration: underline;\">Le 18 f\u00e9vrier 2024\u00a0\u00e0 15h00\u00a0<\/span>;<\/strong> \u00a0Appel d\u00e9cisif des 63 cat\u00e9chum\u00e8nes de notre dioc\u00e8se\u00a0;<\/span><br \/><span style=\"color: #000000;\">Notre \u00e9v\u00eaque et les futurs baptis\u00e9s de P\u00e2ques vous invitent \u00e0 la c\u00e9l\u00e9bration de l\u2019appel d\u00e9cisif.<\/span><br \/><span style=\"color: #000000;\">Elle aura lieu le dimanche\u00a018 f\u00e9vrier\u00a0\u00e0 15h \u00e0 la\u00a0<a style=\"color: #000000;\" href=\"https:\/\/www.catholique-nancy.fr\/sites\/notre-dame-de-bonne-nouvelle\/\">cath\u00e9drale de Nancy<\/a>, et sera pr\u00e9sid\u00e9e par notre \u00e9v\u00eaque, Monseigneur Pierre-Yves Michel.<\/span><\/p>\n<p><span style=\"color: #000000;\"><strong><span style=\"text-decoration: underline;\">Le 18 f\u00e9vrier, messe des familles \u00e0 l\u2019\u00e9glise de Neuves-Maisons,<\/span> premier dimanche de Car\u00eame<\/strong>\u00a0: Entr\u00e9e en cat\u00e9chum\u00e9nat de Lo\u00efs Tritz, Louna Spagnoli, Aurore Maire, Nina Veinhard, Charlotte Kunze, Cynthia Lefevre.<\/span><\/p>\n<p><span style=\"color: #000000;\"><span style=\"text-decoration: underline;\"><strong>Mercredi 14 f\u00e9vrier, messes des Cendres<br \/><\/strong><\/span>10h00 \u00e0 Viterne et 18h00 \u00e0 Neuves-Maisons<\/span><\/p>\n<p><span style=\"color: #000000;\"><span style=\"text-decoration: underline;\"><strong>Messes en semaine.<em>\u00a0<br \/><\/em><\/strong><\/span>Jeudi\u00a0: adoration \u00e0 16h00 et messe \u00e0 16h30 \u00e0 la chapelle.<\/span><br \/><span style=\"color: #000000;\">Vendredi\u00a0: messe \u00e0 08h20 chez les s\u0153urs \u00e0 Bainville, 67 rue Jacques Callot.<\/span><\/p>\n<p><span style=\"color: #000000;\"><strong>\u00a0<\/strong><span style=\"text-decoration: underline;\"><strong>Messes \u00e0 la Visitation<br \/><\/strong><\/span>Samedi 17 f\u00e9vrier\u00a0: Chaligny<\/span><br \/><span style=\"color: #000000;\">Dimanche 18 f\u00e9vrier\u00a0: 10h00 \u00e0 Pulligny et 10h30 \u00e0 Neuves-Maisons.<\/span><\/p>\n<p><span style=\"color: #000000;\"><u><strong>Permanences \u00e0 la maison paroissiale<\/strong> :<\/u> <\/span><br \/><span style=\"color: #000000;\">Mardi de 14h \u00e0 16h30 et Samedi de 9h30 \u00e0 11h30<\/span><br \/><span style=\"color: #000000;\">tel : 03 83 47 25 54 \u2013 <em><strong>adresse mail<\/strong><\/em><strong> : <\/strong><a style=\"color: #000000;\" href=\"mailto:visitationmm@orange.fr\">visitationmm@orange.fr<\/a>\u00a0 <\/span><br \/><span style=\"color: #000000;\">Horaires des messes :\u00a0 <a style=\"color: #000000;\" href=\"https:\/\/messes.info\/\">messesinfo<\/a><em> (cliquer sur le lien)<\/em><\/span><\/p>\n<p>\u00a0<\/p>\n","protected":false},"excerpt":{"rendered":"<p>Lundi 12 f\u00e9vrier, Rencontre de lecture suivie de la lettre de Saint Paul aux Eph\u00e9siens, de 14h \u00e0 16h,\u00a0dans les salles au rez de chauss\u00e9e du presbyt\u00e8re. Pour l\u2019entr\u00e9e en Car\u00eame, le centre spirituel dioc\u00e9sain propose du samedi 17\/02 \u00e0 16h30 au dimanche 18\/02 \u00e0 16h30, de vivre une exp\u00e9rience de pri\u00e8re personnelle et communautaire&hellip; <br \/> <a class=\"read-more\" href=\"https:\/\/paroisses-nancy-sud.fr\/HOME\/annonces-de-la-visitation-du-11-fevrier-2024\/\">Lire la suite<\/a><\/p>\n","protected":false},"author":5,"featured_media":472,"comment_status":"closed","ping_status":"open","sticky":false,"template":"","format":"standard","meta":[],"categories":[10],"tags":[],"acf":[],"_links":{"self":[{"href":"https:\/\/paroisses-nancy-sud.fr\/HOME\/wp-json\/wp\/v2\/posts\/3615"}],"collection":[{"href":"https:\/\/paroisses-nancy-sud.fr\/HOME\/wp-json\/wp\/v2\/posts"}],"about":[{"href":"https:\/\/paroisses-nancy-sud.fr\/HOME\/wp-json\/wp\/v2\/types\/post"}],"author":[{"embeddable":true,"href":"https:\/\/paroisses-nancy-sud.fr\/HOME\/wp-json\/wp\/v2\/users\/5"}],"replies":[{"embeddable":true,"href":"https:\/\/paroisses-nancy-sud.fr\/HOME\/wp-json\/wp\/v2\/comments?post=3615"}],"version-history":[{"count":2,"href":"https:\/\/paroisses-nancy-sud.fr\/HOME\/wp-json\/wp\/v2\/posts\/3615\/revisions"}],"predecessor-version":[{"id":3621,"href":"https:\/\/paroisses-nancy-sud.fr\/HOME\/wp-json\/wp\/v2\/posts\/3615\/revisions\/3621"}],"wp:featuredmedia":[{"embeddable":true,"href":"https:\/\/paroisses-nancy-sud.fr\/HOME\/wp-json\/wp\/v2\/media\/472"}],"wp:attachment":[{"href":"https:\/\/paroisses-nancy-sud.fr\/HOME\/wp-json\/wp\/v2\/media?parent=3615"}],"wp:term":[{"taxonomy":"category","embeddable":true,"href":"https:\/\/paroisses-nancy-sud.fr\/HOME\/wp-json\/wp\/v2\/categories?post=3615"},{"taxonomy":"post_tag","embeddable":true,"href":"https:\/\/paroisses-nancy-sud.fr\/HOME\/wp-json\/wp\/v2\/tags?post=3615"}],"curies":[{"name":"wp","href":"https:\/\/api.w.org\/{rel}","templated":true}]}}