{"id":3622,"date":"2024-02-10T14:56:49","date_gmt":"2024-02-10T13:56:49","guid":{"rendered":"https:\/\/paroisses-nancy-sud.fr\/HOME\/?p=3622"},"modified":"2024-02-10T14:56:49","modified_gmt":"2024-02-10T13:56:49","slug":"annonces-de-saint-francois-de-sales-et-sainte-jeanne-de-chantal-du-11-fevrier-2024","status":"publish","type":"post","link":"https:\/\/paroisses-nancy-sud.fr\/HOME\/annonces-de-saint-francois-de-sales-et-sainte-jeanne-de-chantal-du-11-fevrier-2024\/","title":{"rendered":"Annonces de Saint-Fran\u00e7ois-de-Sales et Sainte-Jeanne-de-Chantal du 11 f\u00e9vrier 2024"},"content":{"rendered":"\n<p><span style=\"color: #000000;\"><span style=\"text-decoration: underline;\"><strong>Dimanche de la sant\u00e9 \u2018<em>\u2019De partout on venait \u00e0 lui \u2019<\/em><\/strong><\/span><strong><span style=\"text-decoration: underline;\">\u2019Mc 1,45<\/span><br \/><\/strong><strong>Ce dimanche 11 f\u00e9vrier 2024<\/strong>, <strong>f\u00eate de Notre-Dame de Lourdes<\/strong>, on c\u00e9l\u00e8bre en m\u00eame temps <strong>la journ\u00e9e mondiale des malades et le dimanche de la sant\u00e9.<br \/><\/strong><span style=\"font-size: revert;\">La vocation du dimanche de la sant\u00e9 est de rendre visible dans les communaut\u00e9s chr\u00e9tiennes, les soignants, les aidants, les visiteurs de malades, les \u00e9quipes d\u2019aum\u00f4nerie, le Service de l\u2019Evangile pour les Malades (SEM)tous ceux qui \u0153uvrent (parfois dans l\u2019ombre) et qui sont tellement importants, tellement essentiels pour la prise en charge des personnes malades, \u00e2g\u00e9es, handicap\u00e9es<\/span><strong style=\"font-size: revert;\">.<\/strong><\/span><\/p>\n<p><span style=\"color: #000000;\"><span style=\"text-decoration: underline;\"><strong>Ce dimanche 11 f\u00e9vrier, table ouverte \u00e0 Jarville<br \/><\/strong><\/span><strong>A l\u2019issue de la messe, \u00e0 Jarville, \u00e0 partir de midi, dans les salles paroissiales : <\/strong>chacun apporte de quoi partager et on fait connaissance. N\u2019h\u00e9sitez pas \u00e0 faire conna\u00eetre ce temps \u00e0 un voisin, \u00e0 un ami.<\/span><\/p>\n<p><span style=\"text-decoration: underline; color: #000000;\"><strong>Car\u00eame 2024 : Seigneur apprends-nous \u00e0 prier :<\/strong><\/span><\/p>\n<table style=\"width: 100%; height: 1303px;\" width=\"737\">\n<tbody>\n<tr style=\"height: 1303px;\">\n<td style=\"height: 1303px;\" width=\"737\">\n<p><span style=\"color: #000000;\"><strong>\u00a0&#8211; <span style=\"text-decoration: underline;\">Horaires du mercredi des Cendres<\/span> <\/strong><strong>14 f\u00e9vrier 2024\u00a0 9<\/strong><strong style=\"font-size: revert; font-family: inherit;\">h \u00e0 Ludres \u2013 10h \u00e0 Viterne &#8211; 18h \u00e0 Heillecourt \u2013 18h30 \u00e0 Neuves-Maisons \u2013 19 h \u00e0 Jarville<\/strong><\/span><\/p>\n<p><span style=\"text-decoration: underline; color: #000000;\"><strong>Le Car\u00eame, l\u2019occasion de d\u00e9couvrir nos temps de pri\u00e8re en paroisse\u00a0:<\/strong><\/span><\/p>\n<p><span style=\"color: #000000;\"><strong>&#8211; Tous les vendredis \u00e0 18h \u00e0 Jarville, temps d\u2019adoration <\/strong>(suivi de la messe \u00e0 19h)<\/span><\/p>\n<p><span style=\"color: #000000;\"><strong>&#8211; Pri\u00e8re des m\u00e8res\u00a0: le jeudi 15 f\u00e9vrier<\/strong>, <strong>\u00e0 17h15 \u00e0 Jarville,<\/strong> comme tous les jeudis<strong>, <\/strong>pri\u00e8re des m\u00e8res dans les salles paroissiales<strong>.<\/strong><\/span><\/p>\n<p><span style=\"color: #000000;\"><strong>&#8211; <\/strong><strong>Pri\u00e8re du soir\u00a0: ce vendredi 16 f\u00e9vrier \u00e0 20h30, rendez-vous \u00e0 l\u2019\u00e9glise de Jarville\u00a0<\/strong>: <em>un quart d\u2019heure pour louer Dieu \u2013 un quart d\u2019heure pour recevoir sa Parole dans la paix \u2013 un quart d\u2019heure pour lui confier notre repos de la nuit (Complies). <\/em><\/span><\/p>\n<p><span style=\"color: #000000;\"><strong>Chemin de croix<\/strong><\/span><\/p>\n<p><span style=\"color: #000000;\"><strong>&#8211; Tous les vendredis \u00e0 15h, \u00e0 partir du vendredi 16 f\u00e9vrier, <\/strong>chemin de croix \u00e0 l\u2019\u00e9glise d\u2019Heillecourt<\/span><\/p>\n<p><span style=\"color: #000000;\"><strong>&#8211; Tous les vendredis \u00e0 15h, <\/strong>chemin de croix en alternance dans les autres \u00e9glises de nos 2 paroisses\u00a0: <strong>le vendredi 16 f\u00e9vrier \u00e0 Laneuveville<\/strong>, puis le 23 \u00e0 Jarville, le 1<sup>er<\/sup> mars \u00e0 Fl\u00e9ville puis le 8 mars \u00e0 Flavigny\u00a0; le 15 \u00e0 Richardm\u00e9nil, et le 22 \u00e0 Ludres.\u00a0 \u00a0<\/span><\/p>\n<p><span style=\"color: #000000;\"><strong>Apr\u00e8s-midi de la joie du pardon<\/strong><\/span><\/p>\n<p><span style=\"color: #000000;\"><strong>Le samedi 23 mars \u00e0 Jarville, une apr\u00e8s-midi <\/strong>pour des t\u00e9moignages sur le pardon et vivre le sacrement pour les enfants, leurs parents et tous les adultes<\/span><\/p>\n<p><span style=\"color: #000000;\"><strong>Deux soir\u00e9es solidarit\u00e9 <\/strong><\/span><\/p>\n<p><span style=\"color: #000000;\">&#8211; <strong>A Jarville<\/strong>\u00a0: \u00a0Comme tous les ans le <strong>CCFD Terre solidaire nous invite<\/strong> \u00e0 vivre un chemin de Car\u00eame. L\u2019\u00e9quipe locale vous propose\u00a0<strong>le mercredi 13 mars <\/strong>\u00e0 18h45 salles paroissiales- une soir\u00e9e pain-pommes au cours de laquelle des b\u00e9n\u00e9voles vous exposeront le sens de leur engagement et qui se poursuivra par un temps de pr\u00e9sentation d\u2019une \u0153uvre d\u2019art relative \u00e0 la multiplication des pains.<\/span><\/p>\n<p><span style=\"color: #000000;\"><strong>&#8211;<\/strong><strong> A Ludres\u00a0: Vivre en communaut\u00e9 le temps du je\u00fbne, le vendredi 15 mars, <\/strong>l\u2019EAP propose une soir\u00e9e conf\u00e9rence, bol de riz, pri\u00e8re.18h30\u00a0<strong><em>: \u2018\u2019 Joyeux dans l\u2019Esp\u00e9rance\u2019\u2019 <\/em><\/strong>conf\u00e9rence d\u00e9bat<em> avec<\/em> s\u0153ur Carine\u00a0; s\u0153ur dominicaine &#8211; 19h30\u00a0: repas bol de riz (participation au b\u00e9n\u00e9fice de l\u2019Association des migrants) 20h30\u00a0: temps de pri\u00e8re \u00e0 l\u2019\u00e9glise.<\/span><\/p>\n<p><span style=\"color: #000000;\"><strong>&#8211; \u00a0Le dimanche 17 mars, <\/strong>5<sup>\u00e8me<\/sup> dimanche de Car\u00eame, une collecte pour financer les actions du CCFD contre la faim et le sous-d\u00e9veloppement aura lieu \u00e0 la sortie des messes<\/span><\/p>\n<p><span style=\"color: #000000;\">Un livret, avec un th\u00e8me pour chaque semaine, est disponible ainsi que les enveloppes de dons<\/span><\/p>\n<p><span style=\"color: #000000;\"><strong>Collecte solidarit\u00e9<\/strong><\/span><\/p>\n<p><span style=\"color: #000000;\">Des paniers seront au fond de nos \u00e9glises pour r\u00e9colter des produits d\u2019alimentation non p\u00e9rissables et des produits d\u2019hygi\u00e8ne pour l\u2019association \u2018\u2019la soupe des-sans abri\u2019\u2019 en particulier.<\/span><\/p>\n<p>\u00a0<\/p>\n<\/td>\n<\/tr>\n<\/tbody>\n<\/table>\n<p><span style=\"color: #000000;\"><strong>\u2018\u2019Seigneur, apprends-nous \u00e0 prier car nous ne savons pas prier comme il faut.\u2019\u2019<\/strong> <strong><em>Luc, 11, 1<br \/><\/em><\/strong><span style=\"text-decoration: underline;\"><strong>Le livret <\/strong><\/span>propos\u00e9 par notre \u00e9v\u00eaque et l\u2019\u00e9quipe dioc\u00e9saine<strong> est toujours disponible.<\/strong><em>: <\/em>Un document est disponible chaque mois pour la compr\u00e9hension de l\u2019\u0153uvre d\u2019art, sur le site de nos paroisses Nancy-Sud ou celui du dioc\u00e8se. Vous pouvez donner 1\u20ac ou un peu plus..<\/span><\/p>\n<p><span style=\"text-decoration: underline; color: #000000;\"><strong>Parcours Alpha :<\/strong> <\/span><br \/><span style=\"color: #000000;\">Le mardi 13 f\u00e9vrier \u00e0 Jarville de 19h30 \u00e0 22h dans les salles \u00e0 droite de l\u2019\u00e9glise, ce sera la 5<sup>\u00e8me<\/sup> rencontre :\u00a0<em>\u00ab\u00a0Prier, pourquoi et comment\u00a0?<\/em>\u00a0\u00bb. Il n\u2019est pas trop tard pour venir \u00e0 ce parcours\u00a0: la rencontre d\u00e9bute par un moment convivial autour d\u2019un repas, suivi d\u2019un bref expos\u00e9 puis d\u2019un temps d\u2019\u00e9change. Contact\u00a0: Odile Bonmati au 06 23 46 74 17.\u00a0Les 17 et 18 f\u00e9vrier les participants passeront le WE au Centre spirituel dioc\u00e9sain sur le th\u00e8me de \u2019Esprit Saint<\/span><\/p>\n<p><span style=\"color: #000000;\"><strong><span style=\"text-decoration: underline;\">Horaires des messes dominicales des 17 et 18 f\u00e9vrier 2024<\/span><br \/><\/strong><strong>Samedi 17 f\u00e9vrier : 18h <\/strong>Heillecourt, Laneuveville, Chaligny<\/span><br \/><span style=\"color: #000000;\"><strong>Dimanche 18 f\u00e9vrier : 10h <\/strong>Pulligny<strong> \u00a0\u00a0\u00a010h30 <\/strong>Jarville, Neuves-Maisons<strong>\u00a0\u00a0\u00a0 \u00a0\u00a0\u00a0\u00a0\u00a0\u00a011h <\/strong>Ludres<\/span><\/p>\n<p><span style=\"color: #000000;\"><strong><span style=\"text-decoration: underline;\">Les temps forts des enfants et des jeunes :\u00a0<\/span><br \/><\/strong><strong>\u00a0&#8211; Messe des familles et temps fort cat\u00e9<br \/><\/strong><strong style=\"font-size: revert;\">Le dimanche 18 f\u00e9vrier \u00e0 10h30, <\/strong><strong style=\"font-size: revert;\">\u00e0 Neuves-Maisons<\/strong><span style=\"font-size: revert;\">.\u00a0: \u00a0Pou<\/span><span style=\"font-size: revert;\">r<\/span><span style=\"font-size: revert;\"> pr\u00e9parer les enfants \u00e0 vivre cette p\u00e9riode riche en moments forts avec Dieu, avec les autres et soi-m\u00eame, nous les convions au temps fort du dimanche 18 f\u00e9vrier. Il d\u00e9bute<\/span><span style=\"font-size: revert;\">ra<\/span><span style=\"font-size: revert;\"> par la messe des familles \u00e0 10h30, puis un repas tir\u00e9 du sac et les diff\u00e9rentes activit\u00e9s qui d\u00e9buteront \u00e0 13h.<\/span><strong style=\"font-size: revert;\">Un temps d\u2019\u00e9changes est propos\u00e9 aux adultes de 14h30 \u00e0 15h30 \u00e0 la salle paroissiale.\u00a0<\/strong><span style=\"font-size: revert;\">Fin du temps fort aux alentours de 15h30.\u00a0 Exceptionnellement, car\u00eame oblige, nous ne partagerons pas de go\u00fbter !\u00a0<\/span><\/span><\/p>\n<p><span style=\"color: #000000;\"><strong>\u00a0&#8211; Temps fort confirmation :<br \/><\/strong><strong>Le samedi 17 f\u00e9vrier \u00e0 13h45 \u00e0 Jarville <\/strong>se retrouveront les confirmands (\u00e0 partir de la 4<sup>\u00e8me<\/sup>) de notre secteur Nancy-Sud, du coll\u00e8ge de la Malgrange, de Nancy-Ouest, sur le th\u00e8me de l\u2019Esprit Saint. La rencontre se terminera par la messe. <strong>Les parents sont invit\u00e9s \u00e0 rejoindre les jeunes \u00e0 18h \u00e0 l\u2019\u00e9glise de Jarville. <\/strong>Contact\u00a0: Alexandre-Marie Valder\u00a0: amvalder@lilo.org<\/span><\/p>\n<p><span style=\"color: #000000;\"><span style=\"text-decoration: underline;\"><strong>\u00a0&#8211; Eveil \u00e0 la foi :<br \/><\/strong><\/span><strong>Le dimanche 25 f\u00e9vrier, les enfants de 3 \u00e0 7 ans et leurs parents <\/strong>se retrouveront <strong>\u00e0 9h30 \u00e0 Jarville.<\/strong><\/span><\/p>\n<p><span style=\"color: #000000;\"><span style=\"text-decoration: underline;\"><strong>Des couples se pr\u00e9parent au mariage<br \/><\/strong><\/span><strong style=\"font-size: revert;\">Les samedi et dimanche 10 et 11 f\u00e9vrier <\/strong><span style=\"font-size: revert;\">les 13 couples du premier groupe ach\u00e8vent leur cycle de pr\u00e9paration, ensemble, <\/span><strong style=\"font-size: revert;\">\u00e0 Jarville<\/strong><span style=\"font-size: revert;\">. D\u00e8s le<\/span><strong style=\"font-size: revert;\"> samedi 17 f\u00e9vrier, \u00e0 14h, le deuxi\u00e8me groupe de couples <\/strong><span style=\"font-size: revert;\">commence le cycle de pr\u00e9paration au mariage \u00e0 la maison paroissiale de<\/span><\/span><\/p>\n<p><span style=\"color: #000000;\"><strong><span style=\"text-decoration: underline;\">Concert du \u2018\u2019C<em>h\u0153ur d\u2019hommes de Nancy<\/em>\u2019\u2019 \u00e0 Flavigny-sur-Moselle<\/span><br \/><\/strong><strong>Dimanche 18 f\u00e9vrier 2024 \u00e0 16h00<\/strong>, \u00e0 l\u2019\u00e9glise Saint Firmin- St Hilaire de Flavigny, concert du \u2018<em>\u2019Ch\u0153ur d\u2019hommes de Nancy\u2019\u2019<\/em>, \u0153uvres classiques, contemporaines et sacr\u00e9es<\/span><\/p>\n<p><span style=\"color: #000000;\"><strong><span style=\"text-decoration: underline;\">AUTRES ANNONCES :\u00a0<br \/><\/span><\/strong><strong>\u00a0&#8211; Retraite au centre spirituel Dioc\u00e9sain :<br \/><\/strong><strong>Pour l\u2019entr\u00e9e en Car\u00eame,<\/strong> le centre spirituel dioc\u00e9sain <strong>propose du samedi 17\/02 \u00e0 16h30 au dimanche 18\/02 \u00e0 16h30<\/strong>, de vivre une exp\u00e9rience de pri\u00e8re personnelle et communautaire autour de la Parole de Dieu.<\/span><\/p>\n<p><span style=\"color: #000000;\"><strong>\u00a0&#8211; Appel d\u00e9cisif des cat\u00e9chum\u00e8nes de notre dioc\u00e8se :<br \/><\/strong><strong>Le 18 f\u00e9vrier 2024\u00a0\u00e0 la cath\u00e9drale de Nancy, \u00e015h00\u00a0: <\/strong>Appel d\u00e9cisif des 63 cat\u00e9chum\u00e8nes de notre dioc\u00e8se. Les futurs baptis\u00e9s de P\u00e2ques nous invitent \u00e0 cette c\u00e9l\u00e9bration pr\u00e9sid\u00e9e par notre \u00e9v\u00eaque, Monseigneur Pierre-Yves Michel. Une cat\u00e9chum\u00e8ne \u00e0 Sainte Jeanne de Chantal cette ann\u00e9e.<\/span><\/p>\n","protected":false},"excerpt":{"rendered":"<p>Dimanche de la sant\u00e9 \u2018\u2019De partout on venait \u00e0 lui \u2019\u2019Mc 1,45Ce dimanche 11 f\u00e9vrier 2024, f\u00eate de Notre-Dame de Lourdes, on c\u00e9l\u00e8bre en m\u00eame temps la journ\u00e9e mondiale des malades et le dimanche de la sant\u00e9.La vocation du dimanche de la sant\u00e9 est de rendre visible dans les communaut\u00e9s chr\u00e9tiennes, les soignants, les aidants,&hellip; <br \/> <a class=\"read-more\" href=\"https:\/\/paroisses-nancy-sud.fr\/HOME\/annonces-de-saint-francois-de-sales-et-sainte-jeanne-de-chantal-du-11-fevrier-2024\/\">Lire la suite<\/a><\/p>\n","protected":false},"author":5,"featured_media":554,"comment_status":"closed","ping_status":"open","sticky":false,"template":"","format":"standard","meta":[],"categories":[7],"tags":[],"acf":[],"_links":{"self":[{"href":"https:\/\/paroisses-nancy-sud.fr\/HOME\/wp-json\/wp\/v2\/posts\/3622"}],"collection":[{"href":"https:\/\/paroisses-nancy-sud.fr\/HOME\/wp-json\/wp\/v2\/posts"}],"about":[{"href":"https:\/\/paroisses-nancy-sud.fr\/HOME\/wp-json\/wp\/v2\/types\/post"}],"author":[{"embeddable":true,"href":"https:\/\/paroisses-nancy-sud.fr\/HOME\/wp-json\/wp\/v2\/users\/5"}],"replies":[{"embeddable":true,"href":"https:\/\/paroisses-nancy-sud.fr\/HOME\/wp-json\/wp\/v2\/comments?post=3622"}],"version-history":[{"count":2,"href":"https:\/\/paroisses-nancy-sud.fr\/HOME\/wp-json\/wp\/v2\/posts\/3622\/revisions"}],"predecessor-version":[{"id":3624,"href":"https:\/\/paroisses-nancy-sud.fr\/HOME\/wp-json\/wp\/v2\/posts\/3622\/revisions\/3624"}],"wp:featuredmedia":[{"embeddable":true,"href":"https:\/\/paroisses-nancy-sud.fr\/HOME\/wp-json\/wp\/v2\/media\/554"}],"wp:attachment":[{"href":"https:\/\/paroisses-nancy-sud.fr\/HOME\/wp-json\/wp\/v2\/media?parent=3622"}],"wp:term":[{"taxonomy":"category","embeddable":true,"href":"https:\/\/paroisses-nancy-sud.fr\/HOME\/wp-json\/wp\/v2\/categories?post=3622"},{"taxonomy":"post_tag","embeddable":true,"href":"https:\/\/paroisses-nancy-sud.fr\/HOME\/wp-json\/wp\/v2\/tags?post=3622"}],"curies":[{"name":"wp","href":"https:\/\/api.w.org\/{rel}","templated":true}]}}