{"id":3625,"date":"2024-02-07T15:02:08","date_gmt":"2024-02-07T14:02:08","guid":{"rendered":"https:\/\/paroisses-nancy-sud.fr\/HOME\/?p=3625"},"modified":"2024-02-14T12:03:44","modified_gmt":"2024-02-14T11:03:44","slug":"de-partout-on-venait-a-lui","status":"publish","type":"post","link":"https:\/\/paroisses-nancy-sud.fr\/HOME\/de-partout-on-venait-a-lui\/","title":{"rendered":"\u00ab\u00a0De partout, on venait \u00e0 lui\u00a0\u00bb"},"content":{"rendered":"\n<p><span style=\"color: #000000;\">La gu\u00e9rison d\u2019un l\u00e9preux est le sujet propos\u00e9 par les textes de la liturgie en ce dimanche de la sant\u00e9 2024.\u00a0 Aujourd\u2019hui, il nous faut prendre en compte en m\u00eame temps les malades et ceux qui les soignent ou se mettent \u00e0 leur service. De la m\u00eame mani\u00e8re, il nous faut tenir ensemble l\u2019exclusion que subissent les l\u00e9preux de l\u2019\u00e9vangile et tant d\u2019autres dans notre soci\u00e9t\u00e9, et le d\u00e9sir de tous d\u2019aller \u00e0 J\u00e9sus. <strong>De partout, on venait \u00e0 lui<\/strong>. (Marc 1,45)<\/span><\/p>\n<p><span style=\"color: #000000;\">J\u00e9sus attire les foules sans l\u2019avoir cherch\u00e9. Il refuse toute forme d\u2019exclusion. Il ne se d\u00e9robe pas \u00e0 ceux qui viennent \u00e0 lui. D\u00e8s lors, ayons \u00e0 c\u0153ur de regarder ces nombreux chemins de vie qui m\u00e8nent \u00e0 J\u00e9sus. Ils sont parfois bien tortueux. Ils sont parfois longs et douloureux. Ils ont parfois l\u2019aridit\u00e9 de la maladie, du handicap, de la grande vieillesse.<\/span><\/p>\n<p><span style=\"color: #000000;\">\u00a0Il faut du temps et une bonne dose d\u2019humilit\u00e9 pour d\u00e9couvrir que c\u2019est au c\u0153ur m\u00eame de l\u2019\u00e9preuve que le Seigneur peut se r\u00e9v\u00e9ler.<\/span><\/p>\n<p><span style=\"color: #000000;\">Il nous revient aussi d\u2019\u00eatre vigilants quant \u00e0 l\u2019exclusion que vivent encore de nombreuses personnes du fait de \u00ab\u00a0leur l\u00e8pre\u00a0\u00bb, qu\u2019elle s\u2019appelle maladie, handicap, grand \u00e2ge, diff\u00e9rence, pr\u00e9carit\u00e9, ch\u00f4mage\u2026<\/span><\/p>\n<p><span style=\"color: #000000;\">Dans les h\u00f4pitaux, les maisons de retraite, voire \u00e0 domicile, <strong>la Pastorale de la Sant\u00e9 <\/strong>\u0153uvre aupr\u00e8s des malades mais aussi des familles et du personnel soignant. C\u2019est une pr\u00e9sence d\u2019\u00c9glise dans le monde de la sant\u00e9. Il nous appartient par la douceur et la bienveillance de notre t\u00e9moignage, de rendre la pr\u00e9sence de J\u00e9sus lumineuse et attirante.<\/span><\/p>\n<p><span style=\"color: #000000;\">\u00a0Nous sommes tous invit\u00e9s \u00e0 un mouvement de compassion, de tendresse et de foi, aupr\u00e8s des plus fragiles\u00a0: <strong>De partout, on venait \u00e0 lui<\/strong>. En bonne sant\u00e9 ou pas, nous sommes \u00e0 \u00e9galit\u00e9 dans la recherche du salut.<\/span><\/p>\n<p><span style=\"color: #000000;\">A la demande du pape Fran\u00e7ois, dans son message pour cette journ\u00e9e des malades, \u00ab\u00a0confions-nous \u00e0 la Tr\u00e8s Sainte Vierge Marie, Sant\u00e9 des malades, pour qu\u2019elle interc\u00e8de pour nous et nous aide \u00e0 \u00eatre des artisans de proximit\u00e9 et de relations fraternelles\u00a0\u00bb.<\/span><\/p>\n<p style=\"text-align: right;\"><span style=\"color: #000000;\"><em>D\u2019apr\u00e8s, le livret de la Pastorale de la sant\u00e9, conf\u00e9rence des \u00c9v\u00eaques<\/em><\/span><\/p>\n","protected":false},"excerpt":{"rendered":"<p>La gu\u00e9rison d\u2019un l\u00e9preux est le sujet propos\u00e9 par les textes de la liturgie en ce dimanche de la sant\u00e9 2024.\u00a0 Aujourd\u2019hui, il nous faut prendre en compte en m\u00eame temps les malades et ceux qui les soignent ou se mettent \u00e0 leur service. De la m\u00eame mani\u00e8re, il nous faut tenir ensemble l\u2019exclusion que&hellip; <br \/> <a class=\"read-more\" href=\"https:\/\/paroisses-nancy-sud.fr\/HOME\/de-partout-on-venait-a-lui\/\">Lire la suite<\/a><\/p>\n","protected":false},"author":5,"featured_media":529,"comment_status":"closed","ping_status":"open","sticky":false,"template":"","format":"standard","meta":[],"categories":[6],"tags":[],"acf":[],"_links":{"self":[{"href":"https:\/\/paroisses-nancy-sud.fr\/HOME\/wp-json\/wp\/v2\/posts\/3625"}],"collection":[{"href":"https:\/\/paroisses-nancy-sud.fr\/HOME\/wp-json\/wp\/v2\/posts"}],"about":[{"href":"https:\/\/paroisses-nancy-sud.fr\/HOME\/wp-json\/wp\/v2\/types\/post"}],"author":[{"embeddable":true,"href":"https:\/\/paroisses-nancy-sud.fr\/HOME\/wp-json\/wp\/v2\/users\/5"}],"replies":[{"embeddable":true,"href":"https:\/\/paroisses-nancy-sud.fr\/HOME\/wp-json\/wp\/v2\/comments?post=3625"}],"version-history":[{"count":1,"href":"https:\/\/paroisses-nancy-sud.fr\/HOME\/wp-json\/wp\/v2\/posts\/3625\/revisions"}],"predecessor-version":[{"id":3626,"href":"https:\/\/paroisses-nancy-sud.fr\/HOME\/wp-json\/wp\/v2\/posts\/3625\/revisions\/3626"}],"wp:featuredmedia":[{"embeddable":true,"href":"https:\/\/paroisses-nancy-sud.fr\/HOME\/wp-json\/wp\/v2\/media\/529"}],"wp:attachment":[{"href":"https:\/\/paroisses-nancy-sud.fr\/HOME\/wp-json\/wp\/v2\/media?parent=3625"}],"wp:term":[{"taxonomy":"category","embeddable":true,"href":"https:\/\/paroisses-nancy-sud.fr\/HOME\/wp-json\/wp\/v2\/categories?post=3625"},{"taxonomy":"post_tag","embeddable":true,"href":"https:\/\/paroisses-nancy-sud.fr\/HOME\/wp-json\/wp\/v2\/tags?post=3625"}],"curies":[{"name":"wp","href":"https:\/\/api.w.org\/{rel}","templated":true}]}}