{"id":3662,"date":"2024-02-25T08:49:00","date_gmt":"2024-02-25T07:49:00","guid":{"rendered":"https:\/\/paroisses-nancy-sud.fr\/HOME\/?p=3662"},"modified":"2024-02-25T08:49:00","modified_gmt":"2024-02-25T07:49:00","slug":"annonces-de-la-visitation-du-25-fevrier","status":"publish","type":"post","link":"https:\/\/paroisses-nancy-sud.fr\/HOME\/annonces-de-la-visitation-du-25-fevrier\/","title":{"rendered":"Annonces de la Visitation du 25 f\u00e9vrier"},"content":{"rendered":"\n<p><span style=\"color: #000000;\"><span style=\"text-decoration: underline;\"><strong>Les cinq rencontres de Car\u00eame<\/strong><\/span> pour notre paroisse auront lieu cinq jeudis de suite \u00e0 15h00, \u00e0\u00a0 la salle paroissiale de Neuves-Maisons, elles pourront \u00eatre suivies par la messe \u00e0 16h30.<\/span><br \/><span style=\"color: #000000;\">L\u2019animation est assur\u00e9e par Mr. Patrice Kelche.<\/span><\/p>\n<p><span style=\"color: #000000;\"><strong>22 f\u00e9vrier :<\/strong> Quelle est notre attitude face \u00e0 la pri\u00e8re ? <span style=\"font-size: revert;\">Quels sont nos probl\u00e8mes, \u00e9ventuellement ? <br \/><\/span><strong style=\"font-size: revert;\">29 f\u00e9vrier<\/strong><span style=\"font-size: revert;\"> : Quelle utilit\u00e9, pour nous chr\u00e9tiens, \u00e0 la lumi\u00e8re des Psaumes de I \u2018Ancien Testament ?<br \/><\/span><strong>07 mars<\/strong> : Comment J\u00e9sus nous aide-t-il par sa pri\u00e8re et par les conseils qu\u2019il nous donne ?<\/span><br \/><span style=\"color: #000000;\"><strong>14 mars<\/strong> : QueIIe aide obtenir de I \u2018Esprit Saint et des saints ?<\/span><br \/><span style=\"color: #000000;\"><strong>21 mars<\/strong> : Quels tr\u00e9sors d\u00e9couvre-t-on dans la pri\u00e8re du Notre P\u00e8re et celle du Magnificat ?<\/span><\/p>\n<p><span style=\"color: #000000;\"><strong>\u00a0<\/strong><strong><span style=\"text-decoration: underline;\">Vendredi 15 mars, \u00e0 19H00<\/span>,<\/strong> \u00e0 la salle paroissiale de Neuves-Maisons, le CCFD propose de visionner le t\u00e9moignage d\u2019un partenaire du CCFD\u00a0 repr\u00e9sentant l\u2019ADEPA au S\u00e9n\u00e9gal\u00a0: <em>d\u00e9fense des artisans p\u00eacheurs du S\u00e9n\u00e9gal menac\u00e9s par la surp\u00eache industrielle.<\/em><\/span><\/p>\n<p><span style=\"color: #000000;\"><span style=\"text-decoration: underline;\"><strong>Les dimanches 03, 10 et 17 mars<\/strong> <\/span>\u00e0 Neuves-Maisons, 3 semaines avant leurs bapt\u00eames,\u00a0l&rsquo;\u00c9glise offrira aux futurs baptis\u00e9s Lucile et Daniel, trois rites p\u00e9nitentiels appel\u00e9s \u00ab scrutins \u00bb.<\/span><\/p>\n<p><span style=\"color: #000000;\"><span style=\"text-decoration: underline;\"><strong>Du 3 au 8 mars\u00a0<\/strong><\/span>: Les pr\u00eatres de notre dioc\u00e8se partiront en\u00a0<strong>retraite \u00e0 Orval, en Belgique.<\/strong><\/span><\/p>\n<p><span style=\"color: #000000;\"><span style=\"text-decoration: underline;\"><strong>\u00a0<\/strong><\/span><strong><span style=\"text-decoration: underline;\">Le discernement dans l\u2019Esprit Saint, \u00e7a veut dire quoi ?<\/span><br \/><\/strong>D\u00e9couvrez une s\u00e9rie de vid\u00e9os pour explorer des th\u00e8mes en lien avec la\u00a0<a style=\"color: #000000;\" href=\"https:\/\/www.catholique-nancy.fr\/conversion-missionnaire\/\">d\u00e9marche de conversion missionnaire<\/a>\u00a0lanc\u00e9e par notre \u00e9v\u00eaque, Monseigneur Pierre-Yves Michel, en d\u00e9cembre dernier.<\/span><br \/><span style=\"color: #000000;\">Ces vid\u00e9os ont pour but d\u2019\u00e9clairer le chemin de conversion missionnaire de chacun.<\/span><br \/><span style=\"color: #000000;\">Disponibles d\u00e8s maintenant en suivant <a style=\"color: #000000;\" href=\"https:\/\/www.youtube.com\/watch?v=eegzYXnoEZs\">ce lien<\/a>\u00a0<\/span><\/p>\n<p><span style=\"color: #000000;\"><strong>\u00a0<\/strong><span style=\"text-decoration: underline;\"><strong>Les traditionnels \u0153ufs de P\u00e2ques<\/strong><\/span> propos\u00e9s par les \u0153uvres de la collecte dioc\u00e9saine, au prix\u00a0de 0,75 euros, sont disponibles, merci de pr\u00e9parez vos commandes et de vous adresser au secr\u00e9tariat. Une vente sera \u00e9galement propos\u00e9e \u00e0 la sortie de l\u2019\u00e9glise.<\/span><\/p>\n<p><span style=\"color: #000000;\"><span style=\"text-decoration: underline;\"><strong>Messes en semaine<em>\u00a0<br \/><\/em><\/strong><\/span>Jeudi\u00a0: adoration \u00e0 16h00 et messe \u00e0 16h30 \u00e0 la chapelle.<\/span><br \/><span style=\"color: #000000;\">Vendredi\u00a0: messe \u00e0 08h20 chez les s\u0153urs \u00e0 Bainville, 67 rue Jacques Callot.<\/span><\/p>\n<p><span style=\"color: #000000;\"><span style=\"text-decoration: underline;\"><strong>Messes \u00e0 la Visitation<br \/><\/strong><\/span>Samedi 02 mars\u00a0: 18h00 \u00e0 Sexey<\/span><br \/><span style=\"color: #000000;\">Dimanche 03 mars\u00a0: 10h00 \u00e0 Xeuilley et 10h30 \u00e0 Neuves-Maisons.<\/span><\/p>\n<p><span style=\"color: #000000;\"><u><strong>Permanences \u00e0 la maison paroissiale<\/strong> :<\/u> <\/span><br \/><span style=\"color: #000000;\">Mardi de 14h \u00e0 16h30 et Samedi de 9h30 \u00e0 11h30<\/span><br \/><span style=\"color: #000000;\">tel : 03 83 47 25 54 \u2013 <em><strong>adresse mail<\/strong><\/em><strong> : <\/strong><a style=\"color: #000000;\" href=\"mailto:visitationmm@orange.fr\">visitationmm@orange.fr<\/a>\u00a0 <\/span><br \/><span style=\"color: #000000;\">Horaires des messes :\u00a0 <a style=\"color: #000000;\" href=\"https:\/\/messes.info\/\">messesinfo<\/a><em> (cliquer sur le lien)<\/em><\/span><\/p>\n","protected":false},"excerpt":{"rendered":"<p>Les cinq rencontres de Car\u00eame pour notre paroisse auront lieu cinq jeudis de suite \u00e0 15h00, \u00e0\u00a0 la salle paroissiale de Neuves-Maisons, elles pourront \u00eatre suivies par la messe \u00e0 16h30.L\u2019animation est assur\u00e9e par Mr. Patrice Kelche. 22 f\u00e9vrier : Quelle est notre attitude face \u00e0 la pri\u00e8re ? Quels sont nos probl\u00e8mes, \u00e9ventuellement ?&hellip; <br \/> <a class=\"read-more\" href=\"https:\/\/paroisses-nancy-sud.fr\/HOME\/annonces-de-la-visitation-du-25-fevrier\/\">Lire la suite<\/a><\/p>\n","protected":false},"author":5,"featured_media":471,"comment_status":"closed","ping_status":"open","sticky":false,"template":"","format":"standard","meta":[],"categories":[10],"tags":[],"acf":[],"_links":{"self":[{"href":"https:\/\/paroisses-nancy-sud.fr\/HOME\/wp-json\/wp\/v2\/posts\/3662"}],"collection":[{"href":"https:\/\/paroisses-nancy-sud.fr\/HOME\/wp-json\/wp\/v2\/posts"}],"about":[{"href":"https:\/\/paroisses-nancy-sud.fr\/HOME\/wp-json\/wp\/v2\/types\/post"}],"author":[{"embeddable":true,"href":"https:\/\/paroisses-nancy-sud.fr\/HOME\/wp-json\/wp\/v2\/users\/5"}],"replies":[{"embeddable":true,"href":"https:\/\/paroisses-nancy-sud.fr\/HOME\/wp-json\/wp\/v2\/comments?post=3662"}],"version-history":[{"count":1,"href":"https:\/\/paroisses-nancy-sud.fr\/HOME\/wp-json\/wp\/v2\/posts\/3662\/revisions"}],"predecessor-version":[{"id":3663,"href":"https:\/\/paroisses-nancy-sud.fr\/HOME\/wp-json\/wp\/v2\/posts\/3662\/revisions\/3663"}],"wp:featuredmedia":[{"embeddable":true,"href":"https:\/\/paroisses-nancy-sud.fr\/HOME\/wp-json\/wp\/v2\/media\/471"}],"wp:attachment":[{"href":"https:\/\/paroisses-nancy-sud.fr\/HOME\/wp-json\/wp\/v2\/media?parent=3662"}],"wp:term":[{"taxonomy":"category","embeddable":true,"href":"https:\/\/paroisses-nancy-sud.fr\/HOME\/wp-json\/wp\/v2\/categories?post=3662"},{"taxonomy":"post_tag","embeddable":true,"href":"https:\/\/paroisses-nancy-sud.fr\/HOME\/wp-json\/wp\/v2\/tags?post=3662"}],"curies":[{"name":"wp","href":"https:\/\/api.w.org\/{rel}","templated":true}]}}