{"id":3664,"date":"2024-02-25T08:59:14","date_gmt":"2024-02-25T07:59:14","guid":{"rendered":"https:\/\/paroisses-nancy-sud.fr\/HOME\/?p=3664"},"modified":"2024-02-25T08:59:14","modified_gmt":"2024-02-25T07:59:14","slug":"annonces-de-saint-francois-de-sales-et-sainte-jeanne-de-chantal-du-25-fevrier","status":"publish","type":"post","link":"https:\/\/paroisses-nancy-sud.fr\/HOME\/annonces-de-saint-francois-de-sales-et-sainte-jeanne-de-chantal-du-25-fevrier\/","title":{"rendered":"Annonces de Saint-Fran\u00e7ois-de-Sales et Sainte-Jeanne-de-Chantal du 25 f\u00e9vrier"},"content":{"rendered":"\n<p><span style=\"color: #000000;\"><strong><span style=\"text-decoration: underline;\">Eveil \u00e0 la Foi<\/span> :<br \/><\/strong><strong>Le dimanche 25 f\u00e9vrier, les enfants de 3 \u00e0 7 ans et leurs parents <\/strong>se retrouveront \u00e0 <strong>9h30 \u00e0 Jarville.<\/strong><\/span><\/p>\n<p><span style=\"color: #000000;\"><span style=\"text-decoration: underline;\"><strong>Car\u00eame 2024 : Seigneur apprends-nous \u00e0 prier<br \/><\/strong><\/span><strong><span style=\"text-decoration: underline;\">Le Car\u00eame, l\u2019occasion de d\u00e9couvrir nos temps de pri\u00e8re en paroisse\u00a0<\/span>:<\/strong><strong>\u00a0<\/strong><\/span><\/p>\n<p><span style=\"color: #000000;\"><strong>&#8211; Tous les vendredis \u00e0 18h \u00e0 Jarville, temps d\u2019adoration <\/strong>(suivi de la messe \u00e0 19h)<\/span><\/p>\n<p><span style=\"color: #000000;\"><strong>&#8211; Le jeudi 7 mars<\/strong>, <strong>\u00e0 17h00 \u00e0 Jarville,<\/strong> \u00e0 la crypte\u00a0:<strong> Pri\u00e8re d\u2019intercession pour les malades et les personnes en difficult\u00e9\u00a0: <\/strong>Nous confions \u00e0 Dieu les pr\u00e9occupations familiales, les interrogations, les soucis de maladie, et ceux qui demandent de prier pour eux.<\/span><\/p>\n<p><span style=\"color: #000000;\">&#8211; <strong>Le jeudi 7 mars, \u00e0 Jarville \u00e0 20h30\u00a0<\/strong>\u00e0 la crypte\u00a0<strong>: Heure sainte <\/strong>: c\u2019est un temps donn\u00e9 au Seigneur pour r\u00e9pondre \u00e0 son invitation de veiller et de prier. Rester avec J\u00e9sus une heure c\u2019est Lui montrer notre gratitude devant son don total.\u00a0<\/span><\/p>\n<p><span style=\"color: #000000;\"><strong><span style=\"text-decoration: underline;\">Lecture priante de la Passion du Christ :<\/span><br \/><\/strong><strong>\u00a0 \u00a0 \u00a0 Le lundi 11 mars \u00e0 10h, \u00e0 Jarville, <\/strong>dans les salles paroissiale, lecture priante de la Passion du Christ selon Saint Marc 14,1-15,47.<\/span><\/p>\n<p><span style=\"color: #000000;\"><strong><span style=\"text-decoration: underline;\">Chemins de croix<\/span><br \/><\/strong><strong>&#8211; Tous les vendredis \u00e0 15h, <\/strong>chemin de croix \u00e0 l\u2019\u00e9glise d\u2019Heillecourt<\/span><br \/><span style=\"color: #000000;\"><strong>&#8211; Et aussi les vendredis \u00e0 15h, <\/strong>chemin de croix en alternance dans les autres \u00e9glises de nos 2 paroisses\u00a0: <strong>le vendredi 1<sup>er<\/sup> mars \u00e0 Fl\u00e9ville<\/strong> puis le 8 mars \u00e0 Flavigny\u00a0; le 15 \u00e0 Richardm\u00e9nil, et le 22 \u00e0 Ludres.\u00a0 \u00a0<\/span><\/p>\n<p><span style=\"color: #000000;\"><strong><span style=\"text-decoration: underline;\">Apr\u00e8s-midi \u2018\u2019La joie du pardon\u2019\u2019 :<\/span><br \/><\/strong><strong>\u00a0 \u00a0 \u00a0 \u00a0 \u00a0 \u00a0 Le samedi 23 mars \u00e0 Jarville, pour les familles et pour tous, <\/strong>une apr\u00e8s-midi avec des t\u00e9moignages de pardon et de foi suivis d\u2019une c\u00e9l\u00e9bration du pardon avec possibilit\u00e9 de confession.<\/span><\/p>\n<p><span style=\"color: #000000;\"><strong>Autres c\u00e9l\u00e9brations du pardon (<\/strong>dites c\u00e9l\u00e9brations p\u00e9nitentielles) :<\/span><br \/><span style=\"color: #000000;\"><strong>\u00a0 \u00a0 \u00a0 \u00a0 \u00a0 Lundi 25 mars \u00e0 14h \u00e0 Neuves-Maisons, \u00e0 16h \u00e0 Heillecourt et \u00e0 19h \u00e0 Jarville.<\/strong><\/span><\/p>\n<p><span style=\"color: #000000;\"><strong><span style=\"text-decoration: underline;\">Deux soir\u00e9es solidarit\u00e9:<\/span><br \/><\/strong>&#8211; <strong>A Jarville<\/strong>\u00a0: \u00a0Comme tous les ans le <strong>CCFD Terre solidaire nous invite<\/strong> \u00e0 vivre un chemin de Car\u00eame. L\u2019\u00e9quipe locale vous propose\u00a0<strong>le mercredi 13 mars <\/strong>\u00e0 18h45 salles paroissiales une soir\u00e9e pain-pommes au cours de laquelle des b\u00e9n\u00e9voles vous exposeront le sens de leur engagement et qui se poursuivra par un temps de pr\u00e9sentation d\u2019une \u0153uvre d\u2019art sur la multiplication des pains.<\/span><\/p>\n<p><span style=\"color: #000000;\"><strong>&#8211;<\/strong><strong> A Ludres\u00a0: Vivre en communaut\u00e9 le temps du je\u00fbne, le vendredi 15 mars, <\/strong>l\u2019EAP propose une soir\u00e9e conf\u00e9rence, bol de riz, pri\u00e8re. A 18h30\u00a0<strong><em>\u2018\u2019 Joyeux dans l\u2019Esp\u00e9rance\u2019\u2019 une <\/em><\/strong>conf\u00e9rence-d\u00e9bat<em> avec<\/em> s\u0153ur Carine\u00a0; dominicaine, \u00e0 19h30\u00a0: repas bol de riz (participation au b\u00e9n\u00e9fice de l\u2019Association des migrants), \u00e0 20h30\u00a0: temps de pri\u00e8re \u00e0 l\u2019\u00e9glise.<\/span><\/p>\n<p><span style=\"color: #000000;\"><strong>&#8211; Le dimanche 17 mars, <\/strong>5<sup>\u00e8me<\/sup> dimanche de Car\u00eame, une collecte pour financer les actions du CCFD contre la faim et le sous-d\u00e9veloppement aura lieu \u00e0 la sortie des messes. Des livrets et enveloppes sont disponibles au fond des \u00e9glises.<\/span><\/p>\n<p><span style=\"color: #000000;\"><span style=\"text-decoration: underline;\"><strong>Collecte solidarit\u00e9<br \/><\/strong><\/span>&#8211;\u00a0\u00a0\u00a0\u00a0\u00a0\u00a0\u00a0\u00a0 <strong>Des paniers seront au fond de nos \u00e9glises<\/strong> pour r\u00e9colter des produits d\u2019alimentation non p\u00e9rissables et des produits d\u2019hygi\u00e8ne pour l\u2019association \u2018\u2019la soupe des-sans abri\u2019\u2019 en particulier.<\/span><\/p>\n<p><span style=\"color: #000000;\">&#8211;\u00a0 \u00a0 \u00a0 \u00a0 \u00a0 \u00a0<strong>Vente des \u0153ufs de P\u00e2ques\u00a0pour l\u2019association dioc\u00e9saine : samedi 9 et dimanche 10<\/strong> <strong>mars<\/strong> \u00e0 la sortie des messes \u00e0 Saint-Fran\u00e7ois-de-Sales et \u00e0 Flavigny. Pour la paroisse Sainte-Jeanne-de-Chantal, contacter Marie-Th\u00e9r\u00e8se St\u00e9venin au 06 71 18 51 77.<\/span><\/p>\n<p><span style=\"color: #000000;\"><span style=\"text-decoration: underline;\"><strong>Horaires des messes dominicales des 2 et 3 mars 2024<br \/><\/strong><\/span><strong>Samedi 2 mars : 18h <\/strong>Heillecourt, Laneuveville, Sexey aux Forges<\/span><br \/><span style=\"color: #000000;\"><strong>Dimanche 3 mars : 10h <\/strong>Xeuilley <strong>10h30 <\/strong>Jarville, Neuves-Maisons<strong> \u00a0\u00a0\u00a0\u00a0\u00a0\u00a0\u00a011h <\/strong>Ludres<\/span><\/p>\n<p><span style=\"color: #000000;\"><strong>\u2018\u2019Seigneur, apprends-nous \u00e0 prier car nous ne savons pas prier comme il faut.\u2019\u2019<\/strong> <strong><em>Luc, 11, 1 :<br \/><\/em><\/strong><span style=\"text-decoration: underline;\"><strong>Le livret <\/strong><\/span>propos\u00e9 par notre \u00e9v\u00eaque et l\u2019\u00e9quipe dioc\u00e9saine<strong> est toujours disponible.<\/strong> Un document est disponible chaque mois pour la compr\u00e9hension de l\u2019\u0153uvre d\u2019art, sur le site de nos paroisses Nancy-Sud ou celui du dioc\u00e8se. Vous pouvez donner 1\u20ac ou un peu plus.<\/span><\/p>\n<p><span style=\"color: #000000;\"><span style=\"text-decoration: underline;\"><strong>AJC, aum\u00f4nerie des jeunes du secteur<br \/><\/strong><\/span><strong>Le vendredi 8 mars \u00e0 Jarville, \u00e0 19h\u00a0<\/strong>: un temps de pri\u00e8re, un temps de repas, un temps d\u2019enseignement et de partage autour du th\u00e8me \u2018<em>Foi et science, un mariage impossible\u00a0?<\/em> \u2019<\/span><\/p>\n<p><span style=\"color: #000000;\"><strong><span style=\"text-decoration: underline;\">Qu\u00eate du premier dimanche du mois<\/span><br \/><\/strong><strong>Les samedi 2 mars et dimanche 3 mars<\/strong> la qu\u00eate sera faite \u00e0 la sortie des messes. Ces qu\u00eates aident \u00e0 couvrir les frais pastoraux et de fonctionnement de nos paroisses. Merci de votre participation.<\/span><\/p>\n<p><span style=\"color: #000000;\"><span style=\"text-decoration: underline;\"><strong>AUTRES ANNONCES :<br \/><\/strong><\/span><strong>\u00a0&#8211; <span style=\"text-decoration: underline;\">Dialogue inter-religieux : Croisons nos regards sur le je\u00fbne :<\/span><br \/><\/strong>Le service dioc\u00e9sain du dialogue interreligieux et la Mosqu\u00e9e Assalam de Tomblaine vous invitent \u00e0 un dialogue interreligieux sur le th\u00e8me <strong>\u00ab\u00a0Le Ramadan et le Car\u00eame dans la vie du croyant\u00a0\u00bb. <\/strong>La rencontre a lieu le\u00a0<strong>dimanche 25 f\u00e9vrier<\/strong>, de 14h \u00e0 16h, \u00e0 la mosqu\u00e9e Assalam, 113 boulevard Tolstoi \u00e0\u00a0<strong>Tomblaine<\/strong>\u00a0(entr\u00e9e libre). P\u00e8re Pierre Binsinger, pr\u00eatre de notre dioc\u00e8se, et Amine Nejdi, recteur de la mosqu\u00e9e Assalam, interviendront pour croiser leurs regards sur le je\u00fbne. Contact\u00a0:06.86.26.83.95.<\/span><\/p>\n<p><span style=\"color: #000000;\"><strong>\u00a0&#8211;<span style=\"text-decoration: underline;\"> Retraite des jeunes \u2018\u2019 Enraciner sa vie dans l\u2019amiti\u00e9 avec J\u00e9sus\u2019\u2019<br \/><\/span><\/strong><strong>Du vendredi 15 mars \u00e0 10h au dimanche 17 mars \u00e0 17h30 <\/strong>au Centre spirituel dico\u00e9sain<strong>. <\/strong>\u00c9couter Dieu\u2026 Entendre sa Parole\u2026 Ces phrases reviennent souvent \u00e0 nos oreilles, mais concr\u00e8tement avons-nous vraiment d\u00e9j\u00e0 fait cette exp\u00e9rience dans le silence de notre c\u0153ur ? L\u2019\u00e9quipe de formation spirituelle, le P. Aubry et le Service des Jeunes proposent aux 17 \u2013 35 ans de venir\u00a0<strong>vivre ce moment de c\u0153ur \u00e0 c\u0153ur avec le Christ pour entendre vraiment ce qu\u2019Il a \u00e0 nous dire et enraciner notre vie dans l\u2019amiti\u00e9 avec Lui <\/strong>! Retraite de 2 ou 3 jours selon ses possibilit\u00e9s. Voir le site du dioc\u00e8se pour s\u2019inscrire<\/span><\/p>\n<p><span style=\"color: #000000;\"><span style=\"text-decoration: underline;\"><strong>\u00a0&#8211; Association dioc\u00e9saine ordinaire A.D.O :<br \/><\/strong><\/span>Suite au questionnaire sur <em>\u2019\u2019 la conversion missionnaire sous l\u2019action de l\u2019Esprit saint\u2019\u2019<\/em> propos\u00e9 \u00e0 tous les fid\u00e8les, aux communaut\u00e9s de croyants et aux \u00e9quipes d\u2019animation pastorale, <strong>Mgr Pierre-Yves Michel r\u00e9unit l\u2019Assembl\u00e9e dioc\u00e9saine ordinaire<\/strong> <strong>le samedi 16 mars <\/strong>pour vivre un temps important de<strong> discernement.<br \/><\/strong>Visant \u00e0 refl\u00e9ter la diversit\u00e9 du dioc\u00e8se, L\u2019A.D.O regroupe des la\u00efcs, pr\u00eatres, diacres et religieux exer\u00e7ant diff\u00e9rentes responsabilit\u00e9s eccl\u00e9siales. Son objectif\u00a0: faire remonter vers l\u2019\u00e9v\u00eaque ce qui est v\u00e9cu sur le terrain, donner \u00e0 chacun la possibilit\u00e9 de s\u2019exprimer sur les d\u00e9cisions prises et les orientations mises en \u0153uvre.<\/span><\/p>\n<p><span style=\"color: #000000;\"><span style=\"text-decoration: underline;\"><strong>\u00a0&#8211; WE pour les amoureux et fianc\u00e9s :<br \/><\/strong><\/span><strong>30h pour mieux s\u2019aimer : un week-end pour s\u2019arr\u00eater, vivre, r\u00e9fl\u00e9chir en couple \u00e0 notre projet d\u2019amour. <\/strong>Comment s\u2019aimer et s\u2019engager pour un amour durable ? Comment s\u2019accueillir dans nos diff\u00e9rences ? Qu\u2019apporte le sacrement de mariage ? avec le p\u00e8re C\u00e9dric Burgun et des couples t\u00e9moins. <strong>Du 16 mars \u00e0 11h au 17 mars \u00e0 16h \u00e0 Saint-Jean-de-Bassel<\/strong><em>. <\/em>Inscription sur le site du dioc\u00e8se.<\/span><\/p>\n","protected":false},"excerpt":{"rendered":"<p>Eveil \u00e0 la Foi :Le dimanche 25 f\u00e9vrier, les enfants de 3 \u00e0 7 ans et leurs parents se retrouveront \u00e0 9h30 \u00e0 Jarville. Car\u00eame 2024 : Seigneur apprends-nous \u00e0 prierLe Car\u00eame, l\u2019occasion de d\u00e9couvrir nos temps de pri\u00e8re en paroisse\u00a0:\u00a0 &#8211; Tous les vendredis \u00e0 18h \u00e0 Jarville, temps d\u2019adoration (suivi de la messe&hellip; <br \/> <a class=\"read-more\" href=\"https:\/\/paroisses-nancy-sud.fr\/HOME\/annonces-de-saint-francois-de-sales-et-sainte-jeanne-de-chantal-du-25-fevrier\/\">Lire la suite<\/a><\/p>\n","protected":false},"author":5,"featured_media":2464,"comment_status":"closed","ping_status":"open","sticky":false,"template":"","format":"standard","meta":[],"categories":[7],"tags":[],"acf":[],"_links":{"self":[{"href":"https:\/\/paroisses-nancy-sud.fr\/HOME\/wp-json\/wp\/v2\/posts\/3664"}],"collection":[{"href":"https:\/\/paroisses-nancy-sud.fr\/HOME\/wp-json\/wp\/v2\/posts"}],"about":[{"href":"https:\/\/paroisses-nancy-sud.fr\/HOME\/wp-json\/wp\/v2\/types\/post"}],"author":[{"embeddable":true,"href":"https:\/\/paroisses-nancy-sud.fr\/HOME\/wp-json\/wp\/v2\/users\/5"}],"replies":[{"embeddable":true,"href":"https:\/\/paroisses-nancy-sud.fr\/HOME\/wp-json\/wp\/v2\/comments?post=3664"}],"version-history":[{"count":1,"href":"https:\/\/paroisses-nancy-sud.fr\/HOME\/wp-json\/wp\/v2\/posts\/3664\/revisions"}],"predecessor-version":[{"id":3665,"href":"https:\/\/paroisses-nancy-sud.fr\/HOME\/wp-json\/wp\/v2\/posts\/3664\/revisions\/3665"}],"wp:featuredmedia":[{"embeddable":true,"href":"https:\/\/paroisses-nancy-sud.fr\/HOME\/wp-json\/wp\/v2\/media\/2464"}],"wp:attachment":[{"href":"https:\/\/paroisses-nancy-sud.fr\/HOME\/wp-json\/wp\/v2\/media?parent=3664"}],"wp:term":[{"taxonomy":"category","embeddable":true,"href":"https:\/\/paroisses-nancy-sud.fr\/HOME\/wp-json\/wp\/v2\/categories?post=3664"},{"taxonomy":"post_tag","embeddable":true,"href":"https:\/\/paroisses-nancy-sud.fr\/HOME\/wp-json\/wp\/v2\/tags?post=3664"}],"curies":[{"name":"wp","href":"https:\/\/api.w.org\/{rel}","templated":true}]}}