{"id":3666,"date":"2024-02-25T09:03:00","date_gmt":"2024-02-25T08:03:00","guid":{"rendered":"https:\/\/paroisses-nancy-sud.fr\/HOME\/?p=3666"},"modified":"2024-02-25T09:03:00","modified_gmt":"2024-02-25T08:03:00","slug":"dimanche-de-la-transfiguration","status":"publish","type":"post","link":"https:\/\/paroisses-nancy-sud.fr\/HOME\/dimanche-de-la-transfiguration\/","title":{"rendered":"Dimanche de la Transfiguration"},"content":{"rendered":"\n<p><span style=\"color: #000000;\"><strong>Le r\u00e9cit de la transfiguration<\/strong> nous est donn\u00e9 \u00e0 m\u00e9diter en ce deuxi\u00e8me dimanche de car\u00eame. Comme J\u00e9sus a \u00e9t\u00e9 transfigur\u00e9 sur une haute montagne, ce r\u00e9cit nous invite \u00e0 nous transfigurer et \u00e0 transformer notre regard sur Dieu. <\/span><\/p>\n<p><span style=\"color: #000000;\">Abraham a chang\u00e9 son regard sur Dieu et a d\u00e9couvert que son Dieu n&rsquo;aime pas le sacrifice humain et qu&rsquo;il est fid\u00e8le \u00e0 sa promesse. Les disciples de J\u00e9sus, Pierre, Jacques et Jean, ont d\u00e9couvert qui est J\u00e9sus sur la haute montagne. \u00a0\u00bb Celui-ci est mon fils bien-aim\u00e9 : \u00e9coutez-le ! \u00a0\u00bb C&rsquo;est ainsi que Dieu r\u00e9v\u00e8le son Fils unique au monde. J\u00e9sus ordonna \u00e0 ses disciples de ne raconter \u00e0 personne ce qu&rsquo;ils avaient vu. Car ils vont de nouveau d\u00e9couvrir qui est J\u00e9sus, crucifi\u00e9 entre deux brigands, sur le calvaire. La gloire et la souffrance, sont les deux faces du m\u00eame amour de Dieu pour l&rsquo;humanit\u00e9 tel qu&rsquo;il s&rsquo;est incarn\u00e9 en J\u00e9sus-Christ.<\/span><\/p>\n<p><span style=\"color: #000000;\">\u00a0\u00bb Je crois, et je parlerai, moi qui ai beaucoup souffert.\u00a0\u00bb nous dit le psaume de ce dimanche. Quel est notre regard sur Dieu au moment des \u00e9preuves ? Dieu a mis Abraham \u00e0 l&rsquo;\u00e9preuve. Il lui a demand\u00e9 d\u2019offrir Isaac, son fils unique. Dieu a aussi mis Job \u00e0 l&rsquo;\u00e9preuve. Abraham et Job \u00e9taient fid\u00e8les au moment des \u00e9preuves et se sont appuy\u00e9s sur Dieu. Certes, les \u00e9preuves de la vie nous fatiguent et nous attristent.<\/span><\/p>\n<p><span style=\"color: #000000;\"> Apr\u00e8s avoir travers\u00e9 quelques \u00e9preuves, nous perdons parfois notre foi ; nous nous \u00e9loignons de Dieu, de l\u2019\u00c9glise et des pratiques religieuses. Mais soyons s\u00fbrs que Dieu n\u2019est pas indiff\u00e9rent devant nos souffrances ; qu\u2019il ne nous abandonne pas dans les \u00e9preuves et qu&rsquo;il nous donne la force n\u00e9cessaire pour sortir des \u00e9preuves. Les \u00e9preuves nous rendent forts. Elles transfigurent et transforment notre vie. Au lieu de nous \u00e9loigner de Dieu, traversons les \u00e9preuves de la vie avec lui. Si Dieu est pour nous, qui sera contre nous ? Quoiqu&rsquo;il arrive, mettons notre foi, notre confiance et notre esp\u00e9rance en Dieu. En ce temps de car\u00eame, les yeux fix\u00e9s sur J\u00e9sus Christ, entrons dans le combat de Dieu.<\/span><\/p>\n<p style=\"text-align: right;\"><span style=\"color: #000000;\"><em>Raj, pr\u00eatre<\/em><\/span><\/p>\n<p>\u00a0<\/p>\n","protected":false},"excerpt":{"rendered":"<p>Le r\u00e9cit de la transfiguration nous est donn\u00e9 \u00e0 m\u00e9diter en ce deuxi\u00e8me dimanche de car\u00eame. Comme J\u00e9sus a \u00e9t\u00e9 transfigur\u00e9 sur une haute montagne, ce r\u00e9cit nous invite \u00e0 nous transfigurer et \u00e0 transformer notre regard sur Dieu. Abraham a chang\u00e9 son regard sur Dieu et a d\u00e9couvert que son Dieu n&rsquo;aime pas le&hellip; <br \/> <a class=\"read-more\" href=\"https:\/\/paroisses-nancy-sud.fr\/HOME\/dimanche-de-la-transfiguration\/\">Lire la suite<\/a><\/p>\n","protected":false},"author":14,"featured_media":523,"comment_status":"closed","ping_status":"open","sticky":false,"template":"","format":"standard","meta":[],"categories":[6],"tags":[],"acf":[],"_links":{"self":[{"href":"https:\/\/paroisses-nancy-sud.fr\/HOME\/wp-json\/wp\/v2\/posts\/3666"}],"collection":[{"href":"https:\/\/paroisses-nancy-sud.fr\/HOME\/wp-json\/wp\/v2\/posts"}],"about":[{"href":"https:\/\/paroisses-nancy-sud.fr\/HOME\/wp-json\/wp\/v2\/types\/post"}],"author":[{"embeddable":true,"href":"https:\/\/paroisses-nancy-sud.fr\/HOME\/wp-json\/wp\/v2\/users\/14"}],"replies":[{"embeddable":true,"href":"https:\/\/paroisses-nancy-sud.fr\/HOME\/wp-json\/wp\/v2\/comments?post=3666"}],"version-history":[{"count":1,"href":"https:\/\/paroisses-nancy-sud.fr\/HOME\/wp-json\/wp\/v2\/posts\/3666\/revisions"}],"predecessor-version":[{"id":3667,"href":"https:\/\/paroisses-nancy-sud.fr\/HOME\/wp-json\/wp\/v2\/posts\/3666\/revisions\/3667"}],"wp:featuredmedia":[{"embeddable":true,"href":"https:\/\/paroisses-nancy-sud.fr\/HOME\/wp-json\/wp\/v2\/media\/523"}],"wp:attachment":[{"href":"https:\/\/paroisses-nancy-sud.fr\/HOME\/wp-json\/wp\/v2\/media?parent=3666"}],"wp:term":[{"taxonomy":"category","embeddable":true,"href":"https:\/\/paroisses-nancy-sud.fr\/HOME\/wp-json\/wp\/v2\/categories?post=3666"},{"taxonomy":"post_tag","embeddable":true,"href":"https:\/\/paroisses-nancy-sud.fr\/HOME\/wp-json\/wp\/v2\/tags?post=3666"}],"curies":[{"name":"wp","href":"https:\/\/api.w.org\/{rel}","templated":true}]}}