{"id":3668,"date":"2024-02-25T10:00:00","date_gmt":"2024-02-25T09:00:00","guid":{"rendered":"https:\/\/paroisses-nancy-sud.fr\/HOME\/?p=3668"},"modified":"2024-02-25T09:17:44","modified_gmt":"2024-02-25T08:17:44","slug":"rien-ne-pourra-nous-separer-de-lui","status":"publish","type":"post","link":"https:\/\/paroisses-nancy-sud.fr\/HOME\/rien-ne-pourra-nous-separer-de-lui\/","title":{"rendered":"<strong>Rien ne pourra nous s\u00e9parer de Lui<\/strong>"},"content":{"rendered":"\n<p class=\"Standard\" style=\"margin-bottom: 5.65pt; text-align: justify;\"><span style=\"font-size: 15.5pt; font-family: Caladea; color: #000000;\">Fr\u00e8res et s\u0153urs, le car\u00eame est avant tout un chemin de pr\u00e9paration \u00e0 P\u00e2ques. Dans la nuit de P\u00e2ques, les cat\u00e9chum\u00e8nes seront baptis\u00e9s et les fid\u00e8les d\u00e9j\u00e0 baptis\u00e9s renouvelleront les promesses de leur bapt\u00eame\u00a0: nous rejetterons le p\u00e9ch\u00e9, le mal et Satan qui en est l&rsquo;auteur, nous professerons notre foi en Dieu P\u00e8re, Fils et Esprit Saint, nous recevrons l&rsquo;aspersion d&rsquo;eau baptismale.<\/span><\/p>\n<p class=\"Standard\" style=\"margin-bottom: 5.65pt; text-align: justify;\"><span style=\"font-size: 15.5pt; font-family: Caladea; color: #000000;\">\u00ab\u00a0<i>En ces jours-l\u00e0<\/i>, avons-nous entendu, <i>Dieu mit Abraham \u00e0 l\u2019\u00e9preuve.<\/i>\u00a0\u00bb La semaine derni\u00e8re, nous avons accompagn\u00e9 le Seigneur J\u00e9sus au d\u00e9sert, tent\u00e9 par Satan. Lorsque Satan tente une personne, c&rsquo;est dans le but de la faire tomber, c&rsquo;est afin de l&rsquo;enfoncer dans sa condition de faiblesse et de p\u00e9ch\u00e9.<\/span><\/p>\n<p class=\"Standard\" style=\"margin-bottom: 5.65pt; text-align: justify;\"><span style=\"font-size: 15.5pt; font-family: Caladea; color: #000000;\">Il n&rsquo;en est pas ainsi pour Dieu. Lorsque Dieu met \u00e0 l&rsquo;\u00e9preuve, c&rsquo;est toujours afin que la personne en sorte victorieuse, afin que l&rsquo;\u00e9preuve r\u00e9v\u00e8le sa force et sa foi. C&rsquo;est bien ce qui s&rsquo;est pass\u00e9 avec Abraham.<\/span><\/p>\n<p class=\"Standard\" style=\"margin-bottom: 5.65pt; text-align: justify;\"><span style=\"font-size: 15.5pt; font-family: Caladea; color: #000000;\">Abraham, ainsi que les juifs qui ont racont\u00e9 son histoire des si\u00e8cles apr\u00e8s, voyaient autour d&rsquo;eux les faux dieux assoiff\u00e9s de sang humain. Le dieu le plus grand \u00e9tait celui qui pouvait r\u00e9clamer les plus grands sacrifices. Aujourd&rsquo;hui encore, ici et ailleurs, les hommes continuent d&rsquo;abreuver les idoles du sang des innocents.<\/span><\/p>\n<p class=\"Standard\" style=\"margin-bottom: 5.65pt; text-align: justify;\"><span style=\"font-size: 15.5pt; font-family: Caladea; color: #000000;\">Abraham au contraire avait re\u00e7u du Seigneur, le Dieu unique, le seul Dieu, une promesse de vie\u00a0: promesse d&rsquo;une descendance aussi nombreuse que les \u00e9toiles du ciel et que le sable au bord des mers, promesse d&rsquo;\u00eatre b\u00e9ni et de devenir lui-m\u00eame une b\u00e9n\u00e9diction pour les autres. Le vrai Dieu ne r\u00e9clame pas la mort\u00a0; il donne la vie en surabondance. Abraham en \u00e9tait convaincu\u00a0: m\u00eame la mort n&rsquo;est pas un obstacle pour Dieu, m\u00eame la mort ne peut l&#8217;emp\u00eacher d&rsquo;accomplir sa promesse.<\/span><\/p>\n<p class=\"Standard\" style=\"margin-bottom: 5.65pt; text-align: justify;\"><span style=\"font-size: 15.5pt; font-family: Caladea; color: #000000;\">En effet, ce jour-l\u00e0, sur la montagne de Moriah, Dieu n&rsquo;a pas voulu de la vie du fils unique bien-aim\u00e9 d&rsquo;Abraham. Car Dieu, notre Dieu, le seul vrai Dieu, n&rsquo;est pas ainsi. Alors, qui donc est Dieu\u00a0? Qui est-il, celui en qui nous allons tr\u00e8s bient\u00f4t renouveler notre profession de foi dans la nuit de P\u00e2ques, et m\u00eame dans quelques minutes\u00a0?<\/span><\/p>\n<p class=\"Standard\" style=\"margin-bottom: 5.65pt; text-align: justify;\"><span style=\"color: #000000;\"><span style=\"font-size: 15.5pt; font-family: Caladea;\">\u00a0<\/span><span style=\"font-size: 15.5pt; font-family: Caladea;\">R\u00e9entendons ensemble les mots de Paul\u00a0: \u00ab\u00a0<i>Si Dieu est pour nous, qui sera contre nous\u00a0? Il n\u2019a pas \u00e9pargn\u00e9 son propre Fils, mais il l\u2019a livr\u00e9 pour nous tous. Dieu est celui qui rend juste\u00a0: alors, qui pourra condamner ? <\/i>\u00a0\u00bb et, si vous allez voir la suite du texte dans vos bibles, vous lirez ces paroles de feu de l&rsquo;Ap\u00f4tre\u00a0: \u00ab\u00a0<i>J\u2019en ai la certitude : ni la mort ni la vie, [\u2026] rien ne pourra nous s\u00e9parer de l\u2019amour de Dieu qui est dans le Christ J\u00e9sus notre Seigneur.\u00a0<\/i>\u00bb<\/span><\/span><\/p>\n<p class=\"Standard\" style=\"margin-bottom: 5.65pt; text-align: justify;\"><span style=\"font-size: 15.5pt; font-family: Caladea; color: #000000;\">Fr\u00e8res et s\u0153urs, Dieu est pour nous. Toujours. Dieu est P\u00e8re et il poursuit tout homme, toute femme, de son amour. Inlassablement. Le fils unique bien-aim\u00e9 qu&rsquo;il ne demandait pas \u00e0 Abraham, il l&rsquo;a sacrifi\u00e9 pour nous. Nous le croyons.<\/span><\/p>\n<p class=\"Standard\" style=\"margin-bottom: 5.65pt; text-align: justify;\"><span style=\"font-size: 15.5pt; font-family: Caladea; color: #000000;\">Je lisais r\u00e9cemment l&rsquo;histoire d&rsquo;une jeune femme. Toute son enfance, ses parents l&rsquo;ont appel\u00e9e leur fille pr\u00e9f\u00e9r\u00e9e, alors qu&rsquo;elle n&rsquo;avait pas de s\u0153ur. Un jour, dans sa pri\u00e8re, monte en elle une voix\u00a0: \u00ab\u00a0Tu es ma pr\u00e9f\u00e9r\u00e9e.\u00a0\u00bb Elle se raisonne\u00a0: que Dieu l&rsquo;aime, pourquoi pas, mais qu&rsquo;elle soit sa pr\u00e9f\u00e9r\u00e9e, c&rsquo;est impossible\u00a0! La voix monte \u00e0 nouveau en elle\u00a0: \u00ab\u00a0Je t&rsquo;ai pr\u00e9f\u00e9r\u00e9e \u00e0 mon Fils.\u00a0\u00bb Est-il utile de vous dire que cette parole vaut pour chacun ici\u00a0?<\/span><\/p>\n<p class=\"Standard\" style=\"margin-bottom: 5.65pt; text-align: justify;\"><span style=\"color: #000000;\"><span style=\"font-size: 15.5pt; font-family: Caladea;\">\u00a0<\/span><span style=\"font-size: 15.5pt; font-family: Caladea;\">Fr\u00e8res et s\u0153urs, dans la nuit de P\u00e2ques, apr\u00e8s avoir rejet\u00e9 le p\u00e9ch\u00e9, le mal et Satan, apr\u00e8s avoir profess\u00e9 notre foi en Dieu le P\u00e8re qui livre son Fils et justifie par l&rsquo;Esprit, nous serons asperg\u00e9s d&rsquo;eau en m\u00e9moire de notre bapt\u00eame.<\/span><\/span><\/p>\n<p class=\"Standard\" style=\"margin-bottom: 5.65pt; text-align: justify;\"><span style=\"font-size: 15.5pt; font-family: Caladea; color: #000000;\">L&rsquo;eau, c&rsquo;est la mort, le domaine du mal, le lieu du chaos. Au commencement du monde, Dieu a dompt\u00e9 les eaux et il y a fait foisonner la vie. \u00c0 travers les eaux de la mer rouge, Dieu a fait passer Mo\u00efse et le peuple vers la libert\u00e9. \u00c0 travers les eaux du Jourdain, Dieu a fait passer Elie vers le ciel. Les eaux du Jourdain ont recouvert le Seigneur J\u00e9sus \u00e0 son bapt\u00eame, et il les a sanctifi\u00e9es. Sur les eaux de la mer de Galil\u00e9e, il a march\u00e9 sans \u00eatre englouti par elles.<\/span><\/p>\n<p class=\"Standard\" style=\"margin-bottom: 5.65pt; text-align: justify;\"><span style=\"font-size: 15.5pt; font-family: Caladea; color: #000000;\">La mort, la mort corporelle, le Seigneur J\u00e9sus l&rsquo;a affront\u00e9e. Il est mort, il a \u00e9t\u00e9 enseveli et il est descendu aux enfers. C&rsquo;est ce dont il s&rsquo;entretenait avec Mo\u00efse et Elie\u00a0; c&rsquo;est ce qu&rsquo;il avait annonc\u00e9 \u00e0 ses ap\u00f4tres. Ce que la transfiguration annonce d\u00e9j\u00e0, ce que Pierre, Jacques et Jean ne comprennent pas encore, c&rsquo;est que J\u00e9sus est le Dieu vivant et que ni la mort, ni le mal, ni le chaos, ni les puissances infernales ne sont des obstacles pour Dieu, que rien ne l&#8217;emp\u00eachera d&rsquo;accomplir sa promesse.<\/span><\/p>\n<p class=\"Standard\" style=\"margin-bottom: 5.65pt; text-align: justify;\"><span style=\"font-size: 15.5pt; font-family: Caladea; color: #000000;\">Le jour de notre bapt\u00eame, nous avons \u00e9t\u00e9 mis en contact avec la mort\u00a0; elle a ruissel\u00e9 sur nous, nous y avons \u00e9t\u00e9 plong\u00e9s, mais elle n&rsquo;a pas pu nous nuire. Chaque fois que nous nous signons avec l&rsquo;eau b\u00e9nite, chaque fois que nous recevons cette aspersion, y compris l&rsquo;ultime aspersion de nos obs\u00e8ques, c&rsquo;est toujours la m\u00eame certitude\u00a0: ni les \u00e9preuves de la vie, ni la maladie, ni m\u00eame la mort ne peuvent me nuire car, pour qui a renonc\u00e9 \u00e0 Satan et qui s&rsquo;est attach\u00e9 au Dieu unique, le P\u00e8re du Seigneur J\u00e9sus, m\u00eame la mort du corps n&rsquo;est pas un obstacle \u00e0 la promesse.<\/span><\/p>\n<p class=\"Standard\" style=\"margin-bottom: 5.65pt; text-align: justify;\"><span style=\"color: #000000;\"><span style=\"font-size: 15.5pt; font-family: Caladea;\">\u00a0<\/span><span style=\"font-size: 15.5pt; font-family: Caladea;\">Fr\u00e8res et s\u0153urs, il y a tout cela dans le bapt\u00eame que nous allons recevoir ou r\u00e9nover dans la nuit de P\u00e2ques. Tout sacrement est un cri de foi en la force de Dieu au c\u0153ur d&rsquo;un monde secou\u00e9 par le mal.<\/span><\/span><\/p>\n<p class=\"Standard\" style=\"margin-bottom: 5.65pt; text-align: justify;\"><span style=\"font-size: 15.5pt; font-family: Caladea; color: #000000;\">L&rsquo;onction des malades c\u00e9l\u00e9br\u00e9e en l&rsquo;\u00e9glise de Neuves-Maisons il y a deux semaines, crie que Dieu n&rsquo;est pas absent de la vie des souffrants mais se penche pr\u00e9f\u00e9rentiellement sur eux. Le sacrement du pardon que nous allons recevoir au cours de ce car\u00eame crie la victoire toujours nouvelle du oui de Dieu \u00e0 l&rsquo;homme, plus fort que les non de l&rsquo;homme \u00e0 Dieu. Le sacrement de l&rsquo;eucharistie que nous c\u00e9l\u00e9brons aujourd&rsquo;hui crie que Dieu continue \u00e0 rassembler son peuple, \u00e0 se rendre pr\u00e9sent au milieu de lui, \u00e0 lui donner sa vie et \u00e0 l&rsquo;envoyer sans peur dans le monde.<\/span><\/p>\n<p class=\"Standard\" style=\"margin-bottom: 5.65pt; text-align: justify;\"><span style=\"color: #000000;\"><i><span style=\"font-size: 15.5pt; font-family: Caladea;\">\u00ab\u00a0J\u2019en ai la certitude : ni la mort ni la vie, ni les anges ni les Principaut\u00e9s c\u00e9lestes, ni le pr\u00e9sent ni l\u2019avenir, ni les Puissances, ni les hauteurs, ni les ab\u00eemes, ni aucune autre cr\u00e9ature, rien ne pourra nous s\u00e9parer de l\u2019amour de Dieu qui est dans le Christ J\u00e9sus notre Seigneur.\u00a0<\/span><\/i><span style=\"font-size: 15.5pt; font-family: Caladea;\">\u00bb\u00a0<i><\/i><\/span><\/span><\/p>\n<p style=\"text-align: right;\"><span style=\"color: #000000;\"><em>Alexandre-Marie Valder, pr\u00eatre<\/em><\/span><\/p>\n","protected":false},"excerpt":{"rendered":"<p>Fr\u00e8res et s\u0153urs, le car\u00eame est avant tout un chemin de pr\u00e9paration \u00e0 P\u00e2ques. Dans la nuit de P\u00e2ques, les cat\u00e9chum\u00e8nes seront baptis\u00e9s et les fid\u00e8les d\u00e9j\u00e0 baptis\u00e9s renouvelleront les promesses de leur bapt\u00eame\u00a0: nous rejetterons le p\u00e9ch\u00e9, le mal et Satan qui en est l&rsquo;auteur, nous professerons notre foi en Dieu P\u00e8re, Fils et&hellip; <br \/> <a class=\"read-more\" href=\"https:\/\/paroisses-nancy-sud.fr\/HOME\/rien-ne-pourra-nous-separer-de-lui\/\">Lire la suite<\/a><\/p>\n","protected":false},"author":9,"featured_media":290,"comment_status":"closed","ping_status":"open","sticky":false,"template":"","format":"standard","meta":[],"categories":[9],"tags":[],"acf":[],"_links":{"self":[{"href":"https:\/\/paroisses-nancy-sud.fr\/HOME\/wp-json\/wp\/v2\/posts\/3668"}],"collection":[{"href":"https:\/\/paroisses-nancy-sud.fr\/HOME\/wp-json\/wp\/v2\/posts"}],"about":[{"href":"https:\/\/paroisses-nancy-sud.fr\/HOME\/wp-json\/wp\/v2\/types\/post"}],"author":[{"embeddable":true,"href":"https:\/\/paroisses-nancy-sud.fr\/HOME\/wp-json\/wp\/v2\/users\/9"}],"replies":[{"embeddable":true,"href":"https:\/\/paroisses-nancy-sud.fr\/HOME\/wp-json\/wp\/v2\/comments?post=3668"}],"version-history":[{"count":1,"href":"https:\/\/paroisses-nancy-sud.fr\/HOME\/wp-json\/wp\/v2\/posts\/3668\/revisions"}],"predecessor-version":[{"id":3669,"href":"https:\/\/paroisses-nancy-sud.fr\/HOME\/wp-json\/wp\/v2\/posts\/3668\/revisions\/3669"}],"wp:featuredmedia":[{"embeddable":true,"href":"https:\/\/paroisses-nancy-sud.fr\/HOME\/wp-json\/wp\/v2\/media\/290"}],"wp:attachment":[{"href":"https:\/\/paroisses-nancy-sud.fr\/HOME\/wp-json\/wp\/v2\/media?parent=3668"}],"wp:term":[{"taxonomy":"category","embeddable":true,"href":"https:\/\/paroisses-nancy-sud.fr\/HOME\/wp-json\/wp\/v2\/categories?post=3668"},{"taxonomy":"post_tag","embeddable":true,"href":"https:\/\/paroisses-nancy-sud.fr\/HOME\/wp-json\/wp\/v2\/tags?post=3668"}],"curies":[{"name":"wp","href":"https:\/\/api.w.org\/{rel}","templated":true}]}}