{"id":3674,"date":"2024-03-02T18:58:50","date_gmt":"2024-03-02T17:58:50","guid":{"rendered":"https:\/\/paroisses-nancy-sud.fr\/HOME\/?p=3674"},"modified":"2024-03-02T18:58:50","modified_gmt":"2024-03-02T17:58:50","slug":"3674-2","status":"publish","type":"post","link":"https:\/\/paroisses-nancy-sud.fr\/HOME\/3674-2\/","title":{"rendered":""},"content":{"rendered":"\n<p style=\"text-align: center;\"><span style=\"color: #000000;\"><strong>Chemin vers le bapt\u00eame :<\/strong><\/span><\/p>\n<p><span style=\"color: #000000;\"><span style=\"text-decoration: underline;\"><strong>&#8211; Entr\u00e9e en cat\u00e9chum\u00e9nat de M\u00e9lina et No\u00e9 \u00e0 Jarville :<br \/><\/strong><\/span>\u00ab\u00a0<em>Que demandez-vous \u00e0 l&rsquo;Eglise\u00a0\u00bb : \u2018\u2019La Foi\u00a0\u00bb \u00ab\u00a0Que vous apporte la Foi ?\u00a0\u00bb \u2018\u2019La vie \u00e9ternelle<\/em>.\u00a0\u00bb C&rsquo;est par ces mots que M\u00e9lina et No\u00e9 ont fait leur entr\u00e9e dans le temps du cat\u00e9chum\u00e9nat dimanche 25 f\u00e9vrier \u00e0 Jarville.\u00a0 Apr\u00e8s plusieurs mois de d\u00e9couverte de l&rsquo;Evangile, ils ont ainsi manifest\u00e9 leur d\u00e9sir de s&rsquo;engager dans un chemin qui les m\u00e8nera vers le bapt\u00eame et les sacrements de l&rsquo;initiation chr\u00e9tienne dans la nuit de P\u00e2ques 2025.\u00a0<\/span><br \/><span style=\"color: #000000;\">Le soutien de la communaut\u00e9 paroissiale est essentiel dans ce cheminement. Il a d\u00e9j\u00e0 commenc\u00e9 ce dimanche lorsque les fid\u00e8les, \u00e0 l&rsquo;invitation du P\u00e8re Raj, ont pu dire ce qu&rsquo;\u00e9tait pour eux la vie \u00e9ternelle : Joie, Fid\u00e9lit\u00e9, Amour, Paix, Confiance sont des mots qui sont le plus souvent ressortis et qui serviront de rep\u00e8res sur leur chemin.\u00a0<\/span><\/p>\n<p><span style=\"color: #000000;\"><span style=\"text-decoration: underline;\"><strong>\u00a0&#8211; Etapes des scrutins de M\u00e9lanie \u00e0 Flavigny et \u00e0 Ludres :<br \/><\/strong><\/span>M\u00e9lanie, qui sera baptis\u00e9e \u00e0 la Vigile de P\u00e2ques 2024, \u00e0 Heillecourt, va vivre les \u00e9tapes des \u2018\u2019scrutins\u2019\u2019 au cours des messes dominicales de Sainte-Jeanne-de-Chantal des <strong>10 et 17 mars<\/strong>. Le cat\u00e9chum\u00e8ne vit trois rites p\u00e9nitentiels appel\u00e9s <em>scrutins<\/em>\u00a0; le mot \u00e9voque discernement entre lumi\u00e8re et t\u00e9n\u00e8bre. L\u2019Eglise nous invite, nous les baptis\u00e9s, \u00e0 vivre cette dimension de conversion avec les cat\u00e9chum\u00e8nes.<\/span><\/p>\n<p><span style=\"color: #000000;\"><span style=\"text-decoration: underline;\"><strong>\u00a0&#8211; Bapt\u00eame <\/strong><\/span>de Valentin Hinsinger dimanche 10 mars \u00e0 Fl\u00e9ville.<\/span><\/p>\n<p style=\"text-align: center;\"><span style=\"color: #000000;\"><em>Nous prions pour cet enfant, ces jeunes et leurs familles.<\/em><\/span><\/p>\n<p><span style=\"color: #000000;\"><strong><br \/><span style=\"text-decoration: underline;\">Qu\u00eate du premier dimanche du mois :<br \/><\/span><\/strong><strong>Ces samedi 2 mars et dimanche 3 mars<\/strong> la qu\u00eate sera faite \u00e0 la sortie des messes. Ces qu\u00eates aident \u00e0 couvrir les frais pastoraux et de fonctionnement de nos paroisses. Merci de votre participation.<\/span><\/p>\n<p><span style=\"color: #000000;\"><span style=\"text-decoration: underline;\"><strong>AJC, aum\u00f4nerie des jeunes du secteur :<br \/><\/strong><\/span><strong>Le vendredi 8 mars \u00e0 Jarville, dans l\u2019\u00e9glise, \u00e0 19h30 <\/strong>: Un temps de rencontre pour mieux vivre le Car\u00eame ensemble\u00a0: temps de m\u00e9ditation du chemin de croix, repas frugal et petit enseignement sur le Car\u00eame. <strong>Du 20 au 22 avril, WE de d\u00e9couverte monastique \u00e0 l\u2019abbaye de la Pierre qui Vire. <\/strong>Contact\u00a0:\u00a0 p\u00e8re Alexandre-Marie.<\/span><\/p>\n<p><span style=\"color: #000000;\"><span style=\"text-decoration: underline;\"><strong>Horaires des messes dominicales des 9 et 10 mars 2024 :<br \/><\/strong><\/span><strong>Samedi 9 mars : 18h <\/strong>Heillecourt, Laneuveville, Bainville.<\/span><br \/><span style=\"color: #000000;\"><strong>Dimanche 10 mars : 10h <\/strong>Flavigny, Fl\u00e9ville <strong>\u00a0\u00a0\u00a0\u00a0\u00a0\u00a0\u00a0\u00a0\u00a0\u00a0\u00a0\u00a0\u00a0\u00a0\u00a0\u00a0\u00a0\u00a0\u00a0\u00a0\u00a0\u00a0\u00a0\u00a0\u00a0\u00a0\u00a0\u00a0\u00a0\u00a0\u00a0\u00a0\u00a0\u00a010h30 <\/strong>Jarville, Neuves-Maisons<strong>\u00a0\u00a0\u00a0\u00a0\u00a0 <\/strong><\/span><\/p>\n<p><span style=\"color: #000000;\"><span style=\"text-decoration: underline;\"><strong>Concert :<br \/><\/strong><\/span><strong>Samedi 9 mars, \u00e0 l\u2019\u00e9glise de Fl\u00e9ville, \u00e0 20h30 <\/strong>par le<strong> groupe Gospel\u2019s Family <\/strong>(entr\u00e9e libre)<\/span><\/p>\n<p><span style=\"color: #000000;\"><span style=\"text-decoration: underline;\"><strong>Table ouverte du 2<sup>\u00e8me<\/sup> dimanche du mois :<br \/><\/strong><\/span><strong>Le dimanche 10 mars, \u00e0 Jarville, table ouverte\u00a0! <\/strong>Venez partager ce moment de repas<strong> f<\/strong>raternel simple et joyeux, suivi de\u00a0: \u2018\u2019 Regard sur une \u0153uvre d\u2019art du mus\u00e9e lorrain\u2019\u2019<\/span><\/p>\n<p><span style=\"color: #000000;\"><span style=\"text-decoration: underline;\"><strong>Regard sur une \u0153uvre d\u2019art du mus\u00e9e Lorrain :<br \/><\/strong><\/span><strong><em>\u00ab\u00a0La d\u00e9position ou descente de croix\u00a0\u00bb\u00a0:<\/em><\/strong> La 13<sup>\u00e8me<\/sup> \u00e9tape du chemin de croix\u00a0: \u00e9tude de l\u2019\u0153uvre, interpr\u00e9tation et temps de pri\u00e8re.<\/span><br \/><span style=\"color: #000000;\"><strong>Dimanche 10 mars 15h00 et samedi 16 mars 9h00 <\/strong>dans les salles paroissiales de Jarville. Seront pr\u00e9sent\u00e9es\u00a0: Des reproductions sur papier format A3 des tableaux repr\u00e9sentant l\u2019\u0153uvre du mus\u00e9e Lorrain de Rogier Van der Weyden (16<sup>\u00e8me<\/sup> si\u00e8cle) et la copie issue de la chapelle Notre Dame de Montaigu et aujourd\u2019hui accroch\u00e9e au ch\u00e2teau de Montaigu, des explications sur les tableaux (artiste, personnages repr\u00e9sent\u00e9s, symboles, interpr\u00e9tation, \u2026)<\/span><\/p>\n<p style=\"text-align: center;\"><span style=\"text-decoration: underline; color: #000000;\"><strong>Car\u00eame 2024 : Seigneur apprends-nous \u00e0 prier\u00a0<\/strong><\/span><\/p>\n<p style=\"text-align: left;\"><span style=\"text-decoration: underline; color: #000000;\"><strong>Le Car\u00eame, l\u2019occasion de d\u00e9couvrir nos temps de pri\u00e8re en paroisse :<\/strong><\/span><\/p>\n<p><span style=\"color: #000000;\"><strong>&#8211; Le jeudi 7mars<\/strong>, <strong>\u00e0 17h00 \u00e0 Jarville,<\/strong> \u00e0 la crypte\u00a0:<strong> Pri\u00e8re d\u2019intercession pour les malades et les personnes en difficult\u00e9\u00a0: <\/strong>Nous confions \u00e0 Dieu les pr\u00e9occupations familiales, les interrogations, les soucis de maladie, et ceux qui demandent de prier pour eux.<\/span><\/p>\n<p><span style=\"color: #000000;\">&#8211; <strong>Le jeudi 7 mars, \u00e0 Jarville \u00e0 20h30\u00a0<\/strong>\u00e0 la crypte\u00a0<strong>: Heure sainte <\/strong>: c\u2019est un temps donn\u00e9 au Seigneur pour r\u00e9pondre \u00e0 son invitation de veiller et de prier. Rester avec J\u00e9sus une heure c\u2019est Lui montrer notre gratitude devant son don total.\u00a0<\/span><\/p>\n<p><span style=\"color: #000000;\">&#8211; <strong>Tous les vendredis \u00e0 18h \u00e0 Jarville, temps d\u2019adoration <\/strong>(suivi de la messe \u00e0 19h).<\/span><\/p>\n<p><span style=\"color: #000000;\"><strong>&#8211; Le vendredi 8 mars, 2<sup>\u00e8me<\/sup> vendredi du mois, \u00e0 20h30, \u00e0 Jarville\u00a0: Pri\u00e8re du soir\u00a0: <\/strong>La pri\u00e8re rythme notre temps. Matin, midi et soir le chr\u00e9tien est appel\u00e9 \u00e0 se tourner vers le Dieu vivant son Seigneur.<\/span><\/p>\n<p><span style=\"color: #000000;\"><span style=\"text-decoration: underline;\"><strong>Lecture priante de la Passion du Christ :<br \/><\/strong><\/span><strong>Le lundi 11 mars \u00e0 10h, \u00e0 Jarville, <\/strong>dans les salles paroissiales, lecture priante de la Passion du Christ selon Saint Marc 14,1-15,47.<\/span><\/p>\n<p><span style=\"color: #000000;\"><strong><span style=\"text-decoration: underline;\">Chemins de croix :<\/span><br \/><\/strong><strong>\u00a0&#8211; Tous les vendredis \u00e0 15h, <\/strong>chemin de croix \u00e0 l\u2019\u00e9glise d\u2019Heillecourt<\/span><\/p>\n<p><span style=\"color: #000000;\"><strong>&#8211; Et aussi les vendredis \u00e0 15h, <\/strong>chemin de croix en alternance dans les autres \u00e9glises de nos 2 paroisses\u00a0: <strong>le vendredi 8 mars \u00e0 Flavigny<\/strong>\u00a0; le 15 \u00e0 Richardm\u00e9nil, et le 22 \u00e0 Ludres.\u00a0 \u00a0<\/span><\/p>\n<p><span style=\"color: #000000;\"><strong><span style=\"text-decoration: underline;\">Apr\u00e8s-midi \u2018\u2019La joie du pardon\u2019\u2019<\/span><br \/><\/strong><strong>Le samedi 23 mars \u00e0 Jarville, pour les familles et pour tous, une apr\u00e8s-midi avec des t\u00e9moignages de pardon et de foi suivis d\u2019une c\u00e9l\u00e9bration du pardon avec possibilit\u00e9 de confessions. <\/strong><\/span><\/p>\n<p><span style=\"color: #000000;\"><strong>\u00a0<\/strong><strong><span style=\"text-decoration: underline;\">Autres c\u00e9l\u00e9brations du pardon<\/span> (<\/strong>dites c\u00e9l\u00e9brations p\u00e9nitentielles)<\/span><br \/><span style=\"color: #000000;\"><strong>Lundi 25 mars \u00e0 14h \u00e0 Neuves-Maisons, \u00e0 16h \u00e0 Heillecourt et \u00e0 19h \u00e0 Jarville.<\/strong><\/span><\/p>\n<p><span style=\"text-decoration: underline; color: #000000;\"><strong>Deux soir\u00e9es solidarit\u00e9\u00a0 :<\/strong><\/span><\/p>\n<p><span style=\"color: #000000;\">&#8211; <strong>A Jarville<\/strong>\u00a0: Comme tous les ans le <strong>CCFD Terre solidaire nous invite<\/strong> \u00e0 vivre un chemin de Car\u00eame. L\u2019\u00e9quipe locale vous propose\u00a0<strong>le mercredi 13 mars <\/strong>\u00e0 18h45 salles paroissiales une soir\u00e9e pain-pommes au cours de laquelle des b\u00e9n\u00e9voles vous exposeront le sens de leur engagement et qui se poursuivra par un temps de pr\u00e9sentation d\u2019une \u0153uvre d\u2019art sur la multiplication des pains.<\/span><\/p>\n<p><span style=\"color: #000000;\"><strong>&#8211; A Ludres\u00a0: Vivre en communaut\u00e9 le temps du je\u00fbne, le vendredi 15 mars, <\/strong>l\u2019EAP propose une soir\u00e9e conf\u00e9rence, bol de riz, pri\u00e8re. A 18h30\u00a0<strong><em>\u2018\u2019 Joyeux dans l\u2019Esp\u00e9rance\u2019\u2019 une <\/em><\/strong>conf\u00e9rence-d\u00e9bat<em> avec<\/em> s\u0153ur Carine\u00a0; dominicaine, \u00e0 19h30\u00a0: repas bol de riz (participation au b\u00e9n\u00e9fice de l\u2019Association des migrants), \u00e0 20h30\u00a0: temps de pri\u00e8re \u00e0 l\u2019\u00e9glise.<\/span><\/p>\n<p><span style=\"color: #000000;\"><strong>&#8211; Le dimanche 17 mars, <\/strong>5<sup>\u00e8me<\/sup> dimanche de Car\u00eame, une collecte pour financer les actions du CCFD contre la faim et le sous-d\u00e9veloppement aura lieu \u00e0 la sortie des messes. Des livrets et enveloppes sont disponibles au fond des \u00e9glises.<\/span><\/p>\n<p><span style=\"text-decoration: underline; color: #000000;\"><strong>Collecte solidarit\u00e9 :<\/strong><\/span><\/p>\n<p><span style=\"color: #000000;\"><strong>&#8211; Des paniers sont au fond de nos \u00e9glises<\/strong> pour r\u00e9colter des produits d\u2019alimentation non p\u00e9rissables et des produits d\u2019hygi\u00e8ne pour l\u2019association \u2018\u2019la soupe des sans-abri\u2019\u2019 en particulier.<\/span><\/p>\n<p><span style=\"color: #000000;\"><strong>&#8211; Vente des \u0153ufs de P\u00e2ques pour l\u2019association dioc\u00e9saine : samedi 9 et dimanche 10<\/strong> <strong>mars<\/strong> \u00e0 la sortie des messes \u00e0 Saint-Fran\u00e7ois-de-Sales et \u00e0 Flavigny. 0,75eurosl\u2019\u0153uf et 7,5 euros pour les 10.Pour la paroisse Sainte-Jeanne-de-Chantal, contacter Marie-Th\u00e9r\u00e8se au 06 71 18 51 77.<\/span><\/p>\n<p style=\"text-align: center;\"><span style=\"color: #000000;\"><em><strong>\u00ab\u00a0<\/strong><strong>J\u00e9sus marche avec toi chaque jour dans la situation que tu vis,<br \/><\/strong><strong style=\"font-size: revert;\">dans l\u2019\u00e9preuve que tu traverses, <br \/>dans les r\u00eaves que tu portes en toi\u2019\u2019\u00a0 \u00a0<\/strong><\/em><\/span><\/p>\n<p style=\"text-align: center;\"><span style=\"color: #000000;\"><strong>\u00a0<\/strong> <em>Pape Fran\u00e7ois<\/em><\/span><\/p>\n","protected":false},"excerpt":{"rendered":"<p>Chemin vers le bapt\u00eame : &#8211; Entr\u00e9e en cat\u00e9chum\u00e9nat de M\u00e9lina et No\u00e9 \u00e0 Jarville :\u00ab\u00a0Que demandez-vous \u00e0 l&rsquo;Eglise\u00a0\u00bb : \u2018\u2019La Foi\u00a0\u00bb \u00ab\u00a0Que vous apporte la Foi ?\u00a0\u00bb \u2018\u2019La vie \u00e9ternelle.\u00a0\u00bb C&rsquo;est par ces mots que M\u00e9lina et No\u00e9 ont fait leur entr\u00e9e dans le temps du cat\u00e9chum\u00e9nat dimanche 25 f\u00e9vrier \u00e0 Jarville.\u00a0 Apr\u00e8s plusieurs&hellip; <br \/> <a class=\"read-more\" href=\"https:\/\/paroisses-nancy-sud.fr\/HOME\/3674-2\/\">Lire la suite<\/a><\/p>\n","protected":false},"author":5,"featured_media":2464,"comment_status":"closed","ping_status":"open","sticky":false,"template":"","format":"standard","meta":[],"categories":[7],"tags":[],"acf":[],"_links":{"self":[{"href":"https:\/\/paroisses-nancy-sud.fr\/HOME\/wp-json\/wp\/v2\/posts\/3674"}],"collection":[{"href":"https:\/\/paroisses-nancy-sud.fr\/HOME\/wp-json\/wp\/v2\/posts"}],"about":[{"href":"https:\/\/paroisses-nancy-sud.fr\/HOME\/wp-json\/wp\/v2\/types\/post"}],"author":[{"embeddable":true,"href":"https:\/\/paroisses-nancy-sud.fr\/HOME\/wp-json\/wp\/v2\/users\/5"}],"replies":[{"embeddable":true,"href":"https:\/\/paroisses-nancy-sud.fr\/HOME\/wp-json\/wp\/v2\/comments?post=3674"}],"version-history":[{"count":1,"href":"https:\/\/paroisses-nancy-sud.fr\/HOME\/wp-json\/wp\/v2\/posts\/3674\/revisions"}],"predecessor-version":[{"id":3675,"href":"https:\/\/paroisses-nancy-sud.fr\/HOME\/wp-json\/wp\/v2\/posts\/3674\/revisions\/3675"}],"wp:featuredmedia":[{"embeddable":true,"href":"https:\/\/paroisses-nancy-sud.fr\/HOME\/wp-json\/wp\/v2\/media\/2464"}],"wp:attachment":[{"href":"https:\/\/paroisses-nancy-sud.fr\/HOME\/wp-json\/wp\/v2\/media?parent=3674"}],"wp:term":[{"taxonomy":"category","embeddable":true,"href":"https:\/\/paroisses-nancy-sud.fr\/HOME\/wp-json\/wp\/v2\/categories?post=3674"},{"taxonomy":"post_tag","embeddable":true,"href":"https:\/\/paroisses-nancy-sud.fr\/HOME\/wp-json\/wp\/v2\/tags?post=3674"}],"curies":[{"name":"wp","href":"https:\/\/api.w.org\/{rel}","templated":true}]}}