{"id":3676,"date":"2024-03-02T19:01:30","date_gmt":"2024-03-02T18:01:30","guid":{"rendered":"https:\/\/paroisses-nancy-sud.fr\/HOME\/?p=3676"},"modified":"2024-03-02T19:01:30","modified_gmt":"2024-03-02T18:01:30","slug":"qui-peut-souffrir-plus-que-moi","status":"publish","type":"post","link":"https:\/\/paroisses-nancy-sud.fr\/HOME\/qui-peut-souffrir-plus-que-moi\/","title":{"rendered":"<strong>Qui peut souffrir plus que moi\u00a0?<\/strong>"},"content":{"rendered":"\n<p><span style=\"color: #000000;\">Plut\u00f4t que de sombrer dans la d\u00e9sesp\u00e9rance \u00e0 la suite de l\u2019assassinat de son fr\u00e8re, le p\u00e8re Jacques Hamel, tu\u00e9 par deux jeunes terroristes fanatis\u00e9s, Roseline Hamel s\u2019est pos\u00e9e cette question : Qui peut souffrir plus que moi ? Quelle serait ma souffrance si c&rsquo;\u00e9tait moi la maman dont l&rsquo;enfant avait pris ce chemin ?<\/span><\/p>\n<p><span style=\"color: #000000;\">Roseline Hamel a d&rsquo;abord pris contact t\u00e9l\u00e9phoniquement avec la m\u00e8re d&rsquo;Adel Kermiche, puis s&rsquo;est rendue \u00e0 son domicile pour la rencontrer en pr\u00e9sence de Mgr Dominique Lebrun, archev\u00eaque de Rouen.\u00a0\u00ab Pardon \u00bb est le premier mot prononc\u00e9 par Madame Kermiche, pleine de honte et de culpabilit\u00e9 pour l&rsquo;acte commis par son fils, car \u00ab on n&rsquo;est pas du bon c\u00f4t\u00e9, on est du c\u00f4t\u00e9 de l&rsquo;assassin, qui donc va pouvoir nous pardonner, nous accepter ? \u00bb<\/span><\/p>\n<p><span style=\"color: #000000;\">Roseline Hamel lui a r\u00e9pondu : \u00ab Je ne suis pas venue chercher un pardon mais vous proposer de g\u00e9rer notre douleur ensemble \u00bb. Madame Kermiche lui a confi\u00e9 : \u00ab Il y a longtemps que je vous attendais \u00bb, d\u00e9crivant l&rsquo;indicible souffrance\u00a0d&rsquo;une m\u00e8re constatant impuissante, l&#8217;embrigadement inexorable de son enfant dans une id\u00e9ologie mortif\u00e8re dont la seule obsession est de faire le mal et de diffuser la haine et la mort.<\/span><\/p>\n<p><span style=\"color: #000000;\">Apr\u00e8s avoir v\u00e9cu une telle \u00e9preuve, les deux femmes auraient pu penser que leur vie \u00e9tait termin\u00e9e mais cette rencontre leur a permis de construire un lien d\u2019amiti\u00e9 tr\u00e8s fort \u00ab on essaye de se soutenir parce qu&rsquo;on est toutes les deux victimes du terrorisme \u00bb \u00ab \u00e7a nous porte, \u00e7a nous rassure l&rsquo;une et l&rsquo;autre qu&rsquo;il y ait encore des gens qui \u0153uvrent pour la paix, le vivre ensemble, le partage\u2026 \u00bb \u00ab aller \u00e0 la rencontre de la diff\u00e9rence, c&rsquo;est mieux comprendre, c\u2019est mieux conna\u00eetre l&rsquo;autre sans juger, sans obligation d&rsquo;adh\u00e9rer \u00e0 ses opinions mais partager le dialogue, c&rsquo;est comme \u00e7a que peut na\u00eetre l&rsquo;envie d&rsquo;une fraternit\u00e9, d&rsquo;une humanit\u00e9\u2026 \u00bb<\/span><\/p>\n<p><span style=\"color: #000000;\">En cette p\u00e9riode de car\u00eame, laissons-nous inspirer par cette d\u00e9marche de r\u00e9conciliation, ce recommencement d\u2019humanit\u00e9, rendu possible quand l\u2019amour est plus fort que la haine\u00a0et la mort !<\/span><\/p>\n<p style=\"text-align: right;\"><span style=\"color: #000000;\"><em>Equipe liturgique Saint-Fran\u00e7ois-de-Sales (d\u2019apr\u00e8s une \u00e9mission de RCF du 25 janvier 2024)<\/em><\/span><\/p>\n","protected":false},"excerpt":{"rendered":"<p>Plut\u00f4t que de sombrer dans la d\u00e9sesp\u00e9rance \u00e0 la suite de l\u2019assassinat de son fr\u00e8re, le p\u00e8re Jacques Hamel, tu\u00e9 par deux jeunes terroristes fanatis\u00e9s, Roseline Hamel s\u2019est pos\u00e9e cette question : Qui peut souffrir plus que moi ? Quelle serait ma souffrance si c&rsquo;\u00e9tait moi la maman dont l&rsquo;enfant avait pris ce chemin ?&hellip; <br \/> <a class=\"read-more\" href=\"https:\/\/paroisses-nancy-sud.fr\/HOME\/qui-peut-souffrir-plus-que-moi\/\">Lire la suite<\/a><\/p>\n","protected":false},"author":5,"featured_media":523,"comment_status":"closed","ping_status":"open","sticky":false,"template":"","format":"standard","meta":[],"categories":[6],"tags":[],"acf":[],"_links":{"self":[{"href":"https:\/\/paroisses-nancy-sud.fr\/HOME\/wp-json\/wp\/v2\/posts\/3676"}],"collection":[{"href":"https:\/\/paroisses-nancy-sud.fr\/HOME\/wp-json\/wp\/v2\/posts"}],"about":[{"href":"https:\/\/paroisses-nancy-sud.fr\/HOME\/wp-json\/wp\/v2\/types\/post"}],"author":[{"embeddable":true,"href":"https:\/\/paroisses-nancy-sud.fr\/HOME\/wp-json\/wp\/v2\/users\/5"}],"replies":[{"embeddable":true,"href":"https:\/\/paroisses-nancy-sud.fr\/HOME\/wp-json\/wp\/v2\/comments?post=3676"}],"version-history":[{"count":1,"href":"https:\/\/paroisses-nancy-sud.fr\/HOME\/wp-json\/wp\/v2\/posts\/3676\/revisions"}],"predecessor-version":[{"id":3677,"href":"https:\/\/paroisses-nancy-sud.fr\/HOME\/wp-json\/wp\/v2\/posts\/3676\/revisions\/3677"}],"wp:featuredmedia":[{"embeddable":true,"href":"https:\/\/paroisses-nancy-sud.fr\/HOME\/wp-json\/wp\/v2\/media\/523"}],"wp:attachment":[{"href":"https:\/\/paroisses-nancy-sud.fr\/HOME\/wp-json\/wp\/v2\/media?parent=3676"}],"wp:term":[{"taxonomy":"category","embeddable":true,"href":"https:\/\/paroisses-nancy-sud.fr\/HOME\/wp-json\/wp\/v2\/categories?post=3676"},{"taxonomy":"post_tag","embeddable":true,"href":"https:\/\/paroisses-nancy-sud.fr\/HOME\/wp-json\/wp\/v2\/tags?post=3676"}],"curies":[{"name":"wp","href":"https:\/\/api.w.org\/{rel}","templated":true}]}}