{"id":3682,"date":"2024-03-08T18:25:02","date_gmt":"2024-03-08T17:25:02","guid":{"rendered":"https:\/\/paroisses-nancy-sud.fr\/HOME\/?p=3682"},"modified":"2024-03-08T18:25:02","modified_gmt":"2024-03-08T17:25:02","slug":"annonces-de-la-visitation-du-10-mars","status":"publish","type":"post","link":"https:\/\/paroisses-nancy-sud.fr\/HOME\/annonces-de-la-visitation-du-10-mars\/","title":{"rendered":"Annonces de la Visitation du 10 mars"},"content":{"rendered":"\n<p><span style=\"color: #000000;\"><strong><span style=\"text-decoration: underline;\">Dimanche 17 mars,<\/span> <\/strong>bapt\u00eame d\u2019Alice en l\u2019\u00e9glise de Neuves-Maisons<\/span><\/p>\n<p><span style=\"color: #000000;\">Nous nous r\u00e9jouissons et la portons dans nos pri\u00e8res<\/span><\/p>\n<p><span style=\"color: #000000;\"><strong>\u00a0<\/strong><strong><span style=\"text-decoration: underline;\">Les rencontres de Car\u00eame<\/span> <\/strong>pour notre paroisse ont lieu cinq jeudis de suite \u00e0 15h00, \u00e0 la salle paroissiale de Neuves-Maisons et pourront \u00eatre suivies par l\u2019adoration, puis la messe \u00e0 16h30.<\/span><br \/><span style=\"color: #000000;\"><strong>14 mars<\/strong> : Quelle aide obtenir de I \u2018Esprit Saint et des saints ?<\/span><br \/><span style=\"color: #000000;\"><strong>21 mars<\/strong> : Quels tr\u00e9sors d\u00e9couvre-t-on dans la pri\u00e8re du Notre P\u00e8re et celle du Magnificat ?<\/span><br \/><span style=\"color: #000000;\"><strong>Lundi 11 mars, <\/strong>prochaine rencontre de la lecture suivie de la lettre de St Paul aux Eph\u00e9siens, de 14h \u00e0 16 h, dans les salles du RDC du Presbyt\u00e8re.<\/span><\/p>\n<p><span style=\"color: #000000;\"><span style=\"text-decoration: underline;\"><strong>Les dimanches 03, 10 et 17 mars<\/strong> <\/span>\u00e0 Neuves-Maisons, 3 semaines avant leurs bapt\u00eames,\u00a0l&rsquo;\u00c9glise offre aux futurs baptis\u00e9s Lucile et Daniel, trois rites p\u00e9nitentiels appel\u00e9s \u00ab scrutins \u00bb.<\/span><\/p>\n<p><span style=\"color: #000000;\"><span style=\"text-decoration: underline;\"><strong>Vendredi 15 mars, \u00e0 18h30,<\/strong><\/span> \u00e0 la salle paroissiale de Neuves-Maisons, le CCFD propose de visionner le t\u00e9moignage d\u2019un partenaire du CCFD\u00a0 repr\u00e9sentant l\u2019ADEPA au S\u00e9n\u00e9gal\u00a0: <em>d\u00e9fense des artisans p\u00eacheurs du S\u00e9n\u00e9gal menac\u00e9s par la surp\u00eache industrielle.<\/em><\/span><\/p>\n<p><span style=\"color: #000000;\"><span style=\"text-decoration: underline;\"><strong>Le\u00a017 mars 2024,<\/strong> <\/span>le\u00a0<a style=\"color: #000000;\" href=\"https:\/\/www.catholique-nancy.fr\/accueil\/je-decouvre\/associations-mouvements\/#1639729682313-ba8e376f-2e9f\">Comit\u00e9 Catholique contre la Faim et pour le D\u00e9veloppement \u2013 Terre Solidaire<\/a>\u00a0lance sa journ\u00e9e de collecte annuelle. Le C.C.F.D.-Terre Solidaire s\u2019engage quotidiennement \u00e0 \u0153uvrer pour\u00a0la paix et le vivre ensemble, la souverainet\u00e9 alimentaire, la\u00a0justice \u00e9conomique, les\u00a0migrations\u00a0mais aussi la\u00a0protection de l\u2019environnement. Toutes ces actions sont possibles gr\u00e2ce aux soutiens des nombreux donateurs qui s\u2019engagent \u00e0 leurs c\u00f4t\u00e9s chaque ann\u00e9e.<\/span><\/p>\n<p><span style=\"color: #000000;\"><strong><span style=\"text-decoration: underline;\">Conf\u00e9rence le 26 mars, 20h30<\/span> <\/strong>\u00e0 la maison de l\u2019Asn\u00e9e \u00ab\u00a0Fin de vie\u00a0: peut-on choisir sa mort\u00a0?\u00a0\u00bb\u00a0<\/span><br \/><span style=\"color: #000000;\"><strong>Par les docteurs Pascale Favre et Jean-Marie Gomas.<\/strong><\/span><\/p>\n<p><span style=\"color: #000000;\"><strong>\u00a0<\/strong><span style=\"text-decoration: underline;\"><strong>Le discernement dans l\u2019Esprit Saint, \u00e7a veut dire quoi ?<br \/><\/strong><\/span>D\u00e9couvrez une s\u00e9rie de vid\u00e9os pour explorer des th\u00e8mes en lien avec la\u00a0<a style=\"color: #000000;\" href=\"https:\/\/www.catholique-nancy.fr\/conversion-missionnaire\/\">d\u00e9marche de conversion missionnaire<\/a>\u00a0lanc\u00e9e par notre \u00e9v\u00eaque, Monseigneur Pierre-Yves Michel, en d\u00e9cembre dernier.<\/span><br \/><span style=\"color: #000000;\">Ces vid\u00e9os ont pour but d\u2019\u00e9clairer le chemin de conversion missionnaire de chacun.<\/span><br \/><span style=\"color: #000000;\">Disponibles d\u00e8s maintenant en suivant <a style=\"color: #000000;\" href=\"https:\/\/www.youtube.com\/watch?v=eegzYXnoEZs\">ce lien<\/a>\u00a0<\/span><\/p>\n<p><span style=\"color: #000000;\"><span style=\"text-decoration: underline;\"><strong>\u00a0<\/strong><strong>Vente des \u0153ufs de P\u00e2ques<\/strong><\/span> au profit des \u0153uvres de la collecte dioc\u00e9saine, au prix de 0,75 euros.<\/span><\/p>\n<p><span style=\"color: #000000;\"><span style=\"text-decoration: underline;\"><strong>Messes en semaine<em> :<br \/><\/em><\/strong><\/span>Jeudi\u00a0: adoration \u00e0 16h00 et messe \u00e0 16h30 \u00e0 la chapelle.<\/span><br \/><span style=\"color: #000000;\">Vendredi\u00a0: messe \u00e0 08h20 chez les s\u0153urs \u00e0 Bainville, 67 rue Jacques Callot.<\/span><\/p>\n<p><span style=\"color: #000000;\"><span style=\"text-decoration: underline;\"><strong>Messes \u00e0 la Visitation :<br \/><\/strong><\/span>Samedi 16 mars\u00a0: 18h00 \u00e0 M\u00e9r\u00e9ville<\/span><br \/><span style=\"color: #000000;\">Dimanche 17 mars\u00a0: 10h30 \u00e0 Neuves-Maisons.<\/span><\/p>\n<p><span style=\"color: #000000;\"><u>Permanences \u00e0 la maison paroissiale :<\/u> <\/span><br \/><span style=\"color: #000000;\">Mardi de 14h \u00e0 16h30 et Samedi de 9h30 \u00e0 11h30<\/span><br \/><span style=\"color: #000000;\">tel : 03 83 47 25 54 \u2013 <em><strong>adresse mail<\/strong><\/em><strong> : <\/strong><a style=\"color: #000000;\" href=\"mailto:visitationmm@orange.fr\">visitationmm@orange.fr<\/a>\u00a0 <\/span><br \/><span style=\"color: #000000;\">Horaires des messes :\u00a0 <a style=\"color: #000000;\" href=\"https:\/\/messes.info\/\">messesinfo<\/a><em> (cliquer sur le lien)<\/em><\/span><\/p>\n","protected":false},"excerpt":{"rendered":"<p>Dimanche 17 mars, bapt\u00eame d\u2019Alice en l\u2019\u00e9glise de Neuves-Maisons Nous nous r\u00e9jouissons et la portons dans nos pri\u00e8res \u00a0Les rencontres de Car\u00eame pour notre paroisse ont lieu cinq jeudis de suite \u00e0 15h00, \u00e0 la salle paroissiale de Neuves-Maisons et pourront \u00eatre suivies par l\u2019adoration, puis la messe \u00e0 16h30.14 mars : Quelle aide obtenir&hellip; <br \/> <a class=\"read-more\" href=\"https:\/\/paroisses-nancy-sud.fr\/HOME\/annonces-de-la-visitation-du-10-mars\/\">Lire la suite<\/a><\/p>\n","protected":false},"author":5,"featured_media":344,"comment_status":"closed","ping_status":"open","sticky":false,"template":"","format":"standard","meta":[],"categories":[10],"tags":[],"acf":[],"_links":{"self":[{"href":"https:\/\/paroisses-nancy-sud.fr\/HOME\/wp-json\/wp\/v2\/posts\/3682"}],"collection":[{"href":"https:\/\/paroisses-nancy-sud.fr\/HOME\/wp-json\/wp\/v2\/posts"}],"about":[{"href":"https:\/\/paroisses-nancy-sud.fr\/HOME\/wp-json\/wp\/v2\/types\/post"}],"author":[{"embeddable":true,"href":"https:\/\/paroisses-nancy-sud.fr\/HOME\/wp-json\/wp\/v2\/users\/5"}],"replies":[{"embeddable":true,"href":"https:\/\/paroisses-nancy-sud.fr\/HOME\/wp-json\/wp\/v2\/comments?post=3682"}],"version-history":[{"count":1,"href":"https:\/\/paroisses-nancy-sud.fr\/HOME\/wp-json\/wp\/v2\/posts\/3682\/revisions"}],"predecessor-version":[{"id":3683,"href":"https:\/\/paroisses-nancy-sud.fr\/HOME\/wp-json\/wp\/v2\/posts\/3682\/revisions\/3683"}],"wp:featuredmedia":[{"embeddable":true,"href":"https:\/\/paroisses-nancy-sud.fr\/HOME\/wp-json\/wp\/v2\/media\/344"}],"wp:attachment":[{"href":"https:\/\/paroisses-nancy-sud.fr\/HOME\/wp-json\/wp\/v2\/media?parent=3682"}],"wp:term":[{"taxonomy":"category","embeddable":true,"href":"https:\/\/paroisses-nancy-sud.fr\/HOME\/wp-json\/wp\/v2\/categories?post=3682"},{"taxonomy":"post_tag","embeddable":true,"href":"https:\/\/paroisses-nancy-sud.fr\/HOME\/wp-json\/wp\/v2\/tags?post=3682"}],"curies":[{"name":"wp","href":"https:\/\/api.w.org\/{rel}","templated":true}]}}