{"id":3684,"date":"2024-03-09T15:49:38","date_gmt":"2024-03-09T14:49:38","guid":{"rendered":"https:\/\/paroisses-nancy-sud.fr\/HOME\/?p=3684"},"modified":"2024-03-09T15:49:38","modified_gmt":"2024-03-09T14:49:38","slug":"annonces-de-saint-francois-de-sales-et-sainte-jeanne-de-chantal-du-10-mars","status":"publish","type":"post","link":"https:\/\/paroisses-nancy-sud.fr\/HOME\/annonces-de-saint-francois-de-sales-et-sainte-jeanne-de-chantal-du-10-mars\/","title":{"rendered":"Annonces de Saint-Fran\u00e7ois-de-Sales et Sainte-Jeanne-de-Chantal du 10 mars"},"content":{"rendered":"\n<p><span style=\"text-decoration: underline; color: #000000;\"><strong>Chemin vers le bapt\u00eame :<\/strong><\/span><\/p>\n<ul>\n<li><span style=\"color: #000000;\"><strong>Etapes des scrutins de M\u00e9lanie \u00e0 Flavigny et \u00e0 Ludres<br \/><\/strong>M\u00e9lanie, qui sera baptis\u00e9e \u00e0 la Vigile de P\u00e2ques 2024, \u00e0 Heillecourt, va vivre les \u00e9tapes des \u2018\u2019scrutins\u2019\u2019 au cours des messes dominicales de Sainte-Jeanne-de-Chantal des <strong style=\"font-size: revert;\">10 et 17 mars<\/strong><span style=\"font-size: revert;\">. Le cat\u00e9chum\u00e8ne vit trois rites p\u00e9nitentiels appel\u00e9s <\/span><em style=\"font-size: revert;\">scrutins<\/em><span style=\"font-size: revert;\">\u00a0; le mot \u00e9voque discernement entre lumi\u00e8re et t\u00e9n\u00e8bres. L\u2019Eglise nous invite, nous les baptis\u00e9s, \u00e0 vivre cette conversion avec les cat\u00e9chum\u00e8nes.<\/span><\/span><\/li>\n<li><span style=\"color: #000000;\"><strong style=\"font-size: revert;\">Bapt\u00eame <\/strong><span style=\"font-size: revert;\">de Valentin Hinsinger dimanche 10 mars \u00e0 Fl\u00e9ville.<\/span><\/span><\/li>\n<\/ul>\n<p><span style=\"color: #000000;\"><em>Nous prions pour cet enfant, ces j<\/em>eunes et leurs familles.<\/span><\/p>\n<p><span style=\"color: #000000;\"><span style=\"text-decoration: underline;\"><strong>Concert :<br \/><\/strong><\/span><strong>Samedi 9 mars, \u00e0 l\u2019\u00e9glise de Fl\u00e9ville, \u00e0 20h30 <\/strong>par le<strong> groupe Gospel\u2019s Family <\/strong>(entr\u00e9e libre)<\/span><\/p>\n<p><span style=\"color: #000000;\"><span style=\"text-decoration: underline;\"><strong>Table ouverte du 2<sup>\u00e8me<\/sup> dimanche du mois\u00a0<br \/><\/strong><\/span><strong>Le dimanche 10 mars, \u00e0 Jarville, table ouverte\u00a0! <\/strong>Venez partager ce moment de repas fraternel simple et joyeux, suivi de\u00a0: \u2018\u2019 Regard sur une \u0153uvre d\u2019art du mus\u00e9e lorrain\u2019\u2019\u00a0:<\/span><\/p>\n<p><span style=\"color: #000000;\"><span style=\"text-decoration: underline;\"><strong>Regard sur une \u0153uvre d\u2019art du mus\u00e9e Lorrain :<br \/><\/strong><\/span><strong><em>\u00ab\u00a0La d\u00e9position ou descente de croix\u00a0\u00bb\u00a0: <\/em><\/strong>La 13<sup>\u00e8me<\/sup> \u00e9tape du chemin de croix\u00a0: \u00e9tude de l\u2019\u0153uvre, interpr\u00e9tation et temps de pri\u00e8re. <strong>Dimanche 10 mars 15h00 et samedi 16 mars 9h00 <\/strong>dans les salles paroissiales de Jarville, seront pr\u00e9sent\u00e9es\u00a0des reproductions des tableaux repr\u00e9sentant l\u2019\u0153uvre du mus\u00e9e Lorrain de Rogier Van der Weyden (16<sup>\u00e8me<\/sup> si\u00e8cle) et la copie issue de la chapelle Notre Dame de Montaigu et aujourd\u2019hui accroch\u00e9e au ch\u00e2teau de Montaigu.<\/span><\/p>\n<p><span style=\"color: #000000;\"><span style=\"text-decoration: underline;\"><strong>Horaires des messes dominicales des 16 et 17 mars 2024 :<br \/><\/strong><\/span><strong>Samedi 16 mars : 18h <\/strong>Heillecourt, Laneuveville, M\u00e9r\u00e9ville<\/span><br \/><span style=\"color: #000000;\"><strong>Dimanche 17 mars : 10h30 <\/strong>Jarville, Neuves-Maisons<strong>\u00a0\u00a0\u00a0\u00a0\u00a0 \u00a0\u00a0\u00a0\u00a0\u00a0\u00a0\u00a0\u00a0\u00a0\u00a0\u00a0\u00a0\u00a0\u00a0\u00a0\u00a0\u00a0\u00a0\u00a0\u00a0\u00a0\u00a0\u00a0\u00a0\u00a0\u00a0\u00a0\u00a0\u00a0\u00a011h <\/strong>Ludres<\/span><\/p>\n<p><span style=\"color: #000000;\"><span style=\"text-decoration: underline;\"><strong>March\u00e9 de P\u00e2ques :<br \/><\/strong><\/span><strong>Les samedi 23 mars de 17h \u00e0 20h \u00e0 Laneuveville et le dimanche 24 mars de 10h \u00e0 13h \u00e0 Jarville<\/strong>, march\u00e9 de P\u00e2ques des \u2018\u2019Abeilles du mercredi \u2018\u2019 de Jarville et de \u2018\u2019l\u2019Association Kermesse paroissiale\u2019\u2019 au b\u00e9n\u00e9fice de la paroisse Saint-Fran\u00e7ois-de-Sales. Des d\u00e9corations de P\u00e2ques, des charcuteries lorraines, des confitures des produits festifs et bien d\u2019autres choses\u00a0!\u00a0<\/span><\/p>\n<p><span style=\"color: #000000;\"><span style=\"text-decoration: underline;\"><strong>Parcours Alpha :<br \/><\/strong><\/span><strong>Le mardi 12 mars, 7<sup>\u00e8me<\/sup> rencontre sur le th\u00e8me<\/strong> \u2018<em>\u2019Comment r\u00e9sister au mal\u2019\u2019<\/em>.<\/span><\/p>\n<p><span style=\"color: #000000;\"><span style=\"text-decoration: underline;\"><strong>Rencontres du MCR :<br \/><\/strong><\/span><strong>A Heillecourt, le jeudi 14 mars \u00e0 14h30 \u00e0 la<\/strong> salle Arc en ciel et <strong>\u00e0 Jarville le mardi 19 mars \u00e0 14h30.<\/strong><\/span><\/p>\n<p><span style=\"color: #000000;\"><span style=\"text-decoration: underline;\"><strong>Conf\u00e9rence sur le petit s\u00e9minaire de Ren\u00e9mont de Jarville :<br \/><\/strong><\/span><strong>Le samedi 13 avril, \u00e0 16h \u00e0 l\u2019\u00e9glise de Jarville, <\/strong>conf\u00e9rence sur le petit s\u00e9minaire\u00a0de Ren\u00e9mont \u2018\u2019le toit des futurs pr\u00eatres\u2019\u2019 organis\u00e9e par \u2018\u2019l\u2019Association du Sacr\u00e9-C\u0153ur de Jarville\u2019\u2019<\/span><\/p>\n<p><span style=\"color: #000000;\"><span style=\"text-decoration: underline;\"><strong>\u00a0<\/strong><strong>Avortement dans la Constitution :<br \/><\/strong><\/span>Les \u00e9v\u00eaques de France se sont exprim\u00e9s. On peut retrouver le texte \u2018\u2019Toute vie est un don pour ce monde\u2019\u2019 sur le <a style=\"color: #000000;\" href=\"https:\/\/eglise.catholique.fr\/wp-content\/uploads\/sites\/2\/2024\/02\/2024-02-29-CP-Constitutionnalisation-du-droit-a-lIVG.pdf\">site de la Conf\u00e9rence des Ev\u00eaques<\/a> de France ou au fond des \u00e9glises.<\/span><\/p>\n<p><span style=\"color: #000000;\"><span style=\"text-decoration: underline;\"><strong>Une lecture \u00e9difiante : Reprendre confiance en la vie :<br \/><\/strong><\/span>Chiara et Enrico se sont mari\u00e9s en 2008 \u00e0 Assise. Chiara tombe enceinte et ils d\u00e9couvrent que leur fille n\u2019est pas viable. Ils choisissent de mener la grossesse \u00e0 son terme. La petite Maria ne vivra que 40 minutes. L\u2019ann\u00e9e suivante, le petit Davide meurt lui aussi quelques minutes apr\u00e8s sa naissance. Le couple traverse les \u00e9preuves dans la foi, rayonnant paix et joie autour d\u2019eux. En 2011, enceinte de son troisi\u00e8me enfant, Chiara se d\u00e9couvre porteuse d\u2019un cancer. Se soigner, c\u2019est condamner l\u2019enfant. Pour le couple, le choix est \u00e9vident : le petit Francesco na\u00eet le 30 mai 2011. L\u2019ann\u00e9e suivante, Chiara entre dans la Vie, mod\u00e8le de foi pour notre monde qui a si peur de la vie. D\u00e9couvrons son histoire dans le livre <em>Nous sommes n\u00e9s et ne mourrons jamais <\/em>(Art\u00e8ge, 2015) et\u00a0sur<em> <a style=\"color: #000000;\" href=\"http:\/\/www.chiaracorbellapetrillo.org\">le site<\/a><\/em><\/span><\/p>\n<p><span style=\"text-decoration: underline; color: #000000;\"><strong>Car\u00eame 2024 : Seigneur apprends-nous \u00e0 prier :<\/strong><\/span><\/p>\n<table width=\"737\">\n<tbody>\n<tr>\n<td width=\"737\">\n<p><span style=\"color: #000000;\"><strong>Le Car\u00eame, l\u2019occasion de d\u00e9couvrir nos temps de pri\u00e8re en paroisse\u00a0:<br \/><\/strong><strong>&#8211; Le jeudi 14 mars<\/strong>, <strong>\u00e0 17h15 \u00e0 Jarville,<\/strong> \u00e0 la crypte\u00a0:<strong> Pri\u00e8re des m\u00e8res <br \/><\/strong><span style=\"font-size: revert; font-family: inherit; font-weight: inherit;\">&#8211; <\/span><strong style=\"font-size: revert; font-family: inherit;\">Tous les vendredis \u00e0 18h \u00e0 Jarville, temps d\u2019adoration <\/strong><span style=\"font-size: revert; font-family: inherit; font-weight: inherit;\">(suivi de la messe \u00e0 19h).<\/span><\/span><\/p>\n<p><span style=\"color: #000000;\">&#8211; <strong>Le mardi 19 mars, \u00e0 l\u2019\u00e9glise de Fl\u00e9ville, \u00e0 15h, temps de pri\u00e8re<\/strong> dans le cadre de l\u2019ann\u00e9e de la pri\u00e8re demand\u00e9e par le pape Fran\u00e7ois et Mgr Michel.<\/span><\/p>\n<p><span style=\"color: #000000;\"><strong>Lecture priante de la Passion du Christ :<br \/><\/strong><strong>Le lundi 11 mars \u00e0 10h, \u00e0 Jarville, <\/strong>dans les salles paroissiales, lecture priante de la Passion du Christ selon Saint Marc 14,1-15,47.<\/span><\/p>\n<p><span style=\"color: #000000;\"><strong>Chemins de croix :<br \/><\/strong><strong>Tous les vendredis \u00e0 15h, <\/strong>chemin de croix \u00e0 l\u2019\u00e9glise d\u2019Heillecourt. <strong>Et aussi, le vendredi 15 mars, \u00e0 Richardm\u00e9nil<\/strong> et le 22 mars \u00e0 Ludres<\/span><\/p>\n<p><span style=\"color: #000000;\"><strong>\u00a0<\/strong><span style=\"text-decoration: underline;\"><strong>Apr\u00e8s-midi \u2018\u2019La joie du pardon\u2019\u2019 :<br \/><\/strong><\/span><strong>Le samedi 23 mars \u00e0 Jarville, pour les familles et pour tous, une apr\u00e8s-midi avec des t\u00e9moignages de pardon et de foi suivis d\u2019une c\u00e9l\u00e9bration du pardon avec possibilit\u00e9 de confessions. <\/strong><\/span><\/p>\n<p><span style=\"color: #000000;\"><strong>\u00a0<\/strong><span style=\"text-decoration: underline;\"><strong>Autres c\u00e9l\u00e9brations du pardon <\/strong>(dites c\u00e9l\u00e9brations p\u00e9nitentielles):<br \/><\/span><strong>Lundi 25 mars \u00e0 14h \u00e0 Neuves-Maisons, \u00e0 16h \u00e0 Heillecourt et \u00e0 19h \u00e0 Jarville.<\/strong><\/span><\/p>\n<p><span style=\"color: #000000;\"><strong><span style=\"text-decoration: underline;\">Deux soir\u00e9es solidarit\u00e9<\/span> :<br \/><\/strong>&#8211; <strong>A Jarville<\/strong>\u00a0: Comme tous les ans le <strong>CCFD Terre solidaire nous invite<\/strong> \u00e0 vivre un chemin de Car\u00eame. L\u2019\u00e9quipe locale vous propose\u00a0<strong>le mercredi 13 mars <\/strong>\u00e0 18h45 salles paroissiales une soir\u00e9e pain-pommes au cours de laquelle des b\u00e9n\u00e9voles vous exposeront le sens de leur engagement et qui se poursuivra par un temps de pr\u00e9sentation d\u2019une \u0153uvre d\u2019art sur la multiplication des pains.<\/span><\/p>\n<p><span style=\"color: #000000;\"><strong>&#8211; A Ludres\u00a0: Vivre en communaut\u00e9 le temps du je\u00fbne, le vendredi 15 mars, <\/strong>l\u2019EAP propose une soir\u00e9e conf\u00e9rence, bol de riz, pri\u00e8re. A 18h30\u00a0<strong><em>\u2018\u2019 Joyeux dans l\u2019Esp\u00e9rance\u2019\u2019 une <\/em><\/strong>conf\u00e9rence-d\u00e9bat<em> avec<\/em> s\u0153ur Carine\u00a0; dominicaine, \u00e0 19h30\u00a0: repas bol de riz (participation au b\u00e9n\u00e9fice de l\u2019Association des migrants), \u00e0 20h30\u00a0: temps de pri\u00e8re \u00e0 l\u2019\u00e9glise.<\/span><\/p>\n<p><span style=\"color: #000000;\"><strong>Le dimanche 17 mars, <\/strong>5<sup>\u00e8me<\/sup> dimanche de Car\u00eame, la messe sera pr\u00e9par\u00e9e par l\u2019\u00e9quipe CCFD. Une collecte pour financer les actions du CCFD contre la faim et le sous-d\u00e9veloppement aura lieu \u00e0 la sortie des messes. Des livrets et enveloppes sont disponibles au fond des \u00e9glises.<\/span><\/p>\n<p><span style=\"color: #000000;\"><strong>C<span style=\"text-decoration: underline;\">ollecte solidarit\u00e9<br \/><\/span><\/strong><strong>&#8211; Des paniers sont au fond de nos \u00e9glises<\/strong> pour r\u00e9colter des produits d\u2019alimentation non p\u00e9rissables et des produits d\u2019hygi\u00e8ne pour l\u2019association \u2018\u2019la soupe des-sans abri\u2019\u2019 en particulier.<\/span><\/p>\n<p><span style=\"color: #000000;\"><strong>&#8211; Vente des \u0153ufs de P\u00e2ques\u00a0pour l\u2019association dioc\u00e9saine : samedi 9 et dimanche 10<\/strong> <strong>mars<\/strong> \u00e0 la sortie des messes \u00e0 Saint-Fran\u00e7ois-de-Sales <strong>et \u00e0 Flavigny<\/strong>. 0,75euros l\u2019\u0153uf et 7,5 euros pour les 10. Pour la paroisse Sainte-Jeanne-de-Chantal, contacter Marie-Th\u00e9r\u00e8se au 06 71 18 51 77.<\/span><\/p>\n<\/td>\n<\/tr>\n<\/tbody>\n<\/table>\n<p><span style=\"text-decoration: underline; color: #000000;\"><strong><span style=\"font-size: revert;\">AUTRES ANNONCES<\/span><\/strong><\/span><\/p>\n<ul>\n<li><span style=\"color: #000000;\"><strong>Message de notre \u00e9v\u00eaque pour le d\u00e9but du Ramadan<br \/><\/strong>Comme chaque ann\u00e9e, et plus particuli\u00e8rement cette ann\u00e9e o\u00f9 Car\u00eame et Ramadan se vivent presque en m\u00eame temps, notre \u00e9v\u00eaque a envoy\u00e9 un message amical \u00e0 la communaut\u00e9 musulmane. Voir sur <a style=\"color: #000000;\" href=\"https:\/\/www.catholique-nancy.fr\/accueil\/64417-ramadan-message-de-mgr-michel-a-la-communaute-musulmane\/\">le site du dioc\u00e8se<\/a> et article au fond de nos \u00e9glises.\u00a0<\/span><\/li>\n<li><span style=\"color: #000000;\"><strong>Association dioc\u00e9saine ordinaire, A.D.O :<br \/><\/strong>Suite au questionnaire sur <em style=\"font-size: revert;\">\u2019\u2019 La conversion missionnaire sous l\u2019action de l\u2019Esprit saint\u2019\u2019<\/em><span style=\"font-size: revert;\"> propos\u00e9 \u00e0 tous les fid\u00e8les et aux \u00e9quipes d\u2019animation pastorale, <\/span><strong style=\"font-size: revert;\">Mgr Pierre-Yves Michel r\u00e9unit l\u2019Assembl\u00e9e dioc\u00e9saine ordinaire<\/strong> <strong style=\"font-size: revert;\">le samedi 16 mars <\/strong><span style=\"font-size: revert;\">pour vivre un temps de<\/span><strong style=\"font-size: revert;\"> discernement.<\/strong><span style=\"font-size: revert;\"> Visant \u00e0 refl\u00e9ter la diversit\u00e9 du dioc\u00e8se, L\u2019A.D.O regroupe des la\u00efcs, pr\u00eatres, diacres et religieux exer\u00e7ant diff\u00e9rentes responsabilit\u00e9s eccl\u00e9siales. Son objectif\u00a0: faire remonter vers l\u2019\u00e9v\u00eaque ce qui est v\u00e9cu sur le terrain, donner \u00e0 chacun la possibilit\u00e9 de s\u2019exprimer sur les d\u00e9cisions prises et les orientations mises en \u0153uvre.<\/span><\/span><\/li>\n<\/ul>\n","protected":false},"excerpt":{"rendered":"<p>Chemin vers le bapt\u00eame : Etapes des scrutins de M\u00e9lanie \u00e0 Flavigny et \u00e0 LudresM\u00e9lanie, qui sera baptis\u00e9e \u00e0 la Vigile de P\u00e2ques 2024, \u00e0 Heillecourt, va vivre les \u00e9tapes des \u2018\u2019scrutins\u2019\u2019 au cours des messes dominicales de Sainte-Jeanne-de-Chantal des 10 et 17 mars. Le cat\u00e9chum\u00e8ne vit trois rites p\u00e9nitentiels appel\u00e9s scrutins\u00a0; le mot \u00e9voque&hellip; <br \/> <a class=\"read-more\" href=\"https:\/\/paroisses-nancy-sud.fr\/HOME\/annonces-de-saint-francois-de-sales-et-sainte-jeanne-de-chantal-du-10-mars\/\">Lire la suite<\/a><\/p>\n","protected":false},"author":5,"featured_media":2464,"comment_status":"closed","ping_status":"open","sticky":false,"template":"","format":"standard","meta":[],"categories":[7],"tags":[],"acf":[],"_links":{"self":[{"href":"https:\/\/paroisses-nancy-sud.fr\/HOME\/wp-json\/wp\/v2\/posts\/3684"}],"collection":[{"href":"https:\/\/paroisses-nancy-sud.fr\/HOME\/wp-json\/wp\/v2\/posts"}],"about":[{"href":"https:\/\/paroisses-nancy-sud.fr\/HOME\/wp-json\/wp\/v2\/types\/post"}],"author":[{"embeddable":true,"href":"https:\/\/paroisses-nancy-sud.fr\/HOME\/wp-json\/wp\/v2\/users\/5"}],"replies":[{"embeddable":true,"href":"https:\/\/paroisses-nancy-sud.fr\/HOME\/wp-json\/wp\/v2\/comments?post=3684"}],"version-history":[{"count":3,"href":"https:\/\/paroisses-nancy-sud.fr\/HOME\/wp-json\/wp\/v2\/posts\/3684\/revisions"}],"predecessor-version":[{"id":3688,"href":"https:\/\/paroisses-nancy-sud.fr\/HOME\/wp-json\/wp\/v2\/posts\/3684\/revisions\/3688"}],"wp:featuredmedia":[{"embeddable":true,"href":"https:\/\/paroisses-nancy-sud.fr\/HOME\/wp-json\/wp\/v2\/media\/2464"}],"wp:attachment":[{"href":"https:\/\/paroisses-nancy-sud.fr\/HOME\/wp-json\/wp\/v2\/media?parent=3684"}],"wp:term":[{"taxonomy":"category","embeddable":true,"href":"https:\/\/paroisses-nancy-sud.fr\/HOME\/wp-json\/wp\/v2\/categories?post=3684"},{"taxonomy":"post_tag","embeddable":true,"href":"https:\/\/paroisses-nancy-sud.fr\/HOME\/wp-json\/wp\/v2\/tags?post=3684"}],"curies":[{"name":"wp","href":"https:\/\/api.w.org\/{rel}","templated":true}]}}