{"id":3689,"date":"2024-03-09T15:51:56","date_gmt":"2024-03-09T14:51:56","guid":{"rendered":"https:\/\/paroisses-nancy-sud.fr\/HOME\/?p=3689"},"modified":"2024-03-09T15:51:56","modified_gmt":"2024-03-09T14:51:56","slug":"cest-la-mi-careme-rejouissons-nous","status":"publish","type":"post","link":"https:\/\/paroisses-nancy-sud.fr\/HOME\/cest-la-mi-careme-rejouissons-nous\/","title":{"rendered":"<strong>C\u2019est la mi-Car\u00eame, r\u00e9jouissons-nous\u00a0!<\/strong>"},"content":{"rendered":"\n<p><span style=\"color: #000000;\">Les plus \u00e2g\u00e9s d\u2019entre nous s\u2019en souviennent\u00a0: avec quel bonheur nous attendions cette joyeuse mascarade enfantine o\u00f9 nous pouvions nous d\u00e9guiser, rire, et m\u00eame dire quelques b\u00eatises, cach\u00e9s derri\u00e8re nos masques.<\/span><\/p>\n<p><span style=\"color: #000000;\">Joyeuse r\u00e9cr\u00e9ation entre les tirelires du car\u00eame \u00e0 alimenter sou par sou, les listes d\u2019efforts \u00e0 noter et la morue du vendredi\u00a0! Alors nous nous laissions inonder avec bonheur de cette pluie de confettis, autant de petites gouttes de joie qui collaient bien longtemps \u00e0 nos semelles et \u00e0 nos doigts. Sans oublier les beignets de nos m\u00e8res qui couronnaient la f\u00eate.<\/span><\/p>\n<p><span style=\"color: #000000;\">C\u2019\u00e9tait notre pause, \u00e0 nous les enfants, au milieu du Car\u00eame et nous en \u00e9tions tr\u00e8s conscients.<\/span><\/p>\n<p><span style=\"color: #000000;\">Peut-\u00eatre les sportifs ont-ils, \u00e0 la mi-temps, ce m\u00eame plaisir de rel\u00e2chement, temps privil\u00e9gi\u00e9 pour reprendre son souffle, se ressaisir, et repartir avec d\u00e9termination dans l\u2019autre moiti\u00e9 du match.\u00a0<\/span><\/p>\n<p><span style=\"color: #000000;\">Alors aujourd\u2019hui et l\u00e0 o\u00f9 nous sommes, prenons conscience de ce jour de pause dans note p\u00e9nitence offerte par Dieu pour faire le point, et vivre cette mi-car\u00eame avec une \u00e2me d\u2019enfant\u00a0:<\/span><\/p>\n<p><span style=\"color: #000000;\">Posons-nous pour contempler\u00a0: au jardin, d\u00e9j\u00e0 les violettes sont fleuries\u2026sur le boulevard, les arbres rosissent, et dans les massifs, les jonquilles pointent leur nez. Voyons l\u2019arc-en-ciel, trop souvent dans nos ciels et souvenons-nous qu\u2019il c\u00e9l\u00e8bre l\u2019Alliance de Dieu avec son peuple.<\/span><\/p>\n<p><span style=\"color: #000000;\">Posons-nous pour \u00e9couter\u00a0: d\u00e9j\u00e0 les oiseaux s\u2019\u00e9gosillent.<\/span><\/p>\n<p><span style=\"color: #000000;\">Sentons le soleil d\u00e9j\u00e0 chaud derri\u00e8re la vitre\u2026<\/span><\/p>\n<p><span style=\"color: #000000;\">\u00a0Dieu, \u00e0 l\u2019\u0153uvre dans sa Cr\u00e9ation.<\/span><\/p>\n<p><span style=\"color: #000000;\">Et r\u00e9jouissons-nous\u00a0: aujourd\u2019hui, \u00e0 mi-chemin vers P\u00e2ques, Dieu nous offre gratuitement son salut. Il nous fait mis\u00e9ricorde, et nous comble de gr\u00e2ce, de b\u00e9n\u00e9diction, et de lumi\u00e8re.<\/span><\/p>\n<p><span style=\"color: #000000;\">\u00a0Prenons le temps de le remercier pour cette gr\u00e2ce qui nous redonne force et \u00e9lan.\u00a0<\/span><\/p>\n<p><span style=\"color: #000000;\">Demain sera un autre jour, mais forts de cette pause, nous serons plus vaillants pour reprendre notre marche, accepter les bruits du monde, avec la certitude de la joie de Dieu qui exultera au proche matin de P\u00e2ques.<\/span><\/p>\n<p style=\"text-align: right;\"><span style=\"color: #000000;\"><em>Equipe liturgique de Flavigny<\/em><\/span><\/p>\n","protected":false},"excerpt":{"rendered":"<p>Les plus \u00e2g\u00e9s d\u2019entre nous s\u2019en souviennent\u00a0: avec quel bonheur nous attendions cette joyeuse mascarade enfantine o\u00f9 nous pouvions nous d\u00e9guiser, rire, et m\u00eame dire quelques b\u00eatises, cach\u00e9s derri\u00e8re nos masques. Joyeuse r\u00e9cr\u00e9ation entre les tirelires du car\u00eame \u00e0 alimenter sou par sou, les listes d\u2019efforts \u00e0 noter et la morue du vendredi\u00a0! Alors nous&hellip; <br \/> <a class=\"read-more\" href=\"https:\/\/paroisses-nancy-sud.fr\/HOME\/cest-la-mi-careme-rejouissons-nous\/\">Lire la suite<\/a><\/p>\n","protected":false},"author":5,"featured_media":523,"comment_status":"closed","ping_status":"open","sticky":false,"template":"","format":"standard","meta":[],"categories":[6],"tags":[],"acf":[],"_links":{"self":[{"href":"https:\/\/paroisses-nancy-sud.fr\/HOME\/wp-json\/wp\/v2\/posts\/3689"}],"collection":[{"href":"https:\/\/paroisses-nancy-sud.fr\/HOME\/wp-json\/wp\/v2\/posts"}],"about":[{"href":"https:\/\/paroisses-nancy-sud.fr\/HOME\/wp-json\/wp\/v2\/types\/post"}],"author":[{"embeddable":true,"href":"https:\/\/paroisses-nancy-sud.fr\/HOME\/wp-json\/wp\/v2\/users\/5"}],"replies":[{"embeddable":true,"href":"https:\/\/paroisses-nancy-sud.fr\/HOME\/wp-json\/wp\/v2\/comments?post=3689"}],"version-history":[{"count":1,"href":"https:\/\/paroisses-nancy-sud.fr\/HOME\/wp-json\/wp\/v2\/posts\/3689\/revisions"}],"predecessor-version":[{"id":3690,"href":"https:\/\/paroisses-nancy-sud.fr\/HOME\/wp-json\/wp\/v2\/posts\/3689\/revisions\/3690"}],"wp:featuredmedia":[{"embeddable":true,"href":"https:\/\/paroisses-nancy-sud.fr\/HOME\/wp-json\/wp\/v2\/media\/523"}],"wp:attachment":[{"href":"https:\/\/paroisses-nancy-sud.fr\/HOME\/wp-json\/wp\/v2\/media?parent=3689"}],"wp:term":[{"taxonomy":"category","embeddable":true,"href":"https:\/\/paroisses-nancy-sud.fr\/HOME\/wp-json\/wp\/v2\/categories?post=3689"},{"taxonomy":"post_tag","embeddable":true,"href":"https:\/\/paroisses-nancy-sud.fr\/HOME\/wp-json\/wp\/v2\/tags?post=3689"}],"curies":[{"name":"wp","href":"https:\/\/api.w.org\/{rel}","templated":true}]}}