{"id":3728,"date":"2024-03-22T17:58:09","date_gmt":"2024-03-22T16:58:09","guid":{"rendered":"https:\/\/paroisses-nancy-sud.fr\/HOME\/?p=3728"},"modified":"2024-03-22T17:58:09","modified_gmt":"2024-03-22T16:58:09","slug":"annonces-de-la-visitation-du-24-mars","status":"publish","type":"post","link":"https:\/\/paroisses-nancy-sud.fr\/HOME\/annonces-de-la-visitation-du-24-mars\/","title":{"rendered":"Annonces de la Visitation du 24 mars"},"content":{"rendered":"\n<p><span style=\"color: #000000;\"><span style=\"text-decoration: underline;\"><strong>Samedi 30 mars, Vigile Pascale<\/strong>,<\/span> en l\u2019\u00e9glise de Neuves-Maisons, bapt\u00eames de Lucile et de Daniel<\/span><\/p>\n<p><span style=\"color: #000000;\"><strong><span style=\"text-decoration: underline;\">Dimanche 31 mars<\/span>, <\/strong>bapt\u00eame de Tym\u00e9o en l\u2019\u00e9glise de Viterne.<\/span><\/p>\n<p><span style=\"color: #000000;\">R\u00e9jouissons-nous et por tons-les dans nos pri\u00e8res !<\/span><\/p>\n<p><span style=\"color: #000000;\"><span style=\"text-decoration: underline;\">Une c\u00e9l\u00e9bration p\u00e9nitentielle<\/span> est propos\u00e9e <strong>lundi 25 mars \u00e0 14h00 \u00e0 l\u2019\u00e9glise de Neuves-Maisons.<br \/><\/strong>\u00a0Si nous laissons monter de nos c\u0153urs ce d\u00e9sir de r\u00e9conciliation, approchons-nous de la mis\u00e9ricorde de Dieu, osons exprimer au Seigneur nos faiblesses, nos doutes, nos fautes,\u00a0\u00ab\u00a0Rends-moi la joie d\u2019\u00eatre sauv\u00e9\u00a0\u00bb<\/span><\/p>\n<p><span style=\"color: #000000;\"><span style=\"text-decoration: underline;\"><strong>Le mardi 26 mars 2024 \u00e0 18h<\/strong> \u00e0 la cath\u00e9drale de Nancy<\/span>, la messe chrismale sera pr\u00e9sid\u00e9e par Monseigneur Pierre-Yves Michel, \u00e9v\u00eaque de Nancy et Toul<\/span><\/p>\n<p><span style=\"color: #000000;\"><strong><span style=\"text-decoration: underline;\">Conf\u00e9rence le 26 mars<\/span>, 20h30 <\/strong>\u00e0 la maison de l\u2019Asn\u00e9e \u00ab\u00a0Fin de vie\u00a0: peut-on choisir sa mort\u00a0?\u00a0\u00bb\u00a0<strong>Par les docteurs Pascale Favre et Jean-Marie Gomas.<\/strong><\/span><\/p>\n<p><span style=\"color: #000000;\"><span style=\"text-decoration: underline;\"><strong>\u00a0<\/strong><strong>Vente des \u0153ufs de P\u00e2ques<\/strong><\/span> au profit des \u0153uvres dioc\u00e9saines, au prix de 0,75 euros.<\/span><\/p>\n<p><span style=\"color: #000000;\"><strong><span style=\"text-decoration: underline;\">Association dioc\u00e9saine ordinaire :<\/span><em><br \/>Sa<\/em><\/strong><strong>medi 16 mars<\/strong>, 150 acteurs pastoraux, r\u00e9unis autour de notre \u00e9v\u00eaque, \u00e0 l\u2019occasion de l\u2019Assembl\u00e9e dioc\u00e9saine ordinaire, se sont exprim\u00e9s autour des diff\u00e9rents chantiers voulus par notre \u00e9v\u00eaque dans le cadre de la\u00a0<a style=\"color: #000000;\" href=\"https:\/\/www.catholique-nancy.fr\/conversion-missionnaire\/\">d\u00e9marche de conversion missionnaire de notre dioc\u00e8se sous l\u2019action de l\u2019Esprit Saint<\/a>. Pour d\u00e9couvrir les r\u00e9sultats de la consultation lanc\u00e9e en janvier dernier <a style=\"color: #000000;\" href=\"https:\/\/www.catholique-nancy.fr\/accueil\/65049-retour-sur-lassemblee-diocesaine-ordinaire\/\">suivre ce lien\u00a0<\/a>:<\/span><\/p>\n<p><span style=\"color: #000000;\"><span style=\"text-decoration: underline;\"><strong>Le vendredi 5 avril 2024 \u00e0 20h<\/strong><\/span>. \u00ab Avec sainte Th\u00e9r\u00e8se de Lisieux, comment nous ouvrir \u00e0 l\u2019amour de Dieu ? \u00bb C\u2019est le th\u00e8me de la conf\u00e9rence qui sera donn\u00e9e par Denis-Marie Ghesqui\u00e8res, fr\u00e8re carme, au\u00a0<a style=\"color: #000000;\" href=\"https:\/\/www.catholique-nancy.fr\/sites\/centre-spirituel-diocesain\/\">Centre spirituel dioc\u00e9sain<\/a>. Entr\u00e9e libre<em>.<\/em><\/span><\/p>\n<p><span style=\"color: #000000;\"><span style=\"text-decoration: underline;\">Un concert<\/span> organis\u00e9 au profit du projet de solidarit\u00e9 \u00ab Amiti\u00e9 Nancy-Gitega \u00bb aura lieu\u00a0<strong>le dimanche 7 avril 2024 \u00e0 15h30<\/strong> en l\u2019\u00e9glise Saint-Laurent \u00e0 Azerailles.<\/span><br \/><span style=\"color: #000000;\">Chants religieux et folkloriques interpr\u00e9t\u00e9s par des pr\u00eatres et religieuses du Burundi en mission dans notre dioc\u00e8se, pr\u00e9sentation du Burundi. Ventes d\u2019articles du Burundi et de g\u00e2teaux.<\/span><\/p>\n<p><span style=\"color: #000000;\"><span style=\"text-decoration: underline;\"><strong>\u00a0<\/strong><strong>C\u00e9l\u00e9brations de la Semaine Sainte :<br \/><\/strong><\/span><strong>Jeudi Saint, 28 mars<\/strong>\u00a0: Neuves-Maisons \u00e0 18h30, suivi d\u2019un temps d\u2019adoration.<\/span><br \/><span style=\"color: #000000;\"><strong>Vendredi Saint, 29 mars<\/strong>\u00a0: chemins de croix, 15h00 \u00a0Neuves-Maisons et 16h00 Bainville <em>(C. Parisot)<br \/><\/em>\u00a0 \u00a0 \u00a0 \u00a0 \u00a0 \u00a0 \u00a0 \u00a0 \u00a0 \u00a0 \u00a0 \u00a0 \u00a0 \u00a0 \u00a0 \u00a0 \u00a0 \u00a0 \u00a0 \u00a0 \u00a0Office de la croix \u00e0 18h30 \u00e0 Neuves-Maisons.<\/span><br \/><span style=\"color: #000000;\"><strong>Samedi Saint, 30 mars<\/strong>\u00a0: 9h00, office des Laudes \u00e0 Neuves-Maisons, chapelle.<\/span><br \/><span style=\"color: #000000;\"><strong>Samedi Saint, 30 mars<\/strong>\u00a0: 21h00<strong>, Vigile de P\u00e2ques <\/strong>\u00e0 Neuves-Maisons.<\/span><br \/><span style=\"color: #000000;\"><strong>Dimanche 31 mars, Saint jour de P\u00e2ques\u00a0: <\/strong>10h00 \u00e0 Viterne et 10h30 \u00e0 Neuves-Maisons.<\/span><\/p>\n<p><span style=\"color: #000000;\"><u><strong>Permanences \u00e0 la maison paroissiale<\/strong> :<\/u> <\/span><br \/><span style=\"color: #000000;\">Mardi de 14h \u00e0 16h30 et Samedi de 9h30 \u00e0 11h30<\/span><br \/><span style=\"color: #000000;\">tel : 03 83 47 25 54 \u2013 <em><strong>adresse mail<\/strong><\/em><strong> : <\/strong><a style=\"color: #000000;\" href=\"mailto:visitationmm@orange.fr\">visitationmm@orange.fr<\/a>\u00a0 <\/span><br \/><span style=\"color: #000000;\">Horaires des messes :\u00a0 <a style=\"color: #000000;\" href=\"https:\/\/messes.info\/\">messesinfo<\/a><em> (cliquer sur le lien)<\/em><\/span><\/p>\n","protected":false},"excerpt":{"rendered":"<p>Samedi 30 mars, Vigile Pascale, en l\u2019\u00e9glise de Neuves-Maisons, bapt\u00eames de Lucile et de Daniel Dimanche 31 mars, bapt\u00eame de Tym\u00e9o en l\u2019\u00e9glise de Viterne. R\u00e9jouissons-nous et por tons-les dans nos pri\u00e8res ! Une c\u00e9l\u00e9bration p\u00e9nitentielle est propos\u00e9e lundi 25 mars \u00e0 14h00 \u00e0 l\u2019\u00e9glise de Neuves-Maisons.\u00a0Si nous laissons monter de nos c\u0153urs ce d\u00e9sir&hellip; <br \/> <a class=\"read-more\" href=\"https:\/\/paroisses-nancy-sud.fr\/HOME\/annonces-de-la-visitation-du-24-mars\/\">Lire la suite<\/a><\/p>\n","protected":false},"author":5,"featured_media":472,"comment_status":"closed","ping_status":"open","sticky":false,"template":"","format":"standard","meta":[],"categories":[10],"tags":[],"acf":[],"_links":{"self":[{"href":"https:\/\/paroisses-nancy-sud.fr\/HOME\/wp-json\/wp\/v2\/posts\/3728"}],"collection":[{"href":"https:\/\/paroisses-nancy-sud.fr\/HOME\/wp-json\/wp\/v2\/posts"}],"about":[{"href":"https:\/\/paroisses-nancy-sud.fr\/HOME\/wp-json\/wp\/v2\/types\/post"}],"author":[{"embeddable":true,"href":"https:\/\/paroisses-nancy-sud.fr\/HOME\/wp-json\/wp\/v2\/users\/5"}],"replies":[{"embeddable":true,"href":"https:\/\/paroisses-nancy-sud.fr\/HOME\/wp-json\/wp\/v2\/comments?post=3728"}],"version-history":[{"count":2,"href":"https:\/\/paroisses-nancy-sud.fr\/HOME\/wp-json\/wp\/v2\/posts\/3728\/revisions"}],"predecessor-version":[{"id":3730,"href":"https:\/\/paroisses-nancy-sud.fr\/HOME\/wp-json\/wp\/v2\/posts\/3728\/revisions\/3730"}],"wp:featuredmedia":[{"embeddable":true,"href":"https:\/\/paroisses-nancy-sud.fr\/HOME\/wp-json\/wp\/v2\/media\/472"}],"wp:attachment":[{"href":"https:\/\/paroisses-nancy-sud.fr\/HOME\/wp-json\/wp\/v2\/media?parent=3728"}],"wp:term":[{"taxonomy":"category","embeddable":true,"href":"https:\/\/paroisses-nancy-sud.fr\/HOME\/wp-json\/wp\/v2\/categories?post=3728"},{"taxonomy":"post_tag","embeddable":true,"href":"https:\/\/paroisses-nancy-sud.fr\/HOME\/wp-json\/wp\/v2\/tags?post=3728"}],"curies":[{"name":"wp","href":"https:\/\/api.w.org\/{rel}","templated":true}]}}