{"id":3731,"date":"2024-03-23T20:16:44","date_gmt":"2024-03-23T19:16:44","guid":{"rendered":"https:\/\/paroisses-nancy-sud.fr\/HOME\/?p=3731"},"modified":"2024-03-23T20:16:44","modified_gmt":"2024-03-23T19:16:44","slug":"p-comme-rameaux","status":"publish","type":"post","link":"https:\/\/paroisses-nancy-sud.fr\/HOME\/p-comme-rameaux\/","title":{"rendered":"<strong>P comme Rameaux<\/strong>"},"content":{"rendered":"\n<p><span style=\"color: #000000;\"><em>\u00ab\u00a0Vous savez, mon p\u00e8re, on est tr\u00e8s pratiquants. On va \u00e0 l&rsquo;\u00e9glise presque chaque ann\u00e9e pour P\u00e2ques.<\/em><\/span><\/p>\n<p><span style=\"color: #000000;\"><em>_ Pour P\u00e2ques\u00a0?<\/em><\/span><\/p>\n<p><span style=\"color: #000000;\"><em>_ Oui, vous savez bien\u00a0: le truc avec le buis et l&rsquo;eau b\u00e9nite.\u00a0\u00bb<\/em><\/span><\/p>\n<p><span style=\"color: #000000;\">Pour rappel\u00a0: P\u00e2ques, la plus importante f\u00eate chr\u00e9tienne, se c\u00e9l\u00e8bre le dimanche qui suit les Rameaux. En un sens, le dimanche des Rameaux est \u00e0 la c\u00e9l\u00e9bration de P\u00e2ques ce que la lettre P est au mot \u00ab\u00a0P\u00e2ques\u00a0\u00bb\u00a0: un bon d\u00e9but, mais quel dommage de s&rsquo;arr\u00eater l\u00e0\u00a0!<\/span><\/p>\n<p><span style=\"color: #000000;\"><u>Le dimanche des Rameaux<\/u> ouvre la Semaine Sainte o\u00f9 les chr\u00e9tiens revivent et c\u00e9l\u00e8brent le c\u0153ur de leur foi\u00a0: la passion et la r\u00e9surrection du Seigneur J\u00e9sus. <u>Le lundi saint<\/u> et <u>le mardi saint<\/u>, le Seigneur annonce qu&rsquo;il va bient\u00f4t \u00eatre tu\u00e9 et enseveli, et \u00e9galement que ses disciples vont le trahir, le renier et l&rsquo;abandonner. <u>Le mercredi saint<\/u>, Judas promet de livrer J\u00e9sus \u00e0 ses ennemis en \u00e9change d&rsquo;argent.<\/span><\/p>\n<p><span style=\"color: #000000;\"><u>Le jeudi saint<\/u>, nous faisons m\u00e9moire du dernier repas du Seigneur avec ses disciples. \u00c0 genoux devant eux, il leur lave les pieds et leur donne un mod\u00e8le \u00e0 suivre dans l&rsquo;avenir. Avec eux, et pour eux, il c\u00e9l\u00e8bre la premi\u00e8re messe qui annonce par avance sa mort et sa r\u00e9surrection. Enfin, il donne \u00e0 ses ap\u00f4tres la mission et le pouvoir de faire cela en m\u00e9moire de lui jusqu&rsquo;\u00e0 la fin des temps. Le Seigneur J\u00e9sus nous promet que tout ne s&rsquo;arr\u00eatera pas avec sa mort\u00a0; nous pouvons donc poursuivre avec confiance.<\/span><\/p>\n<p><span style=\"color: #000000;\"><u>Le vendredi saint<\/u>, est un jour triste\u00a0: nous accompagnons le Seigneur J\u00e9sus dans sa passion. Jug\u00e9, humili\u00e9, tortur\u00e9, abandonn\u00e9 de tous et ex\u00e9cut\u00e9, il continue de b\u00e9nir et de pardonner. C&rsquo;est un jour triste, mais aussi plein d&rsquo;esp\u00e9rance\u00a0: voil\u00e0 jusqu&rsquo;o\u00f9 Dieu aime les hommes et les femmes. <u>Le samedi saint<\/u>, tout se tait\u00a0: J\u00e9sus est mort et enseveli. L&rsquo;\u00c9glise, aupr\u00e8s de Marie, attend dans le silence et la confiance que vienne le matin de la r\u00e9surrection.<\/span><\/p>\n<p><span style=\"color: #000000;\">Le dimanche des Rameaux n&rsquo;est que le d\u00e9but. Il est m\u00eame la face obscure de P\u00e2ques. Aujourd&rsquo;hui, nous accueillons J\u00e9sus \u00e0 J\u00e9rusalem et nous le suivons dans sa d\u00e9ch\u00e9ance, jusqu&rsquo;\u00e0 sa mort en croix. <em>Alors Joseph descendit J\u00e9sus de la croix, l\u2019enveloppa dans le linceul et le d\u00e9posa dans un tombeau, puis il roula une pierre contre l\u2019entr\u00e9e du tombeau&#8230; <\/em>mais tout ne s&rsquo;arr\u00eate pas l\u00e0\u00a0: ce Messie crucifi\u00e9, ce supplici\u00e9 enseveli derri\u00e8re la lourde pierre du tombeau n&rsquo;est pas le dernier mot de Dieu.<\/span><\/p>\n<p><span style=\"color: #000000;\">Chr\u00e9tien des Rameaux, ne t&rsquo;arr\u00eate pas l\u00e0\u00a0: deviens un chr\u00e9tien de P\u00e2ques.<\/span><\/p>\n<p style=\"text-align: right;\"><span style=\"color: #000000;\"><em>Alexandre-Marie Valder, pr\u00eatre.<\/em><\/span><\/p>\n","protected":false},"excerpt":{"rendered":"<p>\u00ab\u00a0Vous savez, mon p\u00e8re, on est tr\u00e8s pratiquants. On va \u00e0 l&rsquo;\u00e9glise presque chaque ann\u00e9e pour P\u00e2ques. _ Pour P\u00e2ques\u00a0? _ Oui, vous savez bien\u00a0: le truc avec le buis et l&rsquo;eau b\u00e9nite.\u00a0\u00bb Pour rappel\u00a0: P\u00e2ques, la plus importante f\u00eate chr\u00e9tienne, se c\u00e9l\u00e8bre le dimanche qui suit les Rameaux. En un sens, le dimanche des&hellip; <br \/> <a class=\"read-more\" href=\"https:\/\/paroisses-nancy-sud.fr\/HOME\/p-comme-rameaux\/\">Lire la suite<\/a><\/p>\n","protected":false},"author":5,"featured_media":529,"comment_status":"closed","ping_status":"open","sticky":false,"template":"","format":"standard","meta":[],"categories":[6],"tags":[],"acf":[],"_links":{"self":[{"href":"https:\/\/paroisses-nancy-sud.fr\/HOME\/wp-json\/wp\/v2\/posts\/3731"}],"collection":[{"href":"https:\/\/paroisses-nancy-sud.fr\/HOME\/wp-json\/wp\/v2\/posts"}],"about":[{"href":"https:\/\/paroisses-nancy-sud.fr\/HOME\/wp-json\/wp\/v2\/types\/post"}],"author":[{"embeddable":true,"href":"https:\/\/paroisses-nancy-sud.fr\/HOME\/wp-json\/wp\/v2\/users\/5"}],"replies":[{"embeddable":true,"href":"https:\/\/paroisses-nancy-sud.fr\/HOME\/wp-json\/wp\/v2\/comments?post=3731"}],"version-history":[{"count":1,"href":"https:\/\/paroisses-nancy-sud.fr\/HOME\/wp-json\/wp\/v2\/posts\/3731\/revisions"}],"predecessor-version":[{"id":3732,"href":"https:\/\/paroisses-nancy-sud.fr\/HOME\/wp-json\/wp\/v2\/posts\/3731\/revisions\/3732"}],"wp:featuredmedia":[{"embeddable":true,"href":"https:\/\/paroisses-nancy-sud.fr\/HOME\/wp-json\/wp\/v2\/media\/529"}],"wp:attachment":[{"href":"https:\/\/paroisses-nancy-sud.fr\/HOME\/wp-json\/wp\/v2\/media?parent=3731"}],"wp:term":[{"taxonomy":"category","embeddable":true,"href":"https:\/\/paroisses-nancy-sud.fr\/HOME\/wp-json\/wp\/v2\/categories?post=3731"},{"taxonomy":"post_tag","embeddable":true,"href":"https:\/\/paroisses-nancy-sud.fr\/HOME\/wp-json\/wp\/v2\/tags?post=3731"}],"curies":[{"name":"wp","href":"https:\/\/api.w.org\/{rel}","templated":true}]}}